{"id":10519,"date":"2026-01-03T20:26:38","date_gmt":"2026-01-03T19:26:38","guid":{"rendered":"https:\/\/parafiasmardzewo.pl\/?p=10519"},"modified":"2026-01-04T13:38:44","modified_gmt":"2026-01-04T12:38:44","slug":"msze-swiete-od-5-11-stycznia-2026","status":"publish","type":"post","link":"https:\/\/parafiasmardzewo.pl\/?p=10519","title":{"rendered":"Msze \u015awi\u0119te od 5 &#8211; 11 stycznia 2026"},"content":{"rendered":"<p><strong>Msze \u015awi\u0119te od\u00a0 5\u00a0 \u2013 \u00a011 I\u00a0 2026 roku<\/strong><\/p>\n<p><strong>Poniedzia\u0142ek<\/strong><\/p>\n<p><strong>godz. 16.00 <\/strong>+ Maria Ferska &#8211; gregorianka<strong> ;\u00a0 <\/strong>2)\u00a0 + Janusz \u015awiderski \u2013 int. p.<\/p>\n<p><strong>Wtorek<\/strong><\/p>\n<p><strong>godz. 9.00 <\/strong>+ gregorianka; 2) + Halina i Eugeniusz Jastrz\u0119bscy<\/p>\n<p>godz. 10.45 + Jan Sta\u0144czak &#8211; rocznica \u015bmierci (11); 2) + Danuta i Barbara Porkuszewskie<\/p>\n<p><strong>\u015aroda<\/strong><\/p>\n<p><strong>godz. 16.00 + <\/strong>gregorianka; + Tadeusz Marciszewski int. p.<\/p>\n<p><strong>Czwartek\u00a0\u00a0\u00a0\u00a0\u00a0\u00a0\u00a0\u00a0\u00a0\u00a0\u00a0\u00a0\u00a0\u00a0\u00a0\u00a0\u00a0\u00a0\u00a0\u00a0\u00a0\u00a0\u00a0\u00a0\u00a0\u00a0\u00a0\u00a0\u00a0\u00a0\u00a0\u00a0\u00a0\u00a0\u00a0\u00a0\u00a0\u00a0\u00a0\u00a0\u00a0\u00a0\u00a0\u00a0\u00a0\u00a0\u00a0\u00a0\u00a0\u00a0\u00a0\u00a0\u00a0\u00a0\u00a0\u00a0\u00a0\u00a0\u00a0\u00a0\u00a0\u00a0\u00a0\u00a0\u00a0\u00a0\u00a0\u00a0\u00a0\u00a0\u00a0\u00a0\u00a0\u00a0\u00a0\u00a0\u00a0\u00a0\u00a0\u00a0\u00a0\u00a0\u00a0\u00a0\u00a0\u00a0\u00a0\u00a0\u00a0\u00a0\u00a0\u00a0\u00a0\u00a0\u00a0\u00a0\u00a0\u00a0\u00a0\u00a0\u00a0\u00a0\u00a0\u00a0\u00a0\u00a0\u00a0\u00a0\u00a0\u00a0\u00a0\u00a0\u00a0\u00a0\u00a0\u00a0\u00a0\u00a0\u00a0\u00a0\u00a0\u00a0\u00a0\u00a0\u00a0\u00a0\u00a0\u00a0\u00a0\u00a0\u00a0\u00a0\u00a0\u00a0\u00a0\u00a0\u00a0\u00a0\u00a0\u00a0\u00a0\u00a0\u00a0\u00a0\u00a0\u00a0\u00a0\u00a0\u00a0\u00a0\u00a0\u00a0\u00a0\u00a0\u00a0\u00a0\u00a0\u00a0\u00a0 <\/strong><\/p>\n<p><strong>godz. 16.00<\/strong> + \u00a0gregorianka<\/p>\n<p><strong>Pi\u0105tek<\/strong><\/p>\n<p><strong>godz. 16.00 +<\/strong> gregorianka<\/p>\n<p><strong>Sobota\u00a0\u00a0\u00a0\u00a0\u00a0 <\/strong><strong>\u00a0\u00a0\u00a0\u00a0\u00a0\u00a0\u00a0\u00a0\u00a0\u00a0\u00a0\u00a0\u00a0\u00a0\u00a0\u00a0\u00a0\u00a0\u00a0\u00a0\u00a0\u00a0\u00a0\u00a0\u00a0\u00a0\u00a0\u00a0\u00a0\u00a0\u00a0\u00a0\u00a0\u00a0\u00a0\u00a0\u00a0\u00a0\u00a0\u00a0\u00a0\u00a0\u00a0\u00a0\u00a0\u00a0\u00a0\u00a0\u00a0\u00a0\u00a0\u00a0\u00a0\u00a0\u00a0\u00a0\u00a0\u00a0\u00a0\u00a0\u00a0\u00a0\u00a0\u00a0\u00a0\u00a0\u00a0\u00a0\u00a0\u00a0\u00a0\u00a0\u00a0\u00a0\u00a0\u00a0\u00a0\u00a0\u00a0\u00a0\u00a0\u00a0\u00a0\u00a0\u00a0\u00a0\u00a0\u00a0\u00a0\u00a0\u00a0\u00a0\u00a0\u00a0\u00a0\u00a0\u00a0\u00a0\u00a0\u00a0\u00a0\u00a0\u00a0\u00a0\u00a0\u00a0\u00a0\u00a0\u00a0\u00a0\u00a0\u00a0\u00a0\u00a0\u00a0\u00a0\u00a0\u00a0\u00a0\u00a0\u00a0\u00a0\u00a0\u00a0\u00a0\u00a0\u00a0\u00a0\u00a0\u00a0\u00a0\u00a0\u00a0\u00a0\u00a0\u00a0\u00a0\u00a0\u00a0\u00a0\u00a0\u00a0\u00a0\u00a0\u00a0\u00a0\u00a0\u00a0\u00a0\u00a0\u00a0\u00a0\u00a0<\/strong><\/p>\n<p><strong>godz. 7.30 + <\/strong>gregorianka<\/p>\n<p><strong>godz. 16.00<\/strong> + Piotr Dziedzic \u2013 rocznica \u015bmierci (8)<\/p>\n<p><strong>Niedziela <\/strong><\/p>\n<p><strong>godz. 9.00\u00a0 + <\/strong>\u00a0Stanis\u0142aw \u2013 rocznica \u015bmierci (13) i Hanna Miecznikowscy; 2) + gregorianka<\/p>\n<p><strong>godz. 10.45 <\/strong>Dzi\u0119kczynna i o Bo\u017ce b\u0142ogos\u0142awie\u0144stwo dla Kacpra Smoli\u0144skiego w 18. rocznic\u0119 urodzin oraz pomy\u015blny wynik egzaminu i o potrzebne \u0142aski, a szczeg\u00f3lnie o zdrowie dla ca\u0142ej rodziny;\u00a0 \u00a0 \u00a0 \u00a0 \u00a0 \u00a0 \u00a0 \u00a0 \u00a0 \u00a0 \u00a0 \u00a0 \u00a0 \u00a0 \u00a0 \u00a0 \u00a0 \u00a0 \u00a0 \u00a0 \u00a0 \u00a0 \u00a0 2) + Zbigniew &#8211; rocznica \u015bmierci (7) Dusi\u0144ski\u00a0 i Barbara<\/p>\n<p><strong>\u00a0<\/strong><\/p>\n","protected":false},"excerpt":{"rendered":"<p>Msze \u015awi\u0119te od\u00a0 5\u00a0 \u2013 \u00a011 I\u00a0 2026 roku Poniedzia\u0142ek godz. 16.00 + Maria Ferska &#8211; gregorianka ;\u00a0 2)\u00a0 + Janusz \u015awiderski \u2013 int. p. Wtorek godz. 9.00 + gregorianka; 2) + Halina i Eugeniusz Jastrz\u0119bscy godz. 10.45 + Jan Sta\u0144czak &#8211; rocznica \u015bmierci (11); 2) + Danuta i Barbara Porkuszewskie \u015aroda godz. 16.00 + &hellip; <\/p>\n<p><a class=\"more-link btn\" href=\"https:\/\/parafiasmardzewo.pl\/?p=10519\">Kontynuuj czytanie<\/a><\/p>\n","protected":false},"author":2,"featured_media":9868,"comment_status":"open","ping_status":"open","sticky":false,"template":"","format":"standard","meta":[],"categories":[5],"tags":[],"_links":{"self":[{"href":"https:\/\/parafiasmardzewo.pl\/index.php?rest_route=\/wp\/v2\/posts\/10519"}],"collection":[{"href":"https:\/\/parafiasmardzewo.pl\/index.php?rest_route=\/wp\/v2\/posts"}],"about":[{"href":"https:\/\/parafiasmardzewo.pl\/index.php?rest_route=\/wp\/v2\/types\/post"}],"author":[{"embeddable":true,"href":"https:\/\/parafiasmardzewo.pl\/index.php?rest_route=\/wp\/v2\/users\/2"}],"replies":[{"embeddable":true,"href":"https:\/\/parafiasmardzewo.pl\/index.php?rest_route=%2Fwp%2Fv2%2Fcomments&post=10519"}],"version-history":[{"count":4,"href":"https:\/\/parafiasmardzewo.pl\/index.php?rest_route=\/wp\/v2\/posts\/10519\/revisions"}],"predecessor-version":[{"id":10524,"href":"https:\/\/parafiasmardzewo.pl\/index.php?rest_route=\/wp\/v2\/posts\/10519\/revisions\/10524"}],"wp:featuredmedia":[{"embeddable":true,"href":"https:\/\/parafiasmardzewo.pl\/index.php?rest_route=\/wp\/v2\/media\/9868"}],"wp:attachment":[{"href":"https:\/\/parafiasmardzewo.pl\/index.php?rest_route=%2Fwp%2Fv2%2Fmedia&parent=10519"}],"wp:term":[{"taxonomy":"category","embeddable":true,"href":"https:\/\/parafiasmardzewo.pl\/index.php?rest_route=%2Fwp%2Fv2%2Fcategories&post=10519"},{"taxonomy":"post_tag","embeddable":true,"href":"https:\/\/parafiasmardzewo.pl\/index.php?rest_route=%2Fwp%2Fv2%2Ftags&post=10519"}],"curies":[{"name":"wp","href":"https:\/\/api.w.org\/{rel}","templated":true}]}}