{"id":10525,"date":"2026-01-05T21:20:12","date_gmt":"2026-01-05T20:20:12","guid":{"rendered":"https:\/\/parafiasmardzewo.pl\/?p=10525"},"modified":"2026-01-05T21:20:12","modified_gmt":"2026-01-05T20:20:12","slug":"objawienie-panskie-6-stycznia-2026","status":"publish","type":"post","link":"https:\/\/parafiasmardzewo.pl\/?p=10525","title":{"rendered":"OBJAWIENIE PA\u0143SKIE &#8211; 6 stycznia 2026"},"content":{"rendered":"<p><strong>OG\u0141OSZENIA DUSZPASTERSKIE<\/strong><\/p>\n<ol>\n<li>Uroczysto\u015b\u0107 Objawienia Pa\u0144skiego, u nas tradycyjnie nazywan\u0105 \u015bwi\u0119tem Trzech Kr\u00f3li, obchodzimy w Ko\u015bciele ju\u017c od IV wieku. G\u0142osi ona, \u017ce Syn Bo\u017cy pos\u0142any przez Ojca na \u015bwiat objawi\u0142 si\u0119 ludziom jako Zbawiciel ca\u0142ego stworzenia. Ho\u0142d, jaki sk\u0142adaj\u0105 Mu M\u0119drcy ze Wschodu, jest znakiem, \u017ce Chrystus przyni\u00f3s\u0142 zbawienie ca\u0142emu \u015bwiatu. To kolejna, wyj\u0105tkowa okazja do przyjrzenia si\u0119 w\u0142asnej komunii z Bogiem i innymi, do przypomnienia sobie naszego chrze\u015bcija\u0144skiego obowi\u0105zku, i\u017c osobistym przyk\u0142adem autentycznej wiary mamy poci\u0105ga\u0107 innych do Pana Boga.<\/li>\n<li>Podczas Mszy \u015awi\u0119tej pob\u0142ogos\u0142awili\u015bmy kred\u0119 i kadzid\u0142o. T\u0105 w\u0142a\u015bnie kred\u0105, zgodnie z\u00a0pradawnym zwyczajem, kre\u015blimy na drzwiach naszych dom\u00f3w i mieszka\u0144 pierwsze litery imion Trzech M\u0119drc\u00f3w: Kacpra, Melchiora i Baltazara. Pragniemy przez to podkre\u015bli\u0107, \u017ce jak M\u0119drcy ze Wschodu, tak i my szukamy Chrystusa i radujemy si\u0119 z Jego odnalezienia. Napis (C + M + B 2025) oznacza r\u00f3wnie\u017c pro\u015bb\u0119, aby Chrystus b\u0142ogos\u0142awi\u0142 nasz dom: \u201eChristus mansionem benedicat\u201d i stanowi \u015bwiadectwo naszej wiary wobec innych. Nie rezygnujmy wi\u0119c z tego pi\u0119knego polskiego zwyczaju.<\/li>\n<li>Dzi\u015b przypada Dzie\u0144 Pomocy Misjom i Misyjny Dzie\u0144 Dzieci. Szczeg\u00f3ln\u0105 modlitw\u0105 otaczamy misjonarzy i misjonarki, modlimy si\u0119 o liczne i \u015bwi\u0119te powo\u0142ania kap\u0142a\u0144skie i\u00a0misyjne, tak\u017ce z naszej parafii, aby dobra nowina o zbawieniu przyniesiona przez Pana Jezusa \u2013 Wcielone S\u0142owo Bo\u017ce \u2013 skutecznie dotar\u0142a na wszystkie kra\u0144ce \u015bwiata. Zebrane dzisiaj ofiary przeznaczone s\u0105 na Krajowy Fundusz Misyjny.<\/li>\n<li>Dzisiaj, po Mszy \u015awi\u0119tej o godz. 10.45, dzieci ze Szko\u0142y Podstawowej im. Powsta\u0144c\u00f3w Styczniowych 1863 r. w Smardzewie przedstawi\u0105 jase\u0142ka. Program przygotowa\u0142y panie nauczycielki z naszej szko\u0142y: Ma\u0142gorzata Marchel, Kamila Wypyszy\u0144ska i od strony muzycznej Iwona Kowalska. Bardzo serdecznie dzi\u0119kuj\u0119 paniom i dzieciom za trud przygotowania tego programu. B\u0105d\u017amy wyrozumiali dla m\u0142odych artyst\u00f3w.<\/li>\n<li>W dzisiejsz\u0105 uroczysto\u015b\u0107 w ca\u0142ym Ko\u015bciele katolickim ko\u0144czy si\u0119 Rok Jubileuszowy 2025. Czy skorzystali\u015bmy z \u0142aski, kt\u00f3r\u0105 ten \u015bwi\u0119ty czas nam przyni\u00f3s\u0142?<\/li>\n<li>W przysz\u0142\u0105 niedziel\u0119, 11 stycznia, przypada \u015bwi\u0119to Chrztu Pa\u0144skiego. Niedziela ta ko\u0144czy liturgiczny okres Narodzenia Pa\u0144skiego. B\u0119dziemy celebrowa\u0107 pami\u0105tk\u0119 publicznego og\u0142oszenia mesja\u0144skiej misji Pana Jezusa. Zastanowimy si\u0119 te\u017c nad w\u0142asnym chrztem i\u00a0powo\u0142aniem do zbawienia. Mo\u017ce warto przypomnie\u0107 sobie dat\u0119 i miejsce naszego chrztu. Mo\u017ce warto zda\u0107 sobie spraw\u0119, \u017ce przez w\u0142asny chrzest sta\u0142em si\u0119 dzieckiem Bo\u017cym, \u017ce przez chrzest \u015bwi\u0119ty rozpocz\u0119\u0142a si\u0119 moja komunia z Panem Bogiem, o kt\u00f3rej mam \u015bwiadczy\u0107 w\u0142asnym \u017cyciem wobec innych.<\/li>\n<li>W naszej parafii trwaj\u0105 odwiedziny duszpasterskie \u2013 kol\u0119da. Prze\u017cyjmy je w duchu bo\u017conarodzeniowej rado\u015bci, w duchu modlitwy i serdecznej rozmowy z duszpasterzem. Plan kol\u0119dy na nadchodz\u0105cy tydzie\u0144 jest nast\u0119puj\u0105cy:. : <strong>poniedzia\u0142ek, wtorek i \u015broda<\/strong>\u00a0 bez kol\u0119dy; <strong>czwartek<\/strong> \u2013 Wierzb\u00f3wiec od godz. 9.30; <strong>pi\u0105tek<\/strong> \u2013\u00a0 S\u0142oszewo Kolonia od godz. 11.00; <strong>sobota<\/strong> &#8211; \u0106wiklinek od\u00a0 9.30.<\/li>\n<li>Program kol\u0119dy jest wywieszony w\u00a0gablocie parafialnej i na stronie internetowej naszej parafii..<\/li>\n<\/ol>\n<p>&nbsp;<\/p>\n<p><strong>\u00a0<\/strong><\/p>\n","protected":false},"excerpt":{"rendered":"<p>OG\u0141OSZENIA DUSZPASTERSKIE Uroczysto\u015b\u0107 Objawienia Pa\u0144skiego, u nas tradycyjnie nazywan\u0105 \u015bwi\u0119tem Trzech Kr\u00f3li, obchodzimy w Ko\u015bciele ju\u017c od IV wieku. G\u0142osi ona, \u017ce Syn Bo\u017cy pos\u0142any przez Ojca na \u015bwiat objawi\u0142 si\u0119 ludziom jako Zbawiciel ca\u0142ego stworzenia. Ho\u0142d, jaki sk\u0142adaj\u0105 Mu M\u0119drcy ze Wschodu, jest znakiem, \u017ce Chrystus przyni\u00f3s\u0142 zbawienie ca\u0142emu \u015bwiatu. To kolejna, wyj\u0105tkowa okazja &hellip; <\/p>\n<p><a class=\"more-link btn\" href=\"https:\/\/parafiasmardzewo.pl\/?p=10525\">Kontynuuj czytanie<\/a><\/p>\n","protected":false},"author":2,"featured_media":10404,"comment_status":"open","ping_status":"open","sticky":false,"template":"","format":"standard","meta":[],"categories":[2],"tags":[],"_links":{"self":[{"href":"https:\/\/parafiasmardzewo.pl\/index.php?rest_route=\/wp\/v2\/posts\/10525"}],"collection":[{"href":"https:\/\/parafiasmardzewo.pl\/index.php?rest_route=\/wp\/v2\/posts"}],"about":[{"href":"https:\/\/parafiasmardzewo.pl\/index.php?rest_route=\/wp\/v2\/types\/post"}],"author":[{"embeddable":true,"href":"https:\/\/parafiasmardzewo.pl\/index.php?rest_route=\/wp\/v2\/users\/2"}],"replies":[{"embeddable":true,"href":"https:\/\/parafiasmardzewo.pl\/index.php?rest_route=%2Fwp%2Fv2%2Fcomments&post=10525"}],"version-history":[{"count":1,"href":"https:\/\/parafiasmardzewo.pl\/index.php?rest_route=\/wp\/v2\/posts\/10525\/revisions"}],"predecessor-version":[{"id":10526,"href":"https:\/\/parafiasmardzewo.pl\/index.php?rest_route=\/wp\/v2\/posts\/10525\/revisions\/10526"}],"wp:featuredmedia":[{"embeddable":true,"href":"https:\/\/parafiasmardzewo.pl\/index.php?rest_route=\/wp\/v2\/media\/10404"}],"wp:attachment":[{"href":"https:\/\/parafiasmardzewo.pl\/index.php?rest_route=%2Fwp%2Fv2%2Fmedia&parent=10525"}],"wp:term":[{"taxonomy":"category","embeddable":true,"href":"https:\/\/parafiasmardzewo.pl\/index.php?rest_route=%2Fwp%2Fv2%2Fcategories&post=10525"},{"taxonomy":"post_tag","embeddable":true,"href":"https:\/\/parafiasmardzewo.pl\/index.php?rest_route=%2Fwp%2Fv2%2Ftags&post=10525"}],"curies":[{"name":"wp","href":"https:\/\/api.w.org\/{rel}","templated":true}]}}