{"id":10605,"date":"2026-01-10T22:59:03","date_gmt":"2026-01-10T21:59:03","guid":{"rendered":"https:\/\/parafiasmardzewo.pl\/?p=10605"},"modified":"2026-01-11T06:52:44","modified_gmt":"2026-01-11T05:52:44","slug":"nidziela-chrztu-panskiego-11-stycznia-2025","status":"publish","type":"post","link":"https:\/\/parafiasmardzewo.pl\/?p=10605","title":{"rendered":"NIDZIELA CHRZTU PA\u0143SKIEGO  11 stycznia 2025"},"content":{"rendered":"<p><strong>OG\u0141OSZENIA DUSZPASTERSKIE<\/strong><\/p>\n<ol>\n<li>Wspomnienie wydarzenia nad Jordanem, gdzie Pan Jezus przyj\u0105\u0142 chrzest, a tak\u017ce gdzie B\u00f3g potwierdzi\u0142, \u017ce jest On Jego Synem, ko\u0144czy okres Narodzenia Pa\u0144skiego. Od jutra w\u00a0liturgii rozpoczyna si\u0119 tak zwany okres zwyk\u0142y \u2013 w ci\u0105gu roku. Jednak w naszej tradycji przed\u0142u\u017camy \u015bpiewanie kol\u0119d do 2 lutego, czyli do \u015bwi\u0119ta Ofiarowania Pa\u0144skiego, zwanego u\u00a0nas \u015bwi\u0119tem Matki Bo\u017cej Gromnicznej, kt\u00f3re bezpo\u015brednio wi\u0105\u017ce si\u0119 z Bo\u017cym Narodzeniem.<\/li>\n<li>Wspominaj\u0105c chrzest Pana Jezusa w Jordanie, my\u015blimy tak\u017ce o naszym chrzcie, kt\u00f3ry jest pocz\u0105tkiem i fundamentem naszego chrze\u015bcija\u0144skiego \u017cycia, czyli naszej przyja\u017ani, komunii z\u00a0Panem Bogiem. W tym sakramencie otrzymali\u015bmy godno\u015b\u0107 przybranego dziecka Bo\u017cego i\u00a0dar Bo\u017cej mi\u0142o\u015bci. Zostali\u015bmy te\u017c w\u0142\u0105czeni do wsp\u00f3lnoty Ko\u015bcio\u0142a.<\/li>\n<li>W pi\u0105tek, 16 stycznia, zapraszam na Msz\u0119 \u015awi\u0119t\u0105 o godz. 17.00 w intencji Ojczyzny.<\/li>\n<li>W sobot\u0119, 17 stycznia, obchodzimy Dzie\u0144 Judaizmu. Spr\u00f3bujmy tego dnia szczeg\u00f3lnie si\u0119gn\u0105\u0107 po Pismo \u015awi\u0119te, aby tam szuka\u0107 wsp\u00f3lnych korzeni naszej wiary i uczy\u0107 si\u0119 od Abrahama, jak bez reszty zaufa\u0107 Panu Bogu.<\/li>\n<li>Od przysz\u0142ej niedzieli, 18 stycznia, do kolejnej niedzieli, 25 stycznia, w Ko\u015bciele b\u0119dzie trwa\u0142 Tydzie\u0144 Powszechnej Modlitw o\u00a0Jedno\u015b\u0107 Chrze\u015bcijan. \u201ePowszechnej\u201d, gdy\u017c w tym samym czasie podejmuj\u0105 j\u0105 wszystkie Ko\u015bcio\u0142y chrze\u015bcija\u0144skie. Uczy\u0144my wszystko, co w\u00a0naszej mocy, aby ka\u017cdego dnia wype\u0142nia\u0107 polecenie Pana Jezusa, aby\u015bmy byli jedno.<\/li>\n<li>W naszej parafii trwaj\u0105 doroczne odwiedziny duszpasterskie, tak zwana kol\u0119da. Program kol\u0119dy jest nast\u0119puj\u0105cy:<strong> poniedzia\u0142ek<\/strong> \u2013 K\u0119pa, od godz. 9.30; <strong>wtorek <\/strong>\u2013 S\u0142oszewo, od godz. 9.30; <strong>czwartek<\/strong> \u2013 Koliszewo P\u00f3\u0142noc, od godz. 12.00;\u00a0 <strong>pi\u0105tek<\/strong> \u2013 Koliszewo Po\u0142udnie, od godz. 9.30; <strong>sobota<\/strong> \u2013 Smardzewo Sp\u00f3\u0142dzielnia, od godz. 9.30.<\/li>\n<li>Zach\u0119cam do nabycia prasy katolickiej.<\/li>\n<li>W tym tygodniu z naszej wsp\u00f3lnoty do wieczno\u015bci odszed\u0142 \u015bw. p. Ryszard Bie\u017cu\u0144ski, kt\u00f3ry prze\u017cy\u0142 93 lata. Od uczestnik\u00f3w pogrzebu b\u0119dzie odprawionych 7 Mszy \u015awi\u0119tych. Zmar\u0142ego parafianina pole\u0107my mi\u0142osierdziu Bo\u017cemu: <em>Dobry Jezu, a nasz Panie, daj im wieczne spoczywanie\u2026<\/em><\/li>\n<\/ol>\n<p><strong>\u00a0<\/strong><\/p>\n<p><strong>\u00a0<\/strong><\/p>\n<p><strong>\u00a0<\/strong><\/p>\n","protected":false},"excerpt":{"rendered":"<p>OG\u0141OSZENIA DUSZPASTERSKIE Wspomnienie wydarzenia nad Jordanem, gdzie Pan Jezus przyj\u0105\u0142 chrzest, a tak\u017ce gdzie B\u00f3g potwierdzi\u0142, \u017ce jest On Jego Synem, ko\u0144czy okres Narodzenia Pa\u0144skiego. Od jutra w\u00a0liturgii rozpoczyna si\u0119 tak zwany okres zwyk\u0142y \u2013 w ci\u0105gu roku. Jednak w naszej tradycji przed\u0142u\u017camy \u015bpiewanie kol\u0119d do 2 lutego, czyli do \u015bwi\u0119ta Ofiarowania Pa\u0144skiego, zwanego u\u00a0nas &hellip; <\/p>\n<p><a class=\"more-link btn\" href=\"https:\/\/parafiasmardzewo.pl\/?p=10605\">Kontynuuj czytanie<\/a><\/p>\n","protected":false},"author":2,"featured_media":5378,"comment_status":"open","ping_status":"open","sticky":false,"template":"","format":"standard","meta":[],"categories":[2],"tags":[],"_links":{"self":[{"href":"https:\/\/parafiasmardzewo.pl\/index.php?rest_route=\/wp\/v2\/posts\/10605"}],"collection":[{"href":"https:\/\/parafiasmardzewo.pl\/index.php?rest_route=\/wp\/v2\/posts"}],"about":[{"href":"https:\/\/parafiasmardzewo.pl\/index.php?rest_route=\/wp\/v2\/types\/post"}],"author":[{"embeddable":true,"href":"https:\/\/parafiasmardzewo.pl\/index.php?rest_route=\/wp\/v2\/users\/2"}],"replies":[{"embeddable":true,"href":"https:\/\/parafiasmardzewo.pl\/index.php?rest_route=%2Fwp%2Fv2%2Fcomments&post=10605"}],"version-history":[{"count":3,"href":"https:\/\/parafiasmardzewo.pl\/index.php?rest_route=\/wp\/v2\/posts\/10605\/revisions"}],"predecessor-version":[{"id":10609,"href":"https:\/\/parafiasmardzewo.pl\/index.php?rest_route=\/wp\/v2\/posts\/10605\/revisions\/10609"}],"wp:featuredmedia":[{"embeddable":true,"href":"https:\/\/parafiasmardzewo.pl\/index.php?rest_route=\/wp\/v2\/media\/5378"}],"wp:attachment":[{"href":"https:\/\/parafiasmardzewo.pl\/index.php?rest_route=%2Fwp%2Fv2%2Fmedia&parent=10605"}],"wp:term":[{"taxonomy":"category","embeddable":true,"href":"https:\/\/parafiasmardzewo.pl\/index.php?rest_route=%2Fwp%2Fv2%2Fcategories&post=10605"},{"taxonomy":"post_tag","embeddable":true,"href":"https:\/\/parafiasmardzewo.pl\/index.php?rest_route=%2Fwp%2Fv2%2Ftags&post=10605"}],"curies":[{"name":"wp","href":"https:\/\/api.w.org\/{rel}","templated":true}]}}