{"id":10610,"date":"2026-01-17T21:25:08","date_gmt":"2026-01-17T20:25:08","guid":{"rendered":"https:\/\/parafiasmardzewo.pl\/?p=10610"},"modified":"2026-01-17T21:26:16","modified_gmt":"2026-01-17T20:26:16","slug":"druga-niedziela-w-ciagu-roku-18-stycznia-2026","status":"publish","type":"post","link":"https:\/\/parafiasmardzewo.pl\/?p=10610","title":{"rendered":"DRUGA NIEDZIELA W CI\u0104GU ROKU &#8211; 18 stycznia 2026"},"content":{"rendered":"<p><strong>OG\u0141OSZENIA DUSZPASTERSKIE<\/strong><\/p>\n<ol>\n<li>W Ko\u015bciele trwa Tydzie\u0144 Powszechnej Modlitwy o Jedno\u015b\u0107 Chrze\u015bcijan. Pan Jezus domaga si\u0119 wzajemnej mi\u0142o\u015bci: \u201eTo jest moje przykazanie, aby\u015bcie si\u0119 wzajemnie mi\u0142owali, tak jak Ja was umi\u0142owa\u0142em\u201d. Niech ta mi\u0142o\u015b\u0107 stanie si\u0119 naszym znakiem rozpoznawczym w\u00a0\u015bwiecie.<\/li>\n<li>Chocia\u017c Tydzie\u0144 Powszechnej Modlitwy o Jedno\u015b\u0107 Chrze\u015bcijan zako\u0144czy si\u0119 w niedziel\u0119, 25\u00a0stycznia, nie ustawajmy w wysi\u0142kach na rzecz jej ca\u0142kowitego przywr\u00f3cenia. Takiej jedno\u015bci pragnie sam Pan Jezus, a jej brak jest zgorszeniem dla wsp\u00f3\u0142czesnego \u015bwiata i wielu \u017ale nastawia do Chrystusowego Ko\u015bcio\u0142a. Dlatego w tej intencji ofiarujmy nasze modlitwy, Komuni\u0119 \u015awi\u0119t\u0105 oraz cierpienia i trudy codziennego \u017cycia.<\/li>\n<li>W \u015brod\u0119, 21 stycznia, przypada Dzie\u0144 Babci, a w czwartek, 22 stycznia \u2013 Dzie\u0144 Dziadka. Pami\u0119tajmy i m\u00f3dlmy si\u0119 w tych dniach za naszych kochanych dziadk\u00f3w, tych \u017cyj\u0105cych i\u00a0tych, kt\u00f3rzy ju\u017c odeszli do domu Ojca. Niech naszym podzi\u0119kowaniem b\u0119dzie modlitwa, ofiarowana Komunia \u015awi\u0119ta i serdeczna pami\u0119\u0107.<\/li>\n<li>W przysz\u0142\u0105 niedziel\u0119, kt\u00f3ra niejako przykrywa swoj\u0105 rang\u0105 \u015bwi\u0119to Nawr\u00f3cenia \u015awi\u0119tego Paw\u0142a Aposto\u0142a, przypadaj\u0105ce w kalendarzu liturgicznym w\u0142a\u015bnie 25 stycznia, pro\u015bmy o\u00a0szczeg\u00f3ln\u0105 \u0142ask\u0119, aby Pan r\u00f3wnie\u017c nas zechcia\u0142 nawr\u00f3ci\u0107.<\/li>\n<li>Ta przysz\u0142a niedziela, 25 stycznia, z ustanowienia papie\u017ca Franciszka b\u0119dzie Niedziel\u0105 S\u0142owa Bo\u017cego. Papie\u017c chcia\u0142, aby ta niedziela by\u0142a w szczeg\u00f3lny spos\u00f3b po\u015bwi\u0119cona rozwa\u017caniu s\u0142owa Bo\u017cego zawartego w Pi\u015bmie \u015awi\u0119tym, aby\u015bmy g\u0142\u0119biej zastanowili si\u0119 nad jego sensem i zach\u0119cali do tego innych.<\/li>\n<li>A poniewa\u017c b\u0119dzie to ostatnia niedziela stycznia, b\u0119dziemy obchodzili tak\u017ce \u015awiatowy Dzie\u0144 Tr\u0119dowatych. Pro\u015bmy tego dnia o w\u0142a\u015bciw\u0105 opiek\u0119 dla wszystkich choruj\u0105cych w\u00a0\u015bwiecie na t\u0119 nieuleczaln\u0105 chorob\u0119, a tak\u017ce o \u015bwiat\u0142o Ducha \u015awi\u0119tego, aby\u015bmy potrafili patrze\u0107 na siebie z mi\u0142o\u015bci\u0105 i zrozumieniem.<\/li>\n<li>W naszej parafii jeszcze trwaj\u0105 doroczne odwiedziny duszpasterskie, tak zwana kol\u0119da. Porz\u0105dek kol\u0119dy: <strong>wtorek<\/strong> \u2013 Smardzewo Poduchowne od godz. 11.00; <strong>\u015broda<\/strong> \u2013 Smardzewo Dzia\u0142ki od P. Gellera do P. Zaj\u0105czkowskiej, od godz. 9.30 do\u00a0 13.30; po przerwie od P. Szewczak\u00f3w od godz. 16.00;\u00a0 <strong>czwartek<\/strong> \u2013 Smardzewo k\/ko\u015bcio\u0142a od P. Robakiewicz\u00f3w od godz. 9.30.<\/li>\n<li>Zach\u0119cam do nabycia prasy katolickiej.<\/li>\n<\/ol>\n<p><strong>\u00a0<\/strong><\/p>\n<p><strong>\u00a0<\/strong><\/p>\n","protected":false},"excerpt":{"rendered":"<p>OG\u0141OSZENIA DUSZPASTERSKIE W Ko\u015bciele trwa Tydzie\u0144 Powszechnej Modlitwy o Jedno\u015b\u0107 Chrze\u015bcijan. Pan Jezus domaga si\u0119 wzajemnej mi\u0142o\u015bci: \u201eTo jest moje przykazanie, aby\u015bcie si\u0119 wzajemnie mi\u0142owali, tak jak Ja was umi\u0142owa\u0142em\u201d. Niech ta mi\u0142o\u015b\u0107 stanie si\u0119 naszym znakiem rozpoznawczym w\u00a0\u015bwiecie. Chocia\u017c Tydzie\u0144 Powszechnej Modlitwy o Jedno\u015b\u0107 Chrze\u015bcijan zako\u0144czy si\u0119 w niedziel\u0119, 25\u00a0stycznia, nie ustawajmy w wysi\u0142kach &hellip; <\/p>\n<p><a class=\"more-link btn\" href=\"https:\/\/parafiasmardzewo.pl\/?p=10610\">Kontynuuj czytanie<\/a><\/p>\n","protected":false},"author":2,"featured_media":6301,"comment_status":"open","ping_status":"open","sticky":false,"template":"","format":"standard","meta":[],"categories":[2],"tags":[],"_links":{"self":[{"href":"https:\/\/parafiasmardzewo.pl\/index.php?rest_route=\/wp\/v2\/posts\/10610"}],"collection":[{"href":"https:\/\/parafiasmardzewo.pl\/index.php?rest_route=\/wp\/v2\/posts"}],"about":[{"href":"https:\/\/parafiasmardzewo.pl\/index.php?rest_route=\/wp\/v2\/types\/post"}],"author":[{"embeddable":true,"href":"https:\/\/parafiasmardzewo.pl\/index.php?rest_route=\/wp\/v2\/users\/2"}],"replies":[{"embeddable":true,"href":"https:\/\/parafiasmardzewo.pl\/index.php?rest_route=%2Fwp%2Fv2%2Fcomments&post=10610"}],"version-history":[{"count":3,"href":"https:\/\/parafiasmardzewo.pl\/index.php?rest_route=\/wp\/v2\/posts\/10610\/revisions"}],"predecessor-version":[{"id":10613,"href":"https:\/\/parafiasmardzewo.pl\/index.php?rest_route=\/wp\/v2\/posts\/10610\/revisions\/10613"}],"wp:featuredmedia":[{"embeddable":true,"href":"https:\/\/parafiasmardzewo.pl\/index.php?rest_route=\/wp\/v2\/media\/6301"}],"wp:attachment":[{"href":"https:\/\/parafiasmardzewo.pl\/index.php?rest_route=%2Fwp%2Fv2%2Fmedia&parent=10610"}],"wp:term":[{"taxonomy":"category","embeddable":true,"href":"https:\/\/parafiasmardzewo.pl\/index.php?rest_route=%2Fwp%2Fv2%2Fcategories&post=10610"},{"taxonomy":"post_tag","embeddable":true,"href":"https:\/\/parafiasmardzewo.pl\/index.php?rest_route=%2Fwp%2Fv2%2Ftags&post=10610"}],"curies":[{"name":"wp","href":"https:\/\/api.w.org\/{rel}","templated":true}]}}