{"id":10662,"date":"2026-03-07T19:45:57","date_gmt":"2026-03-07T18:45:57","guid":{"rendered":"https:\/\/parafiasmardzewo.pl\/?p=10662"},"modified":"2026-03-07T19:45:57","modified_gmt":"2026-03-07T18:45:57","slug":"trzecia-niedziela-wielkiego-postu-8-marca-2026","status":"publish","type":"post","link":"https:\/\/parafiasmardzewo.pl\/?p=10662","title":{"rendered":"TRZECIA NIEDZIELA WIELKIEGO POSTU &#8211; 8 marca 2026"},"content":{"rendered":"<p><strong>OG\u0141OSZENIA DUSZPASTERSKIE<\/strong><\/p>\n<ol>\n<li>Dzisiaj po Eucharystii o godz. 9.00 b\u0119dzie spotkanie z dzie\u0107mi kl. III i IV.<\/li>\n<li>Dzisiaj 8 marca, obchodzimy Dzie\u0144 Kobiet! Cho\u0107 to \u015bwiecka uroczysto\u015b\u0107, pami\u0119tajmy w\u00a0modlitwach o wszystkich kobietach, zw\u0142aszcza o tych najbardziej utrudzonych matkach wielodzietnych rodzin, o samotnych pannach i wdowach, o kobietach poni\u017canych i\u00a0prze\u015bladowanych w wielu cz\u0119\u015bciach \u015bwiata. Wszak kobiety wype\u0142niaj\u0105 szczeg\u00f3ln\u0105 rol\u0119 w\u00a0\u015bwiecie, w Ko\u015bciele i rodzinie. Polecajmy ich trud i \u017cycie Panu Bogu i Maryi, kt\u00f3ra jest najpi\u0119kniejszym wzorem \u017cony i matki.<\/li>\n<li>Przypominam, \u017ce nabo\u017ce\u0144stwo Drogi krzy\u017cowej, w naszej \u015bwi\u0105tyni, jest sprawowane w ka\u017cdy pi\u0105tek o godz. 16.30. Gorzkie \u017cale \u015bpiewamy po Mszy \u015awi\u0119tej o godz. 10.45, w ka\u017cd\u0105 niedziel\u0119 Wielkiego Postu.<\/li>\n<li>Rekolekcje wielkopostne b\u0119dziemy prze\u017cywa\u0107 20, 21 i 22 marca. W zakrystii s\u0105 programy rekolekcji, kt\u00f3re mo\u017cna zabra\u0107 i rozprowadzi\u0107 w poszczeg\u00f3lnych wioskach. Podobnie jak w latach ubieg\u0142ych zbieramy drobne ofiary na kwiaty do Grobu Pana Jezusa.<\/li>\n<li>Wychodz\u0105c z ko\u015bcio\u0142a mo\u017cna kupi\u0107 baranka wielkanocnego w cenie 10,00 z\u0142otych. Ofiary ze sprzeda\u017cy s\u0105 przeznaczone na pomoc najbardziej potrzebuj\u0105cym.<\/li>\n<li>Zach\u0119cam do nabycia prasy katolickiej: <strong><em>Go\u015b\u0107 Niedzielny<\/em><\/strong>, dwumiesi\u0119cznik <strong><em>Historia Ko\u015bcio\u0142a<\/em><\/strong> (14,00 z\u0142 jeden egzemplarz), miesi\u0119cznik &#8211; <strong><em>Rycerz Niepokalanej<\/em><\/strong>, <strong><em>Ma\u0142y Rycerzyk<\/em><\/strong> (czasopismo dla dzieci), miesi\u0119cznik \u2013 <strong><em>R\u00f3\u017caniec<\/em><\/strong><\/li>\n<\/ol>\n<p>&nbsp;<\/p>\n<p>&nbsp;<\/p>\n","protected":false},"excerpt":{"rendered":"<p>OG\u0141OSZENIA DUSZPASTERSKIE Dzisiaj po Eucharystii o godz. 9.00 b\u0119dzie spotkanie z dzie\u0107mi kl. III i IV. Dzisiaj 8 marca, obchodzimy Dzie\u0144 Kobiet! Cho\u0107 to \u015bwiecka uroczysto\u015b\u0107, pami\u0119tajmy w\u00a0modlitwach o wszystkich kobietach, zw\u0142aszcza o tych najbardziej utrudzonych matkach wielodzietnych rodzin, o samotnych pannach i wdowach, o kobietach poni\u017canych i\u00a0prze\u015bladowanych w wielu cz\u0119\u015bciach \u015bwiata. Wszak kobiety wype\u0142niaj\u0105 &hellip; <\/p>\n<p><a class=\"more-link btn\" href=\"https:\/\/parafiasmardzewo.pl\/?p=10662\">Kontynuuj czytanie<\/a><\/p>\n","protected":false},"author":2,"featured_media":5378,"comment_status":"open","ping_status":"open","sticky":false,"template":"","format":"standard","meta":[],"categories":[2],"tags":[],"_links":{"self":[{"href":"https:\/\/parafiasmardzewo.pl\/index.php?rest_route=\/wp\/v2\/posts\/10662"}],"collection":[{"href":"https:\/\/parafiasmardzewo.pl\/index.php?rest_route=\/wp\/v2\/posts"}],"about":[{"href":"https:\/\/parafiasmardzewo.pl\/index.php?rest_route=\/wp\/v2\/types\/post"}],"author":[{"embeddable":true,"href":"https:\/\/parafiasmardzewo.pl\/index.php?rest_route=\/wp\/v2\/users\/2"}],"replies":[{"embeddable":true,"href":"https:\/\/parafiasmardzewo.pl\/index.php?rest_route=%2Fwp%2Fv2%2Fcomments&post=10662"}],"version-history":[{"count":1,"href":"https:\/\/parafiasmardzewo.pl\/index.php?rest_route=\/wp\/v2\/posts\/10662\/revisions"}],"predecessor-version":[{"id":10663,"href":"https:\/\/parafiasmardzewo.pl\/index.php?rest_route=\/wp\/v2\/posts\/10662\/revisions\/10663"}],"wp:featuredmedia":[{"embeddable":true,"href":"https:\/\/parafiasmardzewo.pl\/index.php?rest_route=\/wp\/v2\/media\/5378"}],"wp:attachment":[{"href":"https:\/\/parafiasmardzewo.pl\/index.php?rest_route=%2Fwp%2Fv2%2Fmedia&parent=10662"}],"wp:term":[{"taxonomy":"category","embeddable":true,"href":"https:\/\/parafiasmardzewo.pl\/index.php?rest_route=%2Fwp%2Fv2%2Fcategories&post=10662"},{"taxonomy":"post_tag","embeddable":true,"href":"https:\/\/parafiasmardzewo.pl\/index.php?rest_route=%2Fwp%2Fv2%2Ftags&post=10662"}],"curies":[{"name":"wp","href":"https:\/\/api.w.org\/{rel}","templated":true}]}}