{"id":10666,"date":"2026-03-14T22:00:22","date_gmt":"2026-03-14T21:00:22","guid":{"rendered":"https:\/\/parafiasmardzewo.pl\/?p=10666"},"modified":"2026-03-14T22:00:51","modified_gmt":"2026-03-14T21:00:51","slug":"czwarta-niedziela-wielkiego-postu-laetare-15-iii-2026","status":"publish","type":"post","link":"https:\/\/parafiasmardzewo.pl\/?p=10666","title":{"rendered":"CZWARTA NIEDZIELA WIELKIEGO POSTU, Laetare &#8211; 15 III 2026"},"content":{"rendered":"<p><strong>OG\u0141OSZENIA DUSZPASTERSKIE<\/strong><\/p>\n<ol>\n<li><strong>Po Mszy \u015awi\u0119tej o godz. 9.00 b\u0119dzie spotkanie z dzie\u0107mi kl. III i IV.<\/strong><\/li>\n<li>Dzisiejsza \u2013 ju\u017c czwarta niedziela Wielkiego Postu \u2013 r\u00f3\u017cni si\u0119 nieco od pozosta\u0142ych. W\u00a0tradycji Ko\u015bcio\u0142a nazywamy j\u0105 niedziel\u0105 <em>Laetare<\/em>, czyli niedziel\u0105 rado\u015bci. Widzimy to nawet w zmianie postnego fioletu na r\u00f3\u017cowy kolor szat liturgicznych. W po\u0142owie Wielkiego Postu Ko\u015bci\u00f3\u0142 wzywa wiernych do rado\u015bci, aby wszyscy podejmuj\u0105cy trud przemiany serca wytrwali w tym nie\u0142atwym codziennym wysi\u0142ku.<\/li>\n<li>Wielki Post, kt\u00f3ry obecnie prze\u017cywamy, to wyj\u0105tkowa okazja do nawr\u00f3cenia, do odnowienia naszej przyja\u017ani z Bogiem. Rekolekcje wielkopostne, kt\u00f3re b\u0119dziemy prze\u017cywa\u0107 20, 21 i 22 marca (pi\u0105tek, sobota, niedziela), stwarzaj\u0105 mo\u017cliwo\u015b\u0107 wewn\u0119trznej przemiany i powrotu do przyja\u017ani z Bogiem. Nauki rekolekcyjne b\u0119dzie g\u0142osi\u0142 ks. kan. Andrzej Milewski, dyrektor Muzeum Diecezjalnego w P\u0142ocku. W zakrystii s\u0105 jeszcze programy rekolekcji, kt\u00f3re mo\u017cna zabra\u0107 i rozprowadzi\u0107\u00a0 w poszczeg\u00f3lnych wioskach. Podobnie jak w latach ubieg\u0142ych zbieramy drobne ofiary na kwiaty do Grobu Pana Jezusa.<\/li>\n<li>Przypominam, \u017ce w naszym ko\u015bciele w ka\u017cdy pi\u0105tek Wielkiego Postu o godz. 16.30 razem z\u00a0Chrystusem i Jego bolej\u0105c\u0105 Matk\u0105 przemierzamy Drog\u0119 krzy\u017cow\u0105, a w niedziele po Eucharystii o godz. 10.45 rozpami\u0119tujemy m\u0119k\u0119 Pana Jezusa podczas Gorzkich \u017cali. Wszystkich parafian zach\u0119cam do licznego udzia\u0142u w tych wielkopostnych nabo\u017ce\u0144stwach.<\/li>\n<li>W czwartek, 19 marca, przypada uroczysto\u015b\u0107 \u015awi\u0119tego J\u00f3zefa, Oblubie\u0144ca Naj\u015bwi\u0119tszej Maryi Panny i Patrona Ko\u015bcio\u0142a. W 1870 roku papie\u017c Pius IX og\u0142osi\u0142 \u015awi\u0119tego J\u00f3zefa patronem Ko\u015bcio\u0142a powszechnego i rodzin chrze\u015bcija\u0144skich.<\/li>\n<li>Wychodz\u0105c z ko\u015bcio\u0142a mo\u017cna kupi\u0107 baranka wielkanocnego w cenie 10,00 z\u0142otych. Ofiary ze sprzeda\u017cy s\u0105 przeznaczone na pomoc najbardziej potrzebuj\u0105cym.<\/li>\n<li>Dzi\u0119kuj\u0119 za ofiary na kwiaty do Grobu Pana Jezusa z nast\u0119puj\u0105cych miejscowo\u015bci: Smardzewo Dzia\u0142ki, Smardzewo k\/ko\u015bcio\u0142a, \u0106wiklinek, Podsmardzewo (jedna rodzina).<\/li>\n<li>Zach\u0119cam do nabycia prasy katolickiej.<\/li>\n<\/ol>\n<p>&nbsp;<\/p>\n","protected":false},"excerpt":{"rendered":"<p>OG\u0141OSZENIA DUSZPASTERSKIE Po Mszy \u015awi\u0119tej o godz. 9.00 b\u0119dzie spotkanie z dzie\u0107mi kl. III i IV. Dzisiejsza \u2013 ju\u017c czwarta niedziela Wielkiego Postu \u2013 r\u00f3\u017cni si\u0119 nieco od pozosta\u0142ych. W\u00a0tradycji Ko\u015bcio\u0142a nazywamy j\u0105 niedziel\u0105 Laetare, czyli niedziel\u0105 rado\u015bci. Widzimy to nawet w zmianie postnego fioletu na r\u00f3\u017cowy kolor szat liturgicznych. W po\u0142owie Wielkiego Postu Ko\u015bci\u00f3\u0142 &hellip; <\/p>\n<p><a class=\"more-link btn\" href=\"https:\/\/parafiasmardzewo.pl\/?p=10666\">Kontynuuj czytanie<\/a><\/p>\n","protected":false},"author":2,"featured_media":3486,"comment_status":"open","ping_status":"open","sticky":false,"template":"","format":"standard","meta":[],"categories":[2],"tags":[],"_links":{"self":[{"href":"https:\/\/parafiasmardzewo.pl\/index.php?rest_route=\/wp\/v2\/posts\/10666"}],"collection":[{"href":"https:\/\/parafiasmardzewo.pl\/index.php?rest_route=\/wp\/v2\/posts"}],"about":[{"href":"https:\/\/parafiasmardzewo.pl\/index.php?rest_route=\/wp\/v2\/types\/post"}],"author":[{"embeddable":true,"href":"https:\/\/parafiasmardzewo.pl\/index.php?rest_route=\/wp\/v2\/users\/2"}],"replies":[{"embeddable":true,"href":"https:\/\/parafiasmardzewo.pl\/index.php?rest_route=%2Fwp%2Fv2%2Fcomments&post=10666"}],"version-history":[{"count":1,"href":"https:\/\/parafiasmardzewo.pl\/index.php?rest_route=\/wp\/v2\/posts\/10666\/revisions"}],"predecessor-version":[{"id":10667,"href":"https:\/\/parafiasmardzewo.pl\/index.php?rest_route=\/wp\/v2\/posts\/10666\/revisions\/10667"}],"wp:featuredmedia":[{"embeddable":true,"href":"https:\/\/parafiasmardzewo.pl\/index.php?rest_route=\/wp\/v2\/media\/3486"}],"wp:attachment":[{"href":"https:\/\/parafiasmardzewo.pl\/index.php?rest_route=%2Fwp%2Fv2%2Fmedia&parent=10666"}],"wp:term":[{"taxonomy":"category","embeddable":true,"href":"https:\/\/parafiasmardzewo.pl\/index.php?rest_route=%2Fwp%2Fv2%2Fcategories&post=10666"},{"taxonomy":"post_tag","embeddable":true,"href":"https:\/\/parafiasmardzewo.pl\/index.php?rest_route=%2Fwp%2Fv2%2Ftags&post=10666"}],"curies":[{"name":"wp","href":"https:\/\/api.w.org\/{rel}","templated":true}]}}