{"id":10670,"date":"2026-03-14T22:41:18","date_gmt":"2026-03-14T21:41:18","guid":{"rendered":"https:\/\/parafiasmardzewo.pl\/?p=10670"},"modified":"2026-03-14T22:41:56","modified_gmt":"2026-03-14T21:41:56","slug":"program-rekolekcji-wielkopostnych-w-parafii-smardzewo-w-dniach-20-22-iii-2026","status":"publish","type":"post","link":"https:\/\/parafiasmardzewo.pl\/?p=10670","title":{"rendered":"PROGRAM REKOLEKCJI WIELKOPOSTNYCH W PARAFII SMARDZEWO W DNIACH 20- 22 III 2026"},"content":{"rendered":"<p><strong>Pi\u0105tek<\/strong><strong> \u2013 20 marca<\/strong><\/p>\n<p>godz. 8.45 Koronka do Mi\u0142osierdzia Bo\u017cego<\/p>\n<p>godz. 9.00 Msza \u015bw. z kazaniem dla dzieci.<\/p>\n<p>godz. 11.00 Msza \u015bw. z kazaniem.<\/p>\n<p>godz. 16.30 Droga krzy\u017cowa.<\/p>\n<p>godz. 17.00 Msza \u015bw. z kazaniem og\u00f3lnym.<\/p>\n<p><strong>Sobota <\/strong><strong>\u2013 21 marca<\/strong><\/p>\n<p>godz. 8. 40 R\u00f3\u017caniec<\/p>\n<p>godz. 9.00 Msza \u015bw. z kazaniem og\u00f3lnym.<\/p>\n<p>godz. 11.00 Msza \u015bw. z udzia\u0142em dzieci.<\/p>\n<p>godz. 16.40 R\u00f3\u017caniec<\/p>\n<p>godz.17.00 Msza \u015bw. z kazaniem og\u00f3lnym.<\/p>\n<p><strong>Niedziela <\/strong><strong>\u2013 22 marca<\/strong><\/p>\n<p>godz. 9.00 Msza \u015bw. z kazaniem og\u00f3lnym.<\/p>\n<p>godz. 10.45 Msza \u015bw. z kazaniem og\u00f3lnym.<\/p>\n<p>godz. 16.00 Msza \u015bw. z kazaniem og\u00f3lnym.<\/p>\n<p><strong><em>\u00a0<\/em><\/strong><strong><em>W sobot\u0119, od godz. 13.00, wyjazd do chorych <\/em><\/strong><\/p>\n<p><strong><em>\u00a0<\/em><\/strong><strong><em>Przygotowanie mieszkania chorego na przybycie kap\u0142ana.<\/em><\/strong><\/p>\n<ol>\n<li><em> St\u00f3\u0142 nakryty bia\u0142ym obrusem, a na nim postawiony krzy\u017c (pasyjka) i dwie zapalone \u015bwiece.<\/em><\/li>\n<li><em> Na stole umie\u015bci\u0107 naczynie z wod\u0105 \u015bwi\u0119con\u0105, kropid\u0142o, szklank\u0119 z wod\u0105 i \u0142y\u017ck\u0119.<\/em><\/li>\n<li><em> Na talerzyku po\u0142o\u017cy\u0107 sk\u00f3rk\u0119 chleba, odrobin\u0119 soli i kilka kulek waty.<\/em><\/li>\n<li><em> Je\u017celi kap\u0142an przybywa do chorego tylko z Komuni\u0105 \u015bw. wtedy na st\u00f3\u0142 nakryty bia\u0142ym obrusem, stawiamy krzy\u017c, obok dwie zapalone \u015bwiece i naczynie z wod\u0105 \u015bwi\u0119con\u0105 oraz kropid\u0142o.<\/em><\/li>\n<\/ol>\n<p><em>\u00a0Wszyscy domownicy (a nawet s\u0105siedzi) powinni wzi\u0105\u0107 udzia\u0142 w obrz\u0119dzie namaszczenia chorego. Po przybyciu kap\u0142ana z Naj\u015bwi\u0119tszym Sakramentem domownicy wychodz\u0105 z zapalonymi gromnicami (wskazany jest \u015bpiew pie\u015bni eucharystycznych) przed dom na powitanie Chrystusa Eucharystycznego.<\/em><\/p>\n<p><em>Kierowca wioz\u0105cy kap\u0142ana z Naj\u015bwi\u0119tszym Sakramentem powinien zachowa\u0107 milczenie (nie w\u0142\u0105cza\u0107 radia, nie pali\u0107 papieros\u00f3w)<\/em><\/p>\n<p><strong><em>Katolicy, kt\u00f3rzy zaniedbuj\u0105 wezwa\u0107 kap\u0142ana do chorego, pope\u0142niaj\u0105 grzech ci\u0119\u017cki, poniewa\u017c chorego nara\u017caj\u0105 na utrat\u0119 wiecznego zbawienia.<\/em><\/strong><\/p>\n<p><em>\u00a0<\/em><\/p>\n<p>&nbsp;<\/p>\n","protected":false},"excerpt":{"rendered":"<p>Pi\u0105tek \u2013 20 marca godz. 8.45 Koronka do Mi\u0142osierdzia Bo\u017cego godz. 9.00 Msza \u015bw. z kazaniem dla dzieci. godz. 11.00 Msza \u015bw. z kazaniem. godz. 16.30 Droga krzy\u017cowa. godz. 17.00 Msza \u015bw. z kazaniem og\u00f3lnym. Sobota \u2013 21 marca godz. 8. 40 R\u00f3\u017caniec godz. 9.00 Msza \u015bw. z kazaniem og\u00f3lnym. godz. 11.00 Msza \u015bw. z &hellip; <\/p>\n<p><a class=\"more-link btn\" href=\"https:\/\/parafiasmardzewo.pl\/?p=10670\">Kontynuuj czytanie<\/a><\/p>\n","protected":false},"author":2,"featured_media":7899,"comment_status":"open","ping_status":"open","sticky":false,"template":"","format":"standard","meta":[],"categories":[1],"tags":[],"_links":{"self":[{"href":"https:\/\/parafiasmardzewo.pl\/index.php?rest_route=\/wp\/v2\/posts\/10670"}],"collection":[{"href":"https:\/\/parafiasmardzewo.pl\/index.php?rest_route=\/wp\/v2\/posts"}],"about":[{"href":"https:\/\/parafiasmardzewo.pl\/index.php?rest_route=\/wp\/v2\/types\/post"}],"author":[{"embeddable":true,"href":"https:\/\/parafiasmardzewo.pl\/index.php?rest_route=\/wp\/v2\/users\/2"}],"replies":[{"embeddable":true,"href":"https:\/\/parafiasmardzewo.pl\/index.php?rest_route=%2Fwp%2Fv2%2Fcomments&post=10670"}],"version-history":[{"count":2,"href":"https:\/\/parafiasmardzewo.pl\/index.php?rest_route=\/wp\/v2\/posts\/10670\/revisions"}],"predecessor-version":[{"id":10672,"href":"https:\/\/parafiasmardzewo.pl\/index.php?rest_route=\/wp\/v2\/posts\/10670\/revisions\/10672"}],"wp:featuredmedia":[{"embeddable":true,"href":"https:\/\/parafiasmardzewo.pl\/index.php?rest_route=\/wp\/v2\/media\/7899"}],"wp:attachment":[{"href":"https:\/\/parafiasmardzewo.pl\/index.php?rest_route=%2Fwp%2Fv2%2Fmedia&parent=10670"}],"wp:term":[{"taxonomy":"category","embeddable":true,"href":"https:\/\/parafiasmardzewo.pl\/index.php?rest_route=%2Fwp%2Fv2%2Fcategories&post=10670"},{"taxonomy":"post_tag","embeddable":true,"href":"https:\/\/parafiasmardzewo.pl\/index.php?rest_route=%2Fwp%2Fv2%2Ftags&post=10670"}],"curies":[{"name":"wp","href":"https:\/\/api.w.org\/{rel}","templated":true}]}}