{"id":10807,"date":"2026-04-25T21:14:20","date_gmt":"2026-04-25T19:14:20","guid":{"rendered":"https:\/\/parafiasmardzewo.pl\/?p=10807"},"modified":"2026-04-25T21:14:20","modified_gmt":"2026-04-25T19:14:20","slug":"czwarta-niedziela-wielkanocy-26-kwietnia-2026","status":"publish","type":"post","link":"https:\/\/parafiasmardzewo.pl\/?p=10807","title":{"rendered":"CZWARTA NIEDZIELA WIELKANOCY &#8211; 26 kwietnia 2026"},"content":{"rendered":"<p><strong>OG\u0141OSZENIA DUSZPASTERSKIE<\/strong><\/p>\n<ol>\n<li>Dzisiejsz\u0105 niedziel\u0119 prze\u017cywamy w Ko\u015bciele jako \u015awiatowy Dzie\u0144 Modlitw o Powo\u0142ania. Rozpoczynaj\u0105 si\u0119 te\u017c Kwartalne dni modlitw o powo\u0142ania do s\u0142u\u017cby w\u00a0Ko\u015bciele. Musimy prosi\u0107 Jezusa Chrystusa \u2013 Dobrego Pasterza, aby nigdy nie zabrak\u0142o nowych pracownik\u00f3w w\u00a0winnicy Bo\u017cej.<\/li>\n<li>Podczas tego tygodnia b\u0119dziemy szczeg\u00f3lnie prosi\u0107 o powo\u0142ania kap\u0142a\u0144skie i zakonne z\u00a0naszej wsp\u00f3lnoty parafialnej. Pro\u015bmy o pomoc T\u0119, kt\u00f3ra wiernie i do ko\u0144ca trwa\u0142a przy Chrystusie i przy rodz\u0105cym si\u0119 Ko\u015bciele w Dniu Pi\u0119\u0107dziesi\u0105tnicy. Maryja jest najlepsz\u0105 Matk\u0105 wszystkich kap\u0142an\u00f3w i Wychowawczyni\u0105 powo\u0142a\u0144 kap\u0142a\u0144skich.<\/li>\n<li>Dzisiaj, po Mszy \u015awi\u0119tej o godz. 9.00 b\u0119dzie spotkanie z uczniami kl. III i IV. Jutro, 27 kwietnia, po Mszy \u015awi\u0119tej o godz. 17. 00 b\u0119dzie kolejne spotkanie z dzie\u0107mi kl. III, kt\u00f3rzy przygotowuj\u0105 si\u0119 do Pierwszej Komunii \u015awi\u0119tej.<\/li>\n<li>W tym tygodniu, w \u015brod\u0119, 29 kwietnia, przypada \u015bwi\u0119to \u015awi\u0119tej Katarzyny Siene\u0144skiej, dziewicy. Tak dalece wyr\u00f3\u017cnia\u0142a si\u0119 czynn\u0105 mi\u0142o\u015bci\u0105 do Ko\u015bcio\u0142a Chrystusowego i\u00a0\u015bwiadectwem o Jego krzy\u017cu, \u017ce nadano jej tytu\u0142 doktora Ko\u015bcio\u0142a. A w 1999 roku \u015awi\u0119ty Jan Pawe\u0142 II ustanowi\u0142 j\u0105 patronk\u0105 Europy.<\/li>\n<li>Jednocze\u015bnie w \u015brod\u0119 z inicjatywy Episkopatu Polski nasz\u0105 modlitw\u0105 ogarniemy r\u00f3wnie\u017c wszystkie ofiary nazistowskiego i stalinowskiego terroru, zw\u0142aszcza osoby duchowne i\u00a0konsekrowane. Tego dnia b\u0119dziemy obchodzili Dzie\u0144 M\u0119cze\u0144stwa Duchowie\u0144stwa Polskiego, upami\u0119tniaj\u0105cy rocznic\u0119 wyzwolenia obozu koncentracyjnego w Dachau w 1945 roku.<\/li>\n<li>W najbli\u017cszy pi\u0105tek rozpoczniemy maryjny miesi\u0105c \u2013 maj. Codziennie b\u0119dziemy gromadzi\u0107 si\u0119 wok\u00f3\u0142 o\u0142tarza na Eucharystii i na nabo\u017ce\u0144stwie majowym. W szkole Maryi uczmy si\u0119 ca\u0142kowitego oddania Bogu i braciom. W naszym ko\u015bciele nabo\u017ce\u0144stwo majowe b\u0119dziemy celebrowali codziennie o godz. 17.30. Zadbajmy te\u017c o wizerunki Maryi w naszych domach i w przydro\u017cnych kapliczkach. Rodzinnie gromad\u017amy si\u0119 przy nich na \u015bpiewanie Litanii loreta\u0144skiej, pie\u015bni maryjnych, na r\u00f3\u017caniec czy wieczorny Apel Jasnog\u00f3rski.<\/li>\n<li>We wspomnienie \u015awi\u0119tego J\u00f3zefa Robotnika, 1 maja, b\u0119dziemy prosili go o wra\u017cliwo\u015b\u0107 sumie\u0144 i \u0142ad moralny w \u017cyciu spo\u0142ecznym. Poniewa\u017c jest to dzie\u0144 wolny od pracy z racji \u015bwi\u0119ta pa\u0144stwowego, w ten pi\u0105tek mamy dyspens\u0119 od wstrzemi\u0119\u017aliwo\u015bci od pokarm\u00f3w mi\u0119snych.<\/li>\n<li>W nadchodz\u0105cym tygodniu przypada pierwszy czwartek, pierwszy pi\u0105tek i pierwsza sobota miesi\u0105ca. Adoracja Naj\u015bwi\u0119tszego Sakramentu w pierwszy pi\u0105tek miesi\u0105ca od godz. 16.00 \u2013 17.00. W tym czasie mo\u017cliwo\u015b\u0107 korzystania z sakramentu pokuty. O godz. 17.00 Eucharystia i nabo\u017ce\u0144stwo majowe. W pierwsz\u0105 sobot\u0119 (2 maja) oddajemy cze\u015b\u0107 Niepokalanemu Sercu Maryi Panny oraz czcimy J\u0105 jako Kr\u00f3low\u0105 Polski. Msze \u015awi\u0119te o godz. 9.00 i 17.00. Od godz. 8.30 b\u0119dzie adoracja Naj\u015bwi\u0119tszego sakramentu. Nabo\u017ce\u0144stwo Pierwszych Sob\u00f3t Miesi\u0105ca\u00a0to katolicka praktyka wynagradzaj\u0105ca Niepokalanemu Sercu Maryi, obejmuj\u0105ca 5 kolejnych pierwszych sob\u00f3t miesi\u0105ca. Wymaga spowiedzi, Komunii \u015bw., cz\u0119\u015bci R\u00f3\u017ca\u0144ca i 15-minutowej medytacji. Nawi\u0105zuje do objawie\u0144 fatimskich jako zado\u015b\u0107uczynienie za 5 rodzaj\u00f3w zniewag wobec Matki Naj\u015bwi\u0119tszej. Za tydzie\u0144 pierwsza niedziela miesi\u0105ca. Na sum\u0119 zapraszam asyst\u0119 procesyjn\u0105. B\u0119dzie adoracja i procesja eucharystyczna wok\u00f3\u0142 ko\u015bcio\u0142a.<\/li>\n<li>W przysz\u0142\u0105 sobot\u0119 przypada te\u017c doroczny Dzie\u0144 Polonii oraz Dzie\u0144 Flagi Narodowej. Modlitw\u0105 ogarniemy rodak\u00f3w \u017cyj\u0105cych poza granicami naszej Ojczyzny. Nie zapomnijmy te\u017c o\u00a0wywieszeniu flag, by w ten spos\u00f3b zademonstrowa\u0107 nasze przywi\u0105zanie do barw narodowych.<\/li>\n<li>Dnia 6 czerwca, na Jasnej G\u00f3rze, odb\u0119dzie si\u0119 XIV Og\u00f3lnopolska Pielgrzymka \u017bywego R\u00f3\u017ca\u0144ca. Jest mo\u017cliwo\u015b\u0107 udzia\u0142u w tym spotkaniu. Mo\u017cna zapisa\u0107 si\u0119 w zakrystii lub telefonicznie nr tel. 605\u00a0684\u00a0622.<\/li>\n<li>Zach\u0119cam do nabycia prasy katolickiej.<\/li>\n<\/ol>\n<p>&nbsp;<\/p>\n","protected":false},"excerpt":{"rendered":"<p>OG\u0141OSZENIA DUSZPASTERSKIE Dzisiejsz\u0105 niedziel\u0119 prze\u017cywamy w Ko\u015bciele jako \u015awiatowy Dzie\u0144 Modlitw o Powo\u0142ania. Rozpoczynaj\u0105 si\u0119 te\u017c Kwartalne dni modlitw o powo\u0142ania do s\u0142u\u017cby w\u00a0Ko\u015bciele. Musimy prosi\u0107 Jezusa Chrystusa \u2013 Dobrego Pasterza, aby nigdy nie zabrak\u0142o nowych pracownik\u00f3w w\u00a0winnicy Bo\u017cej. Podczas tego tygodnia b\u0119dziemy szczeg\u00f3lnie prosi\u0107 o powo\u0142ania kap\u0142a\u0144skie i zakonne z\u00a0naszej wsp\u00f3lnoty parafialnej. Pro\u015bmy o &hellip; <\/p>\n<p><a class=\"more-link btn\" href=\"https:\/\/parafiasmardzewo.pl\/?p=10807\">Kontynuuj czytanie<\/a><\/p>\n","protected":false},"author":2,"featured_media":5378,"comment_status":"open","ping_status":"open","sticky":false,"template":"","format":"standard","meta":[],"categories":[1],"tags":[],"_links":{"self":[{"href":"https:\/\/parafiasmardzewo.pl\/index.php?rest_route=\/wp\/v2\/posts\/10807"}],"collection":[{"href":"https:\/\/parafiasmardzewo.pl\/index.php?rest_route=\/wp\/v2\/posts"}],"about":[{"href":"https:\/\/parafiasmardzewo.pl\/index.php?rest_route=\/wp\/v2\/types\/post"}],"author":[{"embeddable":true,"href":"https:\/\/parafiasmardzewo.pl\/index.php?rest_route=\/wp\/v2\/users\/2"}],"replies":[{"embeddable":true,"href":"https:\/\/parafiasmardzewo.pl\/index.php?rest_route=%2Fwp%2Fv2%2Fcomments&post=10807"}],"version-history":[{"count":1,"href":"https:\/\/parafiasmardzewo.pl\/index.php?rest_route=\/wp\/v2\/posts\/10807\/revisions"}],"predecessor-version":[{"id":10808,"href":"https:\/\/parafiasmardzewo.pl\/index.php?rest_route=\/wp\/v2\/posts\/10807\/revisions\/10808"}],"wp:featuredmedia":[{"embeddable":true,"href":"https:\/\/parafiasmardzewo.pl\/index.php?rest_route=\/wp\/v2\/media\/5378"}],"wp:attachment":[{"href":"https:\/\/parafiasmardzewo.pl\/index.php?rest_route=%2Fwp%2Fv2%2Fmedia&parent=10807"}],"wp:term":[{"taxonomy":"category","embeddable":true,"href":"https:\/\/parafiasmardzewo.pl\/index.php?rest_route=%2Fwp%2Fv2%2Fcategories&post=10807"},{"taxonomy":"post_tag","embeddable":true,"href":"https:\/\/parafiasmardzewo.pl\/index.php?rest_route=%2Fwp%2Fv2%2Ftags&post=10807"}],"curies":[{"name":"wp","href":"https:\/\/api.w.org\/{rel}","templated":true}]}}