{"id":10816,"date":"2026-05-02T22:18:18","date_gmt":"2026-05-02T20:18:18","guid":{"rendered":"https:\/\/parafiasmardzewo.pl\/?p=10816"},"modified":"2026-05-02T22:18:33","modified_gmt":"2026-05-02T20:18:33","slug":"piata-niedziela-wielkanocy-3-maja-2026","status":"publish","type":"post","link":"https:\/\/parafiasmardzewo.pl\/?p=10816","title":{"rendered":"PI\u0104TA NIEDZIELA WIELKANOCY &#8211; 3 maja 2026"},"content":{"rendered":"<p><strong>OG\u0141OSZENIA DUSZPASTERSKIE<\/strong><\/p>\n<ol>\n<li>Dzi\u015b pi\u0105ta niedziela Wielkanocy. Po Eucharystii o 10.45 b\u0119dzie adoracja i procesja eucharystyczna wok\u00f3\u0142 \u015bwi\u0105tyni. Zapraszam asyst\u0119 procesyjn\u0105.<\/li>\n<li>W pi\u0105tek, 8 maja, przypada uroczysto\u015b\u0107 \u015awi\u0119tego Stanis\u0142awa, biskupa i m\u0119czennika, g\u0142\u00f3wnego patrona Polski. B\u0119dziemy prosi\u0107 \u015awi\u0119tego Stanis\u0142awa o wstawiennictwo, aby powo\u0142ania kap\u0142a\u0144skie, budz\u0105ce si\u0119 na polskiej ziemi, by\u0142y naprawd\u0119 godne i \u015bwi\u0119te. Tego dnia b\u0119dziemy r\u00f3wnie\u017c prosi\u0107 Boga o pok\u00f3j w naszej Ojczy\u017anie, u naszych s\u0105siad\u00f3w i na ca\u0142ym \u015bwiecie, poniewa\u017c tego dnia przypada 81. rocznica zako\u0144czenia II wojny \u015bwiatowej. Z racji przypadaj\u0105cej uroczysto\u015bci w tym dniu nie obowi\u0105zuje wstrzemi\u0119\u017aliwo\u015b\u0107 od pokarm\u00f3w mi\u0119snych.<\/li>\n<li>Dok\u0142adnie w pi\u0105tek przypada te\u017c 1. rocznica wyboru papie\u017ca Leona XIV. W\u0142a\u015bnie 8 maja 2025 roku pochodz\u0105cy ze Stan\u00f3w Zjednoczonych kardyna\u0142 Robert Prevost zosta\u0142 wybrany na kolejnego papie\u017ca Ko\u015bcio\u0142a katolickiego. Dzie\u0144 8 maja urasta w tym wyborze do rangi symbolu \u2013 to dzie\u0144 zako\u0144czenia II wojny \u015bwiatowej. M\u00f3dlmy si\u0119 za Piotra naszych czas\u00f3w, papie\u017ca Leona XIV, aby prowadzony \u015bwiat\u0142em Ducha \u015awi\u0119tego, umacnia\u0142 Ko\u015bci\u00f3\u0142 Chrystusowy i skutecznie zabiega\u0142 o pok\u00f3j na \u015bwiecie.<\/li>\n<li>Przypominam, \u017ce w naszym ko\u015bciele w maju codziennie sprawujemy nabo\u017ce\u0144stwa majowe ku czci Matki Naj\u015bwi\u0119tszej o godz. 30.<\/li>\n<li>W nast\u0119pn\u0105 niedziel\u0119, 10 maja, na Mszy \u015awi\u0119tej o godz. 10.45 dzieci z kl. III przyst\u0105pi\u0105 do Pierwszej Komunii \u015awi\u0119tej. Jutro, po Mszy \u015awi\u0119tej i po nabo\u017ce\u0144stwie majowym o godz. 17.45 b\u0119dzie spotkanie z dzie\u0107mi kl. III. W czwartek na godzin\u0119 17.45 zapraszam rodzic\u00f3w do sprz\u0105tania ko\u015bcio\u0142a. W pi\u0105tek o godz. 19.00 b\u0119dzie spowied\u017a dla dzieci kl. III oraz ich rodzin. W \u015brod\u0119, 6 maja , o godz. 17.45 b\u0119dzie spotkanie z uczniami kl. IV, kt\u00f3rzy przygotowuj\u0105 si\u0119 do odnowienia Przyrzecze\u0144 Chrzcielnych.<\/li>\n<li>W tym tygodniu odesz\u0142a z naszej wsp\u00f3lnoty do wieczno\u015bci \u015bw. p. Jadwiga Gerkowska, kt\u00f3ra prze\u017cy\u0142a 94 lata. Od uczestnik\u00f3w pogrzebu b\u0119dzie odprawionych 6 Mszy \u015awi\u0119tych. Zmar\u0142ych parafian pole\u0107my mi\u0142osierdziu Bo\u017cemu: <em>Dobry Jezu, a nasz Panie, daj im wieczne spoczywanie\u2026<\/em><\/li>\n<li>Zach\u0119cam do nabycia prasy katolickiej.<\/li>\n<li>Dnia 6 czerwca, na Jasnej G\u00f3rze, odb\u0119dzie si\u0119 XIV Og\u00f3lnopolska Pielgrzymka \u017bywego R\u00f3\u017ca\u0144ca. Jest mo\u017cliwo\u015b\u0107 udzia\u0142u w tym spotkaniu. Mo\u017cna zapisa\u0107 si\u0119 w zakrystii lub telefonicznie nr tel. 605\u00a0684\u00a0622.<\/li>\n<\/ol>\n<p><strong>\u00a0<\/strong><\/p>\n<p><strong>\u00a0<\/strong><\/p>\n","protected":false},"excerpt":{"rendered":"<p>OG\u0141OSZENIA DUSZPASTERSKIE Dzi\u015b pi\u0105ta niedziela Wielkanocy. Po Eucharystii o 10.45 b\u0119dzie adoracja i procesja eucharystyczna wok\u00f3\u0142 \u015bwi\u0105tyni. Zapraszam asyst\u0119 procesyjn\u0105. W pi\u0105tek, 8 maja, przypada uroczysto\u015b\u0107 \u015awi\u0119tego Stanis\u0142awa, biskupa i m\u0119czennika, g\u0142\u00f3wnego patrona Polski. B\u0119dziemy prosi\u0107 \u015awi\u0119tego Stanis\u0142awa o wstawiennictwo, aby powo\u0142ania kap\u0142a\u0144skie, budz\u0105ce si\u0119 na polskiej ziemi, by\u0142y naprawd\u0119 godne i \u015bwi\u0119te. Tego dnia &hellip; <\/p>\n<p><a class=\"more-link btn\" href=\"https:\/\/parafiasmardzewo.pl\/?p=10816\">Kontynuuj czytanie<\/a><\/p>\n","protected":false},"author":2,"featured_media":5378,"comment_status":"open","ping_status":"open","sticky":false,"template":"","format":"standard","meta":[],"categories":[2],"tags":[],"_links":{"self":[{"href":"https:\/\/parafiasmardzewo.pl\/index.php?rest_route=\/wp\/v2\/posts\/10816"}],"collection":[{"href":"https:\/\/parafiasmardzewo.pl\/index.php?rest_route=\/wp\/v2\/posts"}],"about":[{"href":"https:\/\/parafiasmardzewo.pl\/index.php?rest_route=\/wp\/v2\/types\/post"}],"author":[{"embeddable":true,"href":"https:\/\/parafiasmardzewo.pl\/index.php?rest_route=\/wp\/v2\/users\/2"}],"replies":[{"embeddable":true,"href":"https:\/\/parafiasmardzewo.pl\/index.php?rest_route=%2Fwp%2Fv2%2Fcomments&post=10816"}],"version-history":[{"count":1,"href":"https:\/\/parafiasmardzewo.pl\/index.php?rest_route=\/wp\/v2\/posts\/10816\/revisions"}],"predecessor-version":[{"id":10817,"href":"https:\/\/parafiasmardzewo.pl\/index.php?rest_route=\/wp\/v2\/posts\/10816\/revisions\/10817"}],"wp:featuredmedia":[{"embeddable":true,"href":"https:\/\/parafiasmardzewo.pl\/index.php?rest_route=\/wp\/v2\/media\/5378"}],"wp:attachment":[{"href":"https:\/\/parafiasmardzewo.pl\/index.php?rest_route=%2Fwp%2Fv2%2Fmedia&parent=10816"}],"wp:term":[{"taxonomy":"category","embeddable":true,"href":"https:\/\/parafiasmardzewo.pl\/index.php?rest_route=%2Fwp%2Fv2%2Fcategories&post=10816"},{"taxonomy":"post_tag","embeddable":true,"href":"https:\/\/parafiasmardzewo.pl\/index.php?rest_route=%2Fwp%2Fv2%2Ftags&post=10816"}],"curies":[{"name":"wp","href":"https:\/\/api.w.org\/{rel}","templated":true}]}}