{"id":11036,"date":"2026-09-05T20:31:32","date_gmt":"2026-09-05T18:31:32","guid":{"rendered":"https:\/\/parafiasmardzewo.pl\/?p=11036"},"modified":"2026-09-05T20:32:32","modified_gmt":"2026-09-05T18:32:32","slug":"dwudziesta-trzecia-niedziela-w-ciagu-roku-6-wrzesnia-2026","status":"publish","type":"post","link":"https:\/\/parafiasmardzewo.pl\/?p=11036","title":{"rendered":"DWUDZIESTA TRZECIA NIEDZIELA W CI\u0104GU ROKU &#8211; 6 wrze\u015bnia 2026"},"content":{"rendered":"<ol>\n<li>Dzisiaj, na Mszy \u015awi\u0119tej o godz. 9.00 b\u0119dzie po\u015bwi\u0119cenie tornistr\u00f3w i przybor\u00f3w szkolnych, natomiast po sumie b\u0119dzie adoracja Naj\u015bwi\u0119tszego Sakramentu i procesja z racji pierwszej niedzieli miesi\u0105ca. Po procesji b\u0119dzie kr\u00f3tkie spotkanie z kandydatami do bierzmowania.<\/li>\n<\/ol>\n<ol start=\"2\">\n<li>Dzisiaj dzieci z naszej parafii otrzymaj\u0105 ksi\u0105\u017ceczki zatytu\u0142owane: <strong>\u201ePrzypowie\u015bci i cuda Pana Jezusa\u201d. W ka\u017cd\u0105 niedziel\u0119 dzieci b\u0119d\u0105 otrzymywa\u0142y karteczki, kt\u00f3re trzeba wklei\u0107 do ksi\u0105\u017ceczki. We wprowadzeniu do tej ksi\u0105\u017ceczki, kt\u00f3rej autorem jest ks. Dariusz Nawara, czytamy: \u201eJezus w czasie trzech lat swojej dzia\u0142alno\u015bci g\u0142osi\u0142 wiele nauk. Ulubionym sposobem przekazywania prawdy o kr\u00f3lestwie Bo\u017cym i o tym, jak nale\u017cy dobrze swoje \u017cycie wykorzysta\u0107, by\u0142y dla Niego przypowie\u015bci. (\u2026)\u201d.<\/strong> Bardzo prosz\u0119 rodzic\u00f3w, aby w\u0142\u0105czyli si\u0119 razem z dzie\u0107mi do wype\u0142niania zada\u0144 wskazanych w ksi\u0105\u017ceczce. Mo\u017ce to by\u0107 bardzo po\u017cyteczna katecheza dla ca\u0142ej rodziny.<\/li>\n<li>Od pocz\u0105tku wrze\u015bnia modlimy si\u0119 o pok\u00f3j i dobre wychowanie m\u0142odego pokolenia. W zbli\u017caj\u0105c\u0105 si\u0119 rocznic\u0119 terrorystycznego zamachu na Word Trade Center w Nowym Jorku, 11 wrze\u015bnia (przypada w nadchodz\u0105cy pi\u0105tek), obejmijmy pami\u0119ci\u0105 ofiary tej i innych tragedii, kt\u00f3rych \u017ar\u00f3d\u0142em zawsze jest nienawi\u015b\u0107. Pro\u015bmy Chrystusa \u2013 Ksi\u0119cia Pokoju, aby nasze dzieci wzrasta\u0142y w poczuciu bezpiecze\u0144stwa i\u00a0w harmonii, a nasza Ojczyzna unikn\u0119\u0142a okrucie\u0144stwa terroryzmu.<\/li>\n<li>Wrzesie\u0144, podobnie jak sierpie\u0144, przemierzamy z Maryj\u0105. W najbli\u017cszy wtorek, 8 wrze\u015bnia, przypada jedno z najstarszych \u015bwi\u0105t maryjnych: Narodzenie Naj\u015bwi\u0119tszej Maryi Panny. W\u00a0naszej polskiej tradycji znane jest jako \u015bwi\u0119to Matki Bo\u017cej Siewnej. Parafia nasza prze\u017cywa\u0107 b\u0119dzie kolejny odpust. Msze \u015awi\u0119te w tym dniu b\u0119d\u0105 sprawowane wed\u0142ug nast\u0119puj\u0105cego porz\u0105dku: 9.00 \u2013 12.00 (adoracja Naj\u015bwi\u0119tszego Sakramentu i procesja wok\u00f3\u0142 \u015bwi\u0105tyni) \u2013 17.00. O godz. 11.30 R\u00f3\u017caniec w intencji rolnik\u00f3w, sadownik\u00f3w i ogrodnik\u00f3w. Na sumie b\u0119dziemy dzi\u0119kowa\u0107 za tegoroczne plony i zostanie pob\u0142ogos\u0142awiony wieniec oraz kosze z warzywami i owocami. Wieniec przygotowali mieszka\u0144cy Wierzb\u00f3wca. B\u0119dzie te\u017c po\u015bwi\u0119cenie ziarna pod zasiew tegoroczny. W poniedzia\u0142ek zapraszam na godz. 20.30 na r\u00f3\u017caniec w intencji rolnik\u00f3w, sadownik\u00f3w i ogrodnik\u00f3w. O godz. 21.00 b\u0119dzie Apel Jasnog\u00f3rski. Natomiast w pi\u0105tek, 12 wrze\u015bnia, w liturgii wspominamy Naj\u015bwi\u0119tsze Imi\u0119 Maryi.<\/li>\n<li>W przysz\u0142\u0105 niedziel\u0119, 13 wrze\u015bnia, rozpoczn\u0105 si\u0119 Kwartalne dni modlitw za dzieci, m\u0142odzie\u017c i wychowawc\u00f3w. <strong>W tym dniu zapraszam te\u017c na Nabo\u017ce\u0144stwo fatimskie o godz. 16.00<\/strong>. Zach\u0119cam te\u017c do nabycia prasy.<\/li>\n<\/ol>\n","protected":false},"excerpt":{"rendered":"<p>Dzisiaj, na Mszy \u015awi\u0119tej o godz. 9.00 b\u0119dzie po\u015bwi\u0119cenie tornistr\u00f3w i przybor\u00f3w szkolnych, natomiast po sumie b\u0119dzie adoracja Naj\u015bwi\u0119tszego Sakramentu i procesja z racji pierwszej niedzieli miesi\u0105ca. Po procesji b\u0119dzie kr\u00f3tkie spotkanie z kandydatami do bierzmowania. Dzisiaj dzieci z naszej parafii otrzymaj\u0105 ksi\u0105\u017ceczki zatytu\u0142owane: \u201ePrzypowie\u015bci i cuda Pana Jezusa\u201d. W ka\u017cd\u0105 niedziel\u0119 dzieci b\u0119d\u0105 otrzymywa\u0142y &hellip; <\/p>\n<p><a class=\"more-link btn\" href=\"https:\/\/parafiasmardzewo.pl\/?p=11036\">Kontynuuj czytanie<\/a><\/p>\n","protected":false},"author":2,"featured_media":5378,"comment_status":"open","ping_status":"open","sticky":false,"template":"","format":"standard","meta":[],"categories":[2],"tags":[],"_links":{"self":[{"href":"https:\/\/parafiasmardzewo.pl\/index.php?rest_route=\/wp\/v2\/posts\/11036"}],"collection":[{"href":"https:\/\/parafiasmardzewo.pl\/index.php?rest_route=\/wp\/v2\/posts"}],"about":[{"href":"https:\/\/parafiasmardzewo.pl\/index.php?rest_route=\/wp\/v2\/types\/post"}],"author":[{"embeddable":true,"href":"https:\/\/parafiasmardzewo.pl\/index.php?rest_route=\/wp\/v2\/users\/2"}],"replies":[{"embeddable":true,"href":"https:\/\/parafiasmardzewo.pl\/index.php?rest_route=%2Fwp%2Fv2%2Fcomments&post=11036"}],"version-history":[{"count":3,"href":"https:\/\/parafiasmardzewo.pl\/index.php?rest_route=\/wp\/v2\/posts\/11036\/revisions"}],"predecessor-version":[{"id":11039,"href":"https:\/\/parafiasmardzewo.pl\/index.php?rest_route=\/wp\/v2\/posts\/11036\/revisions\/11039"}],"wp:featuredmedia":[{"embeddable":true,"href":"https:\/\/parafiasmardzewo.pl\/index.php?rest_route=\/wp\/v2\/media\/5378"}],"wp:attachment":[{"href":"https:\/\/parafiasmardzewo.pl\/index.php?rest_route=%2Fwp%2Fv2%2Fmedia&parent=11036"}],"wp:term":[{"taxonomy":"category","embeddable":true,"href":"https:\/\/parafiasmardzewo.pl\/index.php?rest_route=%2Fwp%2Fv2%2Fcategories&post=11036"},{"taxonomy":"post_tag","embeddable":true,"href":"https:\/\/parafiasmardzewo.pl\/index.php?rest_route=%2Fwp%2Fv2%2Ftags&post=11036"}],"curies":[{"name":"wp","href":"https:\/\/api.w.org\/{rel}","templated":true}]}}