{"id":11040,"date":"2026-09-05T21:22:45","date_gmt":"2026-09-05T19:22:45","guid":{"rendered":"https:\/\/parafiasmardzewo.pl\/?p=11040"},"modified":"2026-09-05T21:22:45","modified_gmt":"2026-09-05T19:22:45","slug":"msze-swiete-od-7-13-wrzesnia-2026","status":"publish","type":"post","link":"https:\/\/parafiasmardzewo.pl\/?p=11040","title":{"rendered":"Msze \u015awi\u0119te od 7 &#8211; 13 wrze\u015bnia 2026"},"content":{"rendered":"<p><strong>Poniedzia\u0142ek<\/strong><\/p>\n<p><strong>godz. 7.30 + <\/strong>\u00a0Katarzyna Cichocka &#8211; gregorianka<\/p>\n<p><strong>godz. 17.00 <\/strong>+ Tadeusz (rocznica \u015bmierci) i Alina Marciszewscy i dziadk\u00f3w Marciszewskich<\/p>\n<p><strong>godz. 20.30<\/strong> R\u00d3\u017bANIEC<\/p>\n<p><strong>godz. 21.00<\/strong> APEL JASNOG\u00d3RSKI<\/p>\n<p><strong>Wtorek<\/strong><\/p>\n<p><strong>godz. 9.00 <\/strong>+ Irena i Ludwik M\u0119czy\u0144scy oraz Halina i Wac\u0142aw Nowakowscy<\/p>\n<p><strong>godz. 11.30 R\u00d3\u017bANIEC<\/strong><\/p>\n<p><strong>godz. 12.00<\/strong> W intencji parafian pielgrzym\u00f3w<\/p>\n<p><strong>godz. 17.00<\/strong> + Krystyna i Stanis\u0142aw Bandych, dziadk\u00f3w Bandych\u00f3w i W\u0142odarskich oraz\u00a0 W\u0142odzimierz\u00a0 i Stanis\u0142awa Osma\u0144scy; 2) +\u00a0 gregorianka; 3) + Bogdan Geller<\/p>\n<p><strong>\u015aroda<\/strong><\/p>\n<p><strong>godz. 17.00 <\/strong>+ \u00a0Tadeusz i Karolina Morawscy i Teresa Wi\u0119c\u0142awska<\/p>\n<p>godz. 18.00 + gregorianka<\/p>\n<p><strong>Czwartek\u00a0\u00a0\u00a0\u00a0\u00a0\u00a0\u00a0\u00a0\u00a0\u00a0\u00a0\u00a0\u00a0\u00a0\u00a0\u00a0\u00a0\u00a0\u00a0\u00a0\u00a0\u00a0\u00a0\u00a0\u00a0\u00a0\u00a0\u00a0\u00a0\u00a0\u00a0\u00a0\u00a0\u00a0\u00a0\u00a0\u00a0\u00a0\u00a0\u00a0\u00a0\u00a0\u00a0\u00a0\u00a0\u00a0\u00a0\u00a0\u00a0\u00a0\u00a0\u00a0\u00a0\u00a0\u00a0\u00a0\u00a0\u00a0\u00a0\u00a0\u00a0\u00a0\u00a0\u00a0\u00a0\u00a0\u00a0\u00a0\u00a0\u00a0\u00a0\u00a0\u00a0\u00a0\u00a0\u00a0\u00a0\u00a0\u00a0\u00a0\u00a0\u00a0\u00a0\u00a0\u00a0\u00a0\u00a0\u00a0\u00a0\u00a0\u00a0\u00a0\u00a0\u00a0\u00a0\u00a0\u00a0\u00a0\u00a0\u00a0\u00a0\u00a0\u00a0\u00a0\u00a0\u00a0\u00a0\u00a0\u00a0\u00a0\u00a0\u00a0\u00a0\u00a0\u00a0\u00a0\u00a0\u00a0\u00a0\u00a0\u00a0\u00a0\u00a0\u00a0\u00a0\u00a0\u00a0\u00a0\u00a0\u00a0\u00a0\u00a0\u00a0\u00a0\u00a0\u00a0\u00a0\u00a0\u00a0\u00a0\u00a0\u00a0\u00a0\u00a0\u00a0\u00a0\u00a0\u00a0\u00a0\u00a0\u00a0\u00a0\u00a0\u00a0\u00a0\u00a0\u00a0\u00a0 <\/strong><\/p>\n<p><strong>godz. 7.30 + <\/strong>\u00a0gregorianka<\/p>\n<p><strong>\u00a0godz. 17.00 <\/strong>\u00a0+ \u00a0Barbara i Kazimierz Dobaczewscy, dziadk\u00f3w Dobaczewskich i Rachockich<\/p>\n<p><strong>Pi\u0105tek<\/strong><\/p>\n<p><strong>godz. 7.30 <\/strong>+ \u00a0gregorianka<\/p>\n<p><strong>godz. 17.00 + <\/strong>\u00a0\u00a0Hanna (4. rocznica \u015bmierci) i Stanis\u0142aw Miecznikowscy i dziadk\u00f3w Grzelak\u00f3w<\/p>\n<p><strong>Sobota\u00a0\u00a0\u00a0\u00a0\u00a0 <\/strong><strong>\u00a0\u00a0\u00a0\u00a0\u00a0\u00a0\u00a0\u00a0\u00a0\u00a0\u00a0\u00a0\u00a0\u00a0\u00a0\u00a0\u00a0\u00a0\u00a0\u00a0\u00a0\u00a0\u00a0\u00a0\u00a0\u00a0\u00a0\u00a0\u00a0\u00a0\u00a0\u00a0\u00a0\u00a0\u00a0\u00a0\u00a0\u00a0\u00a0\u00a0\u00a0\u00a0\u00a0\u00a0\u00a0\u00a0\u00a0\u00a0\u00a0\u00a0\u00a0\u00a0\u00a0\u00a0\u00a0\u00a0\u00a0\u00a0\u00a0\u00a0\u00a0\u00a0\u00a0\u00a0\u00a0\u00a0\u00a0\u00a0\u00a0\u00a0\u00a0\u00a0\u00a0\u00a0\u00a0\u00a0\u00a0\u00a0\u00a0\u00a0\u00a0\u00a0\u00a0\u00a0\u00a0\u00a0\u00a0\u00a0\u00a0\u00a0\u00a0\u00a0\u00a0\u00a0\u00a0\u00a0\u00a0\u00a0\u00a0\u00a0\u00a0\u00a0\u00a0\u00a0\u00a0\u00a0\u00a0\u00a0\u00a0\u00a0\u00a0\u00a0\u00a0\u00a0\u00a0\u00a0\u00a0\u00a0\u00a0\u00a0\u00a0\u00a0\u00a0\u00a0\u00a0\u00a0\u00a0\u00a0\u00a0\u00a0\u00a0\u00a0\u00a0\u00a0\u00a0\u00a0\u00a0\u00a0\u00a0\u00a0\u00a0\u00a0\u00a0\u00a0\u00a0\u00a0\u00a0\u00a0\u00a0<\/strong><\/p>\n<p><strong>godz. \u00a07.30 + <\/strong>gregorianka<\/p>\n<p><strong>godz. 17.00 + <\/strong>Wojciech Kucharzak &#8211; urodzinowa<\/p>\n<p><strong>Niedziela\u00a0 \u00a0 \u00a0 \u00a0 \u00a0 \u00a0 \u00a0 \u00a0 \u00a0 \u00a0 \u00a0 \u00a0 \u00a0 \u00a0 \u00a0 \u00a0 \u00a0 \u00a0 \u00a0 \u00a0 \u00a0 \u00a0 \u00a0 \u00a0 \u00a0 \u00a0 \u00a0 \u00a0 \u00a0 \u00a0 \u00a0 \u00a0 \u00a0 \u00a0 \u00a0 \u00a0 \u00a0 \u00a0 \u00a0 \u00a0 \u00a0 \u00a0 \u00a0 \u00a0 \u00a0 \u00a0 \u00a0 \u00a0 \u00a0 \u00a0 \u00a0 \u00a0 \u00a0 \u00a0 \u00a0 \u00a0 \u00a0 \u00a0 \u00a0 \u00a0 \u00a0 \u00a0 \u00a0 \u00a0 \u00a0 \u00a0 \u00a0 \u00a0 \u00a0 \u00a0 \u00a0 \u00a0 \u00a0 \u00a0 \u00a0 \u00a0 \u00a0 \u00a0 \u00a0 \u00a0 \u00a0 \u00a0 \u00a0 \u00a0 \u00a0 \u00a0 \u00a0 \u00a0 \u00a0 \u00a0 \u00a0 \u00a0 \u00a0 \u00a0 \u00a0 \u00a0 \u00a0 \u00a0 \u00a0 \u00a0 \u00a0 \u00a0 \u00a0 \u00a0 \u00a0 \u00a0 <\/strong><strong>godz. 9.00 <\/strong>\u00a0+ \u00a0Marian i Aniela Wojciechowscy, Hieronim i Krystyna Ko\u0142odziejczyk ; 2) O\u00a0 \u0142ask\u0119 zdrowia dla Pauliny<\/p>\n<p><strong>godz. 10.45 <\/strong>Dzi\u0119kczynna i o Bo\u017ce b\u0142ogos\u0142awie\u0144stwo dla P. Sylwii i Andrzeja Wasiak\u00f3w w rocznic\u0119 \u015blubu (20) i o Bo\u017ce b\u0142ogos\u0142awie\u0144stwo dla dzieci; \u00a02) +Anna i Kazimierz Dominiak \u2013 rocznica \u015bmierci (40)<\/p>\n<p><strong>godz. 16.00 \u00a0<\/strong>+ \u00a0gregorianka; 2) W intencji parafian i go\u015bci <strong>\/ Nabo\u017ce\u0144stwo fatimskie po Mszy \u015awi\u0119tej o godz. 16.00<\/strong><\/p>\n","protected":false},"excerpt":{"rendered":"<p>Poniedzia\u0142ek godz. 7.30 + \u00a0Katarzyna Cichocka &#8211; gregorianka godz. 17.00 + Tadeusz (rocznica \u015bmierci) i Alina Marciszewscy i dziadk\u00f3w Marciszewskich godz. 20.30 R\u00d3\u017bANIEC godz. 21.00 APEL JASNOG\u00d3RSKI Wtorek godz. 9.00 + Irena i Ludwik M\u0119czy\u0144scy oraz Halina i Wac\u0142aw Nowakowscy godz. 11.30 R\u00d3\u017bANIEC godz. 12.00 W intencji parafian pielgrzym\u00f3w godz. 17.00 + Krystyna i Stanis\u0142aw &hellip; <\/p>\n<p><a class=\"more-link btn\" href=\"https:\/\/parafiasmardzewo.pl\/?p=11040\">Kontynuuj czytanie<\/a><\/p>\n","protected":false},"author":2,"featured_media":10937,"comment_status":"open","ping_status":"open","sticky":false,"template":"","format":"standard","meta":[],"categories":[1],"tags":[],"_links":{"self":[{"href":"https:\/\/parafiasmardzewo.pl\/index.php?rest_route=\/wp\/v2\/posts\/11040"}],"collection":[{"href":"https:\/\/parafiasmardzewo.pl\/index.php?rest_route=\/wp\/v2\/posts"}],"about":[{"href":"https:\/\/parafiasmardzewo.pl\/index.php?rest_route=\/wp\/v2\/types\/post"}],"author":[{"embeddable":true,"href":"https:\/\/parafiasmardzewo.pl\/index.php?rest_route=\/wp\/v2\/users\/2"}],"replies":[{"embeddable":true,"href":"https:\/\/parafiasmardzewo.pl\/index.php?rest_route=%2Fwp%2Fv2%2Fcomments&post=11040"}],"version-history":[{"count":1,"href":"https:\/\/parafiasmardzewo.pl\/index.php?rest_route=\/wp\/v2\/posts\/11040\/revisions"}],"predecessor-version":[{"id":11041,"href":"https:\/\/parafiasmardzewo.pl\/index.php?rest_route=\/wp\/v2\/posts\/11040\/revisions\/11041"}],"wp:featuredmedia":[{"embeddable":true,"href":"https:\/\/parafiasmardzewo.pl\/index.php?rest_route=\/wp\/v2\/media\/10937"}],"wp:attachment":[{"href":"https:\/\/parafiasmardzewo.pl\/index.php?rest_route=%2Fwp%2Fv2%2Fmedia&parent=11040"}],"wp:term":[{"taxonomy":"category","embeddable":true,"href":"https:\/\/parafiasmardzewo.pl\/index.php?rest_route=%2Fwp%2Fv2%2Fcategories&post=11040"},{"taxonomy":"post_tag","embeddable":true,"href":"https:\/\/parafiasmardzewo.pl\/index.php?rest_route=%2Fwp%2Fv2%2Ftags&post=11040"}],"curies":[{"name":"wp","href":"https:\/\/api.w.org\/{rel}","templated":true}]}}