{"id":11042,"date":"2026-09-05T21:25:59","date_gmt":"2026-09-05T19:25:59","guid":{"rendered":"https:\/\/parafiasmardzewo.pl\/?p=11042"},"modified":"2026-09-05T21:26:29","modified_gmt":"2026-09-05T19:26:29","slug":"list-pasterski-z-okazji-xvi-tygodnia-wychowania","status":"publish","type":"post","link":"https:\/\/parafiasmardzewo.pl\/?p=11042","title":{"rendered":"LIST PASTERSKI Z OKAZJI XVI TYGODNIA WYCHOWANIA"},"content":{"rendered":"<p>&#8220;<strong>Gdzie s\u0105 dwaj albo trzej&#8221;<\/strong> (Mt 18, 20). Wychowanie i formacja we wsp\u00f3lnocie wiary<\/p>\n<p><strong>\u00a0\u00a0\u00a0 Drodzy Bracia i Siostry!<\/strong><\/p>\n<p>S\u0142owa Jezusa z dzisiejszej Ewangelii<strong>: \u201eGdzie s\u0105 dwaj albo trzej zebrani w imi\u0119 moje, tam jestem po\u015br\u00f3d nich\u201d<\/strong> (Mt 18, 20), przypominaj\u0105 nam, \u017ce ewangelizacja zaczyna si\u0119 od spotkania. Jezus m\u00f3wi o niewielkiej grupie os\u00f3b, kt\u00f3ra gromadzi si\u0119 w Jego imi\u0119, by do\u015bwiadczy\u0107 Jego obecno\u015bci. W tegorocznym li\u015bcie pasterskim z okazji Tygodnia Wychowania chcemy zach\u0119ci\u0107 duszpasterzy i wiernych \u015bwieckich do podj\u0119cia w\u0142a\u015bnie takich spotka\u0144 w naszych wsp\u00f3lnotach parafialnych.<\/p>\n<ol>\n<li><strong> Odpowiedzialno\u015b\u0107 zrodzona z mi\u0142o\u015bci<\/strong><\/li>\n<\/ol>\n<p>W dzisiejszym pierwszym czytaniu prorok Ezechiel przypomina swoim wsp\u00f3\u0142czesnym o obowi\u0105zku bycia <strong>\u201estr\u00f3\u017cem domu Izraela\u201d<\/strong> (Ez 33, 7-9). W \u015bwietle misji Ko\u015bcio\u0142a bycie str\u00f3\u017cem oznacza postaw\u0119 towarzyszenia drugiemu cz\u0142owiekowi. Nie jest to jedynie surowy nakaz, ale \u2013 jak wskazuje \u015bw. Pawe\u0142 \u2013 troska wyp\u0142ywaj\u0105ca z mi\u0142o\u015bci, kt\u00f3ra jest <strong>\u201edoskona\u0142ym wype\u0142nieniem Prawa\u201d<\/strong> (Rz 13, 10).<br \/>\nMi\u0142o\u015b\u0107 bli\u017aniego sprawia, \u017ce nie mo\u017cemy pozosta\u0107 oboj\u0119tni na oczywisty fakt, i\u017c wielu naszych braci i si\u00f3str utraci\u0142o dzi\u015b \u017cyw\u0105 relacj\u0119 z Chrystusem. Z tej pasterskiej troski wyrasta potrzeba przemy\u015blenia na nowo duszpasterstwa w naszych parafiach. Chcemy, aby sta\u0142o si\u0119 ono przestrzeni\u0105 spotkania dla ka\u017cdego: dla os\u00f3b g\u0142\u0119boko wierz\u0105cych, ale tak\u017ce dla poszukuj\u0105cych czy zdystansowanych do spraw wiary. Wielu z nas, patrz\u0105c na dzisiejszy \u015bwiat, czuje narastaj\u0105cy ha\u0142as informacyjny i po\u015bpiech, kt\u00f3ry sprawia, \u017ce coraz trudniej us\u0142ysze\u0107 g\u0142os w\u0142asnego serca, a co dopiero g\u0142os Boga. Zainspirowani nauczaniem Jezusa o uczniach zebranych w Jego imi\u0119 chcemy dzi\u015b zaprosi\u0107 Was do wsp\u00f3lnego spojrzenia na nasze parafie nie jako na urz\u0119dy, ale na miejsca autentycznego spotkania z Bogiem i bli\u017animi.<br \/>\nCz\u0119sto my\u015blimy o wierze przez pryzmat zakaz\u00f3w i nakaz\u00f3w, traktuj\u0105c przykazania jak ci\u0119\u017cki plecak pe\u0142en kamieni, kt\u00f3ry trudno ud\u017awign\u0105\u0107. Tymczasem kolejno\u015b\u0107 w chrze\u015bcija\u0144stwie jest inna: najpierw jest osobista relacja z Jezusem. To z niej wyp\u0142ywa dobre \u017cycie. Kiedy do\u015bwiadczamy mi\u0142o\u015bci Boga, kt\u00f3ry kocha nas bez wzgl\u0119du na wszystko &#8211; wspomniany plecak przykaza\u0144 przestaje by\u0107 ci\u0119\u017carem. Przykazania wtedy staj\u0105 si\u0119 naturalnym owocem blisko\u015bci z Jezusem a nie narzuconym ograniczeniem. \u015aw. Pawe\u0142 przypomina, \u017ce wszystko streszcza si\u0119 w mi\u0142o\u015bci: kto prawdziwie kocha Boga, ten nie koncentruje si\u0119 na wype\u0142nianiu przepis\u00f3w, lecz chce mie\u0107 z Nim relacj\u0119. Kto kocha bli\u017aniego, nie czyni mu krzywdy nie dlatego, \u017ce kto\u015b mu tego zabrania, ale dlatego, \u017ce mi\u0142o\u015b\u0107 z natury nie wyrz\u0105dza z\u0142a. Katecheza w parafii ma by\u0107 w\u0142a\u015bnie tak\u0105 drog\u0105 prowadz\u0105c\u0105 do spotkania z Osob\u0105 Jezusa. \u017bycie wtedy staje si\u0119 pi\u0119kne i wolne dzi\u0119ki Jego \u0142asce.<\/p>\n<ol>\n<li><strong> Spotkania w ma\u0142ych grupach<\/strong><\/li>\n<\/ol>\n<p>Katecheza parafialna nie jest powt\u00f3rzeniem szkolnej lekcji religii. Cho\u0107 religia w szkole pozostaje niezwykle cenna i nieodzowna dla rozwoju dziecka i poznawania Boga, katecheza w parafii ma inny cel i inn\u0105 form\u0119. Opiera si\u0119 ona na spotkaniach w ma\u0142ych grupach, gdzie mo\u017cna porozmawia\u0107 szczerze, bez maski. To w\u0142a\u015bnie w takich grupach realizuje si\u0119 pragnienie Jezusa: <strong>\u201eGdzie s\u0105 dwaj albo trzej&#8230; tam Jestem po\u015br\u00f3d nich\u201d. <\/strong>W ma\u0142ych grupach parafialnych jest tak\u017ce miejsce na ufn\u0105 modlitw\u0119, kt\u00f3rej towarzyszy obietnica, o kt\u00f3rej przed chwil\u0105 us\u0142yszeli\u015bmy<strong>: \u201eJe\u015bli dw\u00f3ch z was na ziemi zgodnie o co\u015b prosi\u0107 b\u0119dzie, to wszystko otrzymaj\u0105 od mojego Ojca\u201d.<\/strong> Dzieci, m\u0142odzie\u017c i doro\u015bli, uczestnicz\u0105c w tych spotkaniach, b\u0119d\u0105 mieli okazj\u0119 dzieli\u0107 si\u0119 z innymi swymi problemami. Kiedy dzielimy si\u0119 ci\u0119\u017carem z naszymi bra\u0107mi i siostrami, a oni bior\u0105 go na swoje ramiona w modlitwie, Ewangelia przestaje by\u0107 tekstem z przesz\u0142o\u015bci. Staje si\u0119 okazj\u0105 do wzajemnej mi\u0142o\u015bci \u015bwiadczonej przez czynn\u0105 pomoc i modlitw\u0119.<br \/>\nSp\u00f3jrzmy na Ko\u015bci\u00f3\u0142 we Francji. Wed\u0142ug naj\u015bwie\u017cszych danych z tegorocznych obchod\u00f3w Wigilii Paschalnej liczba chrzt\u00f3w przekroczy\u0142a tam 21 tysi\u0119cy. Wzros\u0142a o blisko 20 procent w por\u00f3wnaniu z ubieg\u0142ym rokiem. Jest to najwy\u017cszy wynik od lat. Najbardziej zdumiewa fakt, \u017ce wi\u0119kszo\u015b\u0107 nowych wiernych to tak zwane pokolenie \u201eZ\u201d \u2013 m\u0142odzi ludzie, kt\u00f3rzy nie wychowali si\u0119 w rodzinach wierz\u0105cych. Francuzi wracaj\u0105cy do wiary cz\u0119sto podkre\u015blaj\u0105, \u017ce pomog\u0142o im osobiste \u015bwiadectwo konkretnych os\u00f3b: wierz\u0105cych przyjaci\u00f3\u0142, dziadk\u00f3w, rodzic\u00f3w, a tak\u017ce kap\u0142an\u00f3w i katechet\u00f3w. W ich relacjach pojawia si\u0119 my\u015bl, \u017ce nie chodzi\u0142o tylko o teoretyczne argumenty, lecz o spotkanie z kim\u015b, kto \u017cyje wiar\u0105 w spos\u00f3b wiarygodny i zaprasza do Ko\u015bcio\u0142a. Warto te\u017c zauwa\u017cy\u0107, \u017ce wi\u0119kszo\u015b\u0107 nowo ochrzczonych skierowa\u0142o sw\u0105 uwag\u0119 na sprawy wiary dzi\u0119ki mediom internetowym. By\u0142 to pierwszy impuls, kt\u00f3ry zainspirowa\u0142 ich do kontaktu z osobami zaanga\u017cowanymi w \u017cycie Ko\u015bcio\u0142a i zainteresowania si\u0119 liturgi\u0105. Dla nas w Polsce jest to jasny sygna\u0142: sekularyzacja nie jest wyrokiem, ale wezwaniem, by zacz\u0105\u0107 budowa\u0107 wsp\u00f3lnoty, w kt\u00f3rych Jezus naprawd\u0119 jest po\u015br\u00f3d nas.<\/p>\n<p><strong>III. Przekazywanie p\u0142omienia wiary<\/strong><\/p>\n<p>Przekazywanie wiary jest jak podawanie ognia z zapalonej \u015bwiecy. W\u0142a\u015bnie katecheza parafialna stwarza wyj\u0105tkow\u0105 okazj\u0119 do tego, by spotka\u0107 autentycznych \u015bwiadk\u00f3w wiary \u2013 duszpasterzy i animator\u00f3w, kt\u00f3rzy nie tylko nauczaj\u0105 o Bogu, ale dziel\u0105 si\u0119 tym, jak do\u015bwiadczaj\u0105 go w swoim \u017cyciu. Warto w tym miejscu odnie\u015b\u0107 si\u0119 do Ewangelii \u015bw. \u0141ukasza. Ewangelista kre\u015bli przejmuj\u0105cy obraz drogi do wiary w zmartwychwsta\u0142ego Jezusa, kt\u00f3ra zaczyna si\u0119 od g\u0142\u0119bokiego, osobistego prze\u017cycia. Maria Magdalena wraz z innymi niewiastami uda\u0142a si\u0119 do grobu Jezusa. Zaskoczone kobiety stwierdzi\u0142y, \u017ce gr\u00f3b jest pusty i nie ma w nim cia\u0142a Pana. W sytuacji zagubienia i bezradno\u015bci spotka\u0142y dw\u00f3ch \u015bwiadk\u00f3w &#8211; m\u0119\u017cczyzn w l\u015bni\u0105cych szatach, kt\u00f3rzy og\u0142osili im, \u017ce \u017byj\u0105cego nie ma w\u015br\u00f3d umar\u0142ych (\u0141k 24, 1-10). To do\u015bwiadczenie \u2013 bezradno\u015bci zmieszanej z widokiem odwalonego kamienia, blaskiem bij\u0105cym z szat tajemniczych postaci \u2013 jest do\u015bwiadczeniem l\u0119ku, kt\u00f3ry spotka\u0142 si\u0119 z nadziej\u0105, ta za\u015b sta\u0142a si\u0119 fundamentem ich \u015bwiadectwa. Niewiasty, na czele z Mari\u0105 Magdalen\u0105, pobieg\u0142y z radosn\u0105 wiadomo\u015bci\u0105 do jedenastu Aposto\u0142\u00f3w i natrafi\u0142y na mur niedowierzania. Ewangelista odnotowuje, \u017ce s\u0142owa kobiet <strong>\u201ewyda\u0142y im si\u0119 czcz\u0105 gadanin\u0105 i nie dali im wiary\u201d<\/strong> (\u0141k 24, 11). To bolesne zderzenie wynika\u0142o z prostego faktu: Maria Magdalena i jej towarzyszki nie tylko us\u0142ysza\u0142y o zmartwychwstaniu Jezusa, ale prze\u017cy\u0142y spotkanie ze \u015bwiadkami, kt\u00f3rzy z moc\u0105 wyprowadzili je z mroku grobu ku \u015bwiat\u0142u prawdy. Tymczasem Aposto\u0142owie wci\u0105\u017c tkwili w przesz\u0142o\u015bci \u2013 dla nich Pan by\u0142 wci\u0105\u017c zamkni\u0119ty w ciemno\u015bciach grobu, a relacje kobiet by\u0142y jedynie s\u0142owami. Aposto\u0142owie nie dotkn\u0119li jeszcze tajemnicy zmartwychwstania. Wspomniana relacja rzuca kluczowe \u015bwiat\u0142o na sens katechezy parafialnej: chodzi w niej o przej\u015bcie od teoretycznych tre\u015bci o Bogu, traktowanych dzi\u015b przez wiele os\u00f3b, przyznajmy to z b\u00f3lem, jako <strong>\u201eczcza gadanina<\/strong>\u201d, do osobistego do\u015bwiadczenia obecno\u015bci \u017cywego Jezusa dzi\u0119ki spotkaniu z lud\u017ami, kt\u00f3rzy \u2013 podobnie jak \u015bwiadkowie przy grobie \u2013 potrafi\u0105 przekona\u0107, \u017ce On \u017cyje. Dopiero \u017cywy kontakt z Panem, zapo\u015bredniczony przez autentyczne i \u017carliwe \u015bwiadectwo drugiego cz\u0142owieka, przemienia martw\u0105 liter\u0119 przekazywanych tre\u015bci w pulsuj\u0105ce \u017cycie wiary.<\/p>\n<ol>\n<li><strong> Us\u0142ysze\u0107 g\u0142os Pana<\/strong><\/li>\n<\/ol>\n<p>Na koniec chcemy zostawi\u0107 Was wszystkich, a szczeg\u00f3lnie Was, Drodzy Wsp\u00f3\u0142bracia w kap\u0142a\u0144stwie, z poruszaj\u0105cym wezwaniem dzisiejszego psalmu: <strong>\u201eS\u0142ysz\u0105c g\u0142os Pana, serc nie zatwardzajcie\u201d.<\/strong> Odczytajmy dzi\u015b to wo\u0142anie jako pro\u015bb\u0119 Boga o nasz\u0105 pastersk\u0105 otwarto\u015b\u0107. Serce twardnieje niepostrze\u017cenie \u2013 czasem z l\u0119ku przed nieznanym, czasem z rutyny, a najcz\u0119\u015bciej ze zm\u0119czenia codzienn\u0105 pos\u0142ug\u0105. Historia z pustyni, o kt\u00f3rej wspomina psalmista, to przestroga przed sytuacj\u0105, w kt\u00f3rej mimo ogl\u0105dania Bo\u017cych dzie\u0142, w obliczu nowych wyzwa\u0144 zamykamy si\u0119 na natchnienia Ducha \u015awi\u0119tego. Dlatego zach\u0119camy Was: nie zamykajmy si\u0119 na te wskazania duszpasterskie. Wiemy, \u017ce w wielu parafiach takie starania s\u0105 ju\u017c owocnie podejmowane \u2013 wielu z Was od lat z wielkim po\u015bwi\u0119ceniem buduje ma\u0142e wsp\u00f3lnoty i towarzyszy braciom i siostrom w ich drodze wiary. Niniejsza pro\u015bba nie jest pr\u00f3b\u0105 narzucania nowych rozwi\u0105za\u0144, lecz zach\u0119t\u0105 do wsp\u00f3lnego odczytania znak\u00f3w czasu. Stajemy dzi\u015b przed fundamentalnym pytaniem o przysz\u0142o\u015b\u0107 naszych wsp\u00f3lnot. Odpowied\u017a na nie wymaga konkretnych dzia\u0142a\u0144, kt\u00f3re pozwol\u0105 nam przej\u015b\u0107 od modelu administrowania parafi\u0105 do odwa\u017cnej ewangelizacji.<br \/>\nNiech ten impuls do odnowy katechezy parafialnej nie b\u0119dzie traktowany przez nas, duszpasterzy, jako dodatkowy ci\u0119\u017car, ale jako szansa na powr\u00f3t do istoty naszego powo\u0142ania \u2013 do bycia \u015bwiadkami, kt\u00f3rzy pomagaj\u0105 innym odnale\u017a\u0107 \u017cywego Boga. Pozw\u00f3lmy, by te my\u015bli sta\u0142y si\u0119 dla nas narz\u0119dziem budowania Ko\u015bcio\u0142a \u017cywego, w kt\u00f3rym ka\u017cdy cz\u0142owiek czuje si\u0119 zauwa\u017cony i wezwany do blisko\u015bci z Chrystusem.<br \/>\nNa drog\u0119 ufnego otwierania serc na g\u0142os Ducha \u015awi\u0119tego oraz na trud podejmowania duszpasterskiej odnowy z serca Wszystkim b\u0142ogos\u0142awimy: W imi\u0119 Ojca i Syna, i Ducha \u015awi\u0119tego.<\/p>\n<p>\u0141om\u017ca, 10 czerwca 2026 r.55<\/p>\n<p><em>Podpisali pasterze Ko\u015bcio\u0142a katolickiego w Polsce obecni na 405. Zebraniu Plenarnym Konferencji Episkopatu Polski.<\/em><\/p>\n<p>ZARZ\u0104DZENIE: List pasterski Konferencji Episkopatu Polski nale\u017cy odczyta\u0107 w niedziel\u0119 6 wrze\u015bnia br., podczas wszystkich Mszy \u015bw., w ramach kazania.<\/p>\n<p>P\u0142ock, dnia 4 wrze\u015bnia 2026 r.<\/p>\n<p>\u2020<em> Miros\u0142aw Milewski<\/em><br \/>\n<em>Wikariusz Generalny<\/em><\/p>\n<p>&nbsp;<\/p>\n<p>&nbsp;<\/p>\n","protected":false},"excerpt":{"rendered":"<p>&#8220;Gdzie s\u0105 dwaj albo trzej&#8221; (Mt 18, 20). Wychowanie i formacja we wsp\u00f3lnocie wiary \u00a0\u00a0\u00a0 Drodzy Bracia i Siostry! S\u0142owa Jezusa z dzisiejszej Ewangelii: \u201eGdzie s\u0105 dwaj albo trzej zebrani w imi\u0119 moje, tam jestem po\u015br\u00f3d nich\u201d (Mt 18, 20), przypominaj\u0105 nam, \u017ce ewangelizacja zaczyna si\u0119 od spotkania. Jezus m\u00f3wi o niewielkiej grupie os\u00f3b, kt\u00f3ra &hellip; <\/p>\n<p><a class=\"more-link btn\" href=\"https:\/\/parafiasmardzewo.pl\/?p=11042\">Kontynuuj czytanie<\/a><\/p>\n","protected":false},"author":2,"featured_media":10902,"comment_status":"open","ping_status":"open","sticky":false,"template":"","format":"standard","meta":[],"categories":[6],"tags":[],"_links":{"self":[{"href":"https:\/\/parafiasmardzewo.pl\/index.php?rest_route=\/wp\/v2\/posts\/11042"}],"collection":[{"href":"https:\/\/parafiasmardzewo.pl\/index.php?rest_route=\/wp\/v2\/posts"}],"about":[{"href":"https:\/\/parafiasmardzewo.pl\/index.php?rest_route=\/wp\/v2\/types\/post"}],"author":[{"embeddable":true,"href":"https:\/\/parafiasmardzewo.pl\/index.php?rest_route=\/wp\/v2\/users\/2"}],"replies":[{"embeddable":true,"href":"https:\/\/parafiasmardzewo.pl\/index.php?rest_route=%2Fwp%2Fv2%2Fcomments&post=11042"}],"version-history":[{"count":2,"href":"https:\/\/parafiasmardzewo.pl\/index.php?rest_route=\/wp\/v2\/posts\/11042\/revisions"}],"predecessor-version":[{"id":11044,"href":"https:\/\/parafiasmardzewo.pl\/index.php?rest_route=\/wp\/v2\/posts\/11042\/revisions\/11044"}],"wp:featuredmedia":[{"embeddable":true,"href":"https:\/\/parafiasmardzewo.pl\/index.php?rest_route=\/wp\/v2\/media\/10902"}],"wp:attachment":[{"href":"https:\/\/parafiasmardzewo.pl\/index.php?rest_route=%2Fwp%2Fv2%2Fmedia&parent=11042"}],"wp:term":[{"taxonomy":"category","embeddable":true,"href":"https:\/\/parafiasmardzewo.pl\/index.php?rest_route=%2Fwp%2Fv2%2Fcategories&post=11042"},{"taxonomy":"post_tag","embeddable":true,"href":"https:\/\/parafiasmardzewo.pl\/index.php?rest_route=%2Fwp%2Fv2%2Ftags&post=11042"}],"curies":[{"name":"wp","href":"https:\/\/api.w.org\/{rel}","templated":true}]}}