{"id":2835,"date":"2016-11-07T01:40:44","date_gmt":"2016-11-07T00:40:44","guid":{"rendered":"http:\/\/parafiasmardzewo.pl\/?p=2835"},"modified":"2016-11-07T01:41:38","modified_gmt":"2016-11-07T00:41:38","slug":"demony-boja-sie-rozanca","status":"publish","type":"post","link":"https:\/\/parafiasmardzewo.pl\/?p=2835","title":{"rendered":"Demony boj\u0105 si\u0119 R\u00f3\u017ca\u0144ca"},"content":{"rendered":"<div class=\"txt__lead\">\n<h3>Egzorcyzm kojarzy si\u0119 powszechnie z liturgicznym obrz\u0119dem, kt\u00f3ry ma na celu uwolnienie osoby op\u0119tanej od dzia\u0142ania z\u0142ego ducha. Okazuje si\u0119 jednak, \u017ce ka\u017cdy chrze\u015bcijanin mo\u017ce si\u0119 czu\u0107 bezpieczniejszy wobec jego zgubnych mocy. Wystarczy wzi\u0105\u0107 do r\u0119ki r\u00f3\u017caniec<\/h3>\n<\/div>\n<div class=\" txt__rich-area\">\n<h3>Jakie znaczenie ma modlitwa r\u00f3\u017ca\u0144cowa dla wsp\u00f3\u0142czesnych chrze\u015bcijan? Na pewno napisano o\u00a0R\u00f3\u017ca\u0144cu tysi\u0105ce tekst\u00f3w. Omawiany jest on w\u00a0aspekcie historycznym i\u00a0mistycznym. Warto przyjrze\u0107 si\u0119 obietnicom zwi\u0105zanym z\u00a0odmawianiem tej modlitwy, ze szczeg\u00f3lnym uwzgl\u0119dnieniem czas\u00f3w wsp\u00f3\u0142czesnych. Mniej znane, a\u00a0na pewno zas\u0142uguj\u0105ce na przytoczenie s\u0105 np. obietnice dane b\u0142. Alanowi de la Roche. Ten urodzony w\u00a01428 r. dominikanin stworzy\u0142 kszta\u0142t koronki, kt\u00f3ry przetrwa\u0142 do dzisiaj. Podzieli\u0142 j\u0105 na 5 tajemnic sk\u0142adaj\u0105cych si\u0119 z\u00a010 paciork\u00f3w i\u00a0nazwa\u0142 j\u0105 Psa\u0142terzem Maryi. Jak dowiadujemy si\u0119 z\u00a0objawie\u0144 b\u0142ogos\u0142awionego, R\u00f3\u017caniec ma by\u0107 najpot\u0119\u017cniejsz\u0105 broni\u0105 przeciw piek\u0142u, ma wyniszczy\u0107 po\u017c\u0105dliwo\u015bci, usun\u0105\u0107 grzechy, wyt\u0119pi\u0107 herezje.<\/h3>\n<h3><strong>Nada\u0142 R\u00f3\u017ca\u0144cowi wyj\u0105tkow\u0105 moc<\/strong><\/h3>\n<h3>Poniewa\u017c czasy ostateczne maj\u0105 si\u0119 wi\u0105za\u0107 z\u00a0wyj\u0105tkow\u0105 aktywno\u015bci\u0105 z\u0142ego ducha, a\u00a0wiele symptom\u00f3w wskazuje, \u017ce \u017cyjemy dzi\u015b w\u00a0tych czasach, R\u00f3\u017caniec mo\u017ce by\u0107 potraktowany jako or\u0119\u017c przeciwko szatanowi.<\/h3>\n<h3>Oko\u0142o 1981 r. mia\u0142o miejsce wydarzenie przytaczane p\u00f3\u017aniej przez bp. Kazimierza Kraszewskiego. Rzecz mia\u0142a miejsce w Watykanie podczas prywatnej audiencji Polak\u00f3w u\u00a0Ojca \u015awi\u0119tego Jana Paw\u0142a II. Papie\u017c Polak mia\u0142 najpierw pochwali\u0107 zwyczaj odmawiania egzorcyzmu papie\u017ca Leona XIII, a\u00a0p\u00f3\u017aniej wyci\u0105gn\u0105\u0142 z\u00a0kieszeni r\u00f3\u017caniec i\u00a0pokazawszy go zebranym, zapewni\u0142, \u017ce to jest egzorcyzm przeciwko wszystkim z\u0142ym duchom, dost\u0119pny tak\u017ce dla \u015bwieckich. Zauwa\u017cywszy zaskoczenie na twarzach, doda\u0142: \u201e\u017beby\u015bcie nie mieli w\u0105tpliwo\u015bci, to ja w\u00a0tej chwili nadaj\u0119 R\u00f3\u017ca\u0144cowi moc egzorcyzmu!\u201d.<\/h3>\n<h3>Niejako w\u00a0\u015blad za objawieniami, wyja\u015bnieniami teolog\u00f3w i\u00a0rozporz\u0105dzeniami papie\u017cy idzie ludowa pobo\u017cno\u015b\u0107. W\u015br\u00f3d obraz\u00f3w pr\u00f3buj\u0105cych ukaza\u0107 wielko\u015b\u0107 R\u00f3\u017ca\u0144ca mo\u017cna spotka\u0107 wizje piek\u0142a: kot\u0142y z\u00a0rozgrzan\u0105 do czerwono\u015bci zawarto\u015bci\u0105 i\u00a0ludzi doznaj\u0105cych w\u00a0nich piekielnych katuszy. To oczywi\u015bcie metafora piek\u0142a jako miejsca wiecznej samotno\u015bci. Co znamienne, w\u00a0wizjach tych bardzo cz\u0119sto ratunkiem okazuje si\u0119 Matka Naj\u015bwi\u0119tsza. Za pomoc\u0105 R\u00f3\u017ca\u0144ca \u015bw. wyci\u0105ga Ona skaza\u0144c\u00f3w na wolno\u015b\u0107. Pomaga im wyj\u015b\u0107 z\u00a0piek\u0142a, trzymaj\u0105c ich mocno za pomoc\u0105 koronki z\u00a0paciork\u00f3w.<\/h3>\n<h3>Obraz ten ma charakter metaforyczny. Teologia podpowiada, \u017ce je\u015bli kto\u015b dostanie si\u0119 do piek\u0142a, to taki stan jest wieczny. Jego istot\u0105 jest niejako beznadzieja (wszyscy, kt\u00f3rzy tu wchodzicie, porzu\u0107cie wszelk\u0105 nadziej\u0119). Natomiast dla ludzi \u017cyj\u0105cych w\u00a0doczesno\u015bci teraz jest w\u0142a\u015bnie czas odmawiania R\u00f3\u017ca\u0144ca. Je\u015bli w\u00a0piekle ma by\u0107 za p\u00f3\u017ano, teraz trzeba chwyci\u0107 za t\u0119 koronk\u0119, kt\u00f3ra Maryi pomo\u017ce uratowa\u0107 nas z\u00a0piekielnych czelu\u015bci.<\/h3>\n<h3><strong>Modlitwa na nasze czasy<\/strong><\/h3>\n<h3>Wspomnienie Matki Bo\u017cej R\u00f3\u017ca\u0144cowej (7 pa\u017adziernika) nabiera dzi\u015b nowego znaczenia. Jego pocz\u0105tki wi\u0105\u017c\u0105 si\u0119 bowiem z\u00a0obron\u0105 chrze\u015bcija\u0144stwa przed islamem. Czy dzisiaj tak\u017ce R\u00f3\u017caniec uratuje Europ\u0119? To pytanie warto postawi\u0107 sobie w\u00a0obliczu ekspansji islamu.<\/h3>\n<h3>Rzecz mia\u0142a miejsce w\u00a01571 r. Turecki su\u0142tan Selim II zamierza\u0142 podbi\u0107 ca\u0142\u0105 Europ\u0119 i\u00a0rozkrzewi\u0107 na jej terytorium wiar\u0119 muzu\u0142ma\u0144sk\u0105. Papie\u017cem by\u0142 w\u00f3wczas Pius V. Z\u00a0perspektywy minionych wiek\u00f3w trzeba powiedzie\u0107, \u017ce szcz\u0119\u015bliwie nale\u017ca\u0142 on do Zakonu Dominikan\u00f3w, wi\u0119c \u017cywi\u0142 szczeg\u00f3ln\u0105 pobo\u017cno\u015b\u0107 do modlitwy r\u00f3\u017ca\u0144cowej.<\/h3>\n<h3><strong>Ku chwale nieba<\/strong><\/h3>\n<h3>Us\u0142yszawszy o\u00a0zbli\u017caj\u0105cej si\u0119 wojnie, ze \u0142zami w\u00a0oczach zacz\u0105\u0142 zanosi\u0107 \u017carliwe modlitwy do Maryi; powierzy\u0142 Jej sw\u0105 trosk\u0119 w\u0142a\u015bnie podczas odmawiania R\u00f3\u017ca\u0144ca. Nagle dozna\u0142 mistycznej wizji: przed oczyma stan\u0119\u0142a mu bitwa pod Lepanto, w\u00a0czasie kt\u00f3rej mia\u0142a miejsce potyczka mi\u0119dzy wojskami chrze\u015bcija\u0144skimi i\u00a0islamskimi. Zapewne dzi\u0119ki interwencji Matki Bo\u017cej zmieni\u0142 si\u0119 wiatr i\u00a0szala zwyci\u0119stwa przechyli\u0142a si\u0119 w\u00a0stron\u0119 chrze\u015bcija\u0144skiej floty.<\/h3>\n<h3>Znaczenie mia\u0142 nie tylko sam fakt odniesionego zwyci\u0119stwa, ale te\u017c jego imponuj\u0105ca skala. Walka mia\u0142a trwa\u0107 zaledwie kilka godzin.<\/h3>\n<h3>Po 4 godzinach chrze\u015bcija\u0144scy \u017co\u0142nierze mieli zatopi\u0107 60 wrogich okr\u0119t\u00f3w. Zdobyto po\u0142ow\u0119 tureckich galer i\u00a0uwolniono 12 tys. chrze\u015bcija\u0144skich galernik\u00f3w. \u015amier\u0107 ponios\u0142o 27 tys. Turk\u00f3w, kolejne 5 tys. dosta\u0142o si\u0119 do niewoli.<\/h3>\n<h3>Znacz\u0105ca dla ca\u0142ego Ko\u015bcio\u0142a by\u0142a te\u017c nast\u0119puj\u0105ca sekwencja wydarze\u0144: najpierw Pius V, w\u00a0podzi\u0119ce Matce Bo\u017cej za ocalenie Starego Kontynentu, dzie\u0144 7 pa\u017adziernika ustanowi\u0142 \u015bwi\u0119tem Matki Bo\u017cej R\u00f3\u017ca\u0144cowej. Zezwoli\u0142 te\u017c na jego obchodzenie w\u00a0tych ko\u015bcio\u0142ach, w\u00a0kt\u00f3rych istnia\u0142y Bractwa R\u00f3\u017ca\u0144cowe. P\u00f3\u017aniej mia\u0142o miejsce kolejne zwyci\u0119stwo nad muzu\u0142manami, tym razem pod Belgradem. Klemens XI w\u00a01716 r., tak\u017ce w\u00a0podzi\u0119ce Maryi, rozszerzy\u0142 to \u015bwi\u0119to na ca\u0142y Ko\u015bci\u00f3\u0142. W\u00a01883\u00a0r. Leon XIII wprowadzi\u0142 do Litanii Loreta\u0144skiej wezwanie: \u201eKr\u00f3lowo R\u00f3\u017ca\u0144ca \u015bwi\u0119tego \u2013 m\u00f3dl si\u0119 za nami\u201d, a\u00a02 lata p\u00f3\u017aniej zaleci\u0142, by w\u00a0ko\u015bcio\u0142ach odmawiano R\u00f3\u017caniec przez ca\u0142y pa\u017adziernik. Warto pami\u0119ta\u0107 o\u00a0tych faktach w\u0142a\u015bnie w\u00a0pa\u017adzierniku, kiedy nawiedzamy nasze parafialne ko\u015bcio\u0142y, by wzi\u0105\u0107 udzia\u0142 w\u00a0nabo\u017ce\u0144stwach r\u00f3\u017ca\u0144cowych.<\/h3>\n<\/div>\n","protected":false},"excerpt":{"rendered":"<p>Egzorcyzm kojarzy si\u0119 powszechnie z liturgicznym obrz\u0119dem, kt\u00f3ry ma na celu uwolnienie osoby op\u0119tanej od dzia\u0142ania z\u0142ego ducha. Okazuje si\u0119 jednak, \u017ce ka\u017cdy chrze\u015bcijanin mo\u017ce si\u0119 czu\u0107 bezpieczniejszy wobec jego zgubnych mocy. Wystarczy wzi\u0105\u0107 do r\u0119ki r\u00f3\u017caniec Jakie znaczenie ma modlitwa r\u00f3\u017ca\u0144cowa dla wsp\u00f3\u0142czesnych chrze\u015bcijan? Na pewno napisano o\u00a0R\u00f3\u017ca\u0144cu tysi\u0105ce tekst\u00f3w. Omawiany jest on w\u00a0aspekcie &hellip; <\/p>\n<p><a class=\"more-link btn\" href=\"https:\/\/parafiasmardzewo.pl\/?p=2835\">Kontynuuj czytanie<\/a><\/p>\n","protected":false},"author":1,"featured_media":2836,"comment_status":"open","ping_status":"open","sticky":false,"template":"","format":"standard","meta":[],"categories":[6],"tags":[],"_links":{"self":[{"href":"https:\/\/parafiasmardzewo.pl\/index.php?rest_route=\/wp\/v2\/posts\/2835"}],"collection":[{"href":"https:\/\/parafiasmardzewo.pl\/index.php?rest_route=\/wp\/v2\/posts"}],"about":[{"href":"https:\/\/parafiasmardzewo.pl\/index.php?rest_route=\/wp\/v2\/types\/post"}],"author":[{"embeddable":true,"href":"https:\/\/parafiasmardzewo.pl\/index.php?rest_route=\/wp\/v2\/users\/1"}],"replies":[{"embeddable":true,"href":"https:\/\/parafiasmardzewo.pl\/index.php?rest_route=%2Fwp%2Fv2%2Fcomments&post=2835"}],"version-history":[{"count":1,"href":"https:\/\/parafiasmardzewo.pl\/index.php?rest_route=\/wp\/v2\/posts\/2835\/revisions"}],"predecessor-version":[{"id":2837,"href":"https:\/\/parafiasmardzewo.pl\/index.php?rest_route=\/wp\/v2\/posts\/2835\/revisions\/2837"}],"wp:featuredmedia":[{"embeddable":true,"href":"https:\/\/parafiasmardzewo.pl\/index.php?rest_route=\/wp\/v2\/media\/2836"}],"wp:attachment":[{"href":"https:\/\/parafiasmardzewo.pl\/index.php?rest_route=%2Fwp%2Fv2%2Fmedia&parent=2835"}],"wp:term":[{"taxonomy":"category","embeddable":true,"href":"https:\/\/parafiasmardzewo.pl\/index.php?rest_route=%2Fwp%2Fv2%2Fcategories&post=2835"},{"taxonomy":"post_tag","embeddable":true,"href":"https:\/\/parafiasmardzewo.pl\/index.php?rest_route=%2Fwp%2Fv2%2Ftags&post=2835"}],"curies":[{"name":"wp","href":"https:\/\/api.w.org\/{rel}","templated":true}]}}