{"id":2894,"date":"2016-11-09T19:13:59","date_gmt":"2016-11-09T18:13:59","guid":{"rendered":"http:\/\/parafiasmardzewo.pl\/?p=2894"},"modified":"2016-11-09T22:49:51","modified_gmt":"2016-11-09T21:49:51","slug":"homilia-smardzewo-iv-diecezjalna-pielgrzymka-kol-zywego-rozanca-8-x-2016-r","status":"publish","type":"post","link":"https:\/\/parafiasmardzewo.pl\/?p=2894","title":{"rendered":"HOMILIA BISKUPA PIOTRA LIBERY &#8211; SMARDZEWO \u2013 IV DIECEZJALNA PIELGRZYMKA K\u00d3\u0141 \u017bYWEGO R\u00d3\u017bA\u0143CA, 8 X 2016 r."},"content":{"rendered":"<h3 style=\"text-align: justify;\">Niech b\u0119dzie pochwalony Jezus Chrystus!<\/h3>\n<h3 style=\"text-align: justify;\">Pozdrawiam Was wszystkich w naszym r\u00f3\u017ca\u0144cowym Smardzewie i dzi\u0119kuj\u0119 za wasz\u0105 obecno\u015b\u0107 oraz modlitw\u0119 na naszej czwartej, diecezjalnej pielgrzymce tu, u Matki Bo\u017cej. Pozdrawiam wszystkich obecnych tu duszpasterzy na czele z ksi\u0119dzem kanonikiem Henrykiem Dymkiem, proboszczem tutejszej, go\u015bcinnej parafii. Pozdrawiam ks. rektora WSD i kleryk\u00f3w, Dzieci z Papieskich Dzie\u0142 Misyjnych. Pozdrawiam zelator\u00f3w i zelatorki K\u00f3\u0142 \u017bywego R\u00f3\u017ca\u0144ca. Was wszystkich, bez wyj\u0105tku, z serca chc\u0119 pozdrowi\u0107!<\/h3>\n<h3 style=\"text-align: justify;\">Chc\u0119 Wam &#8211; Kochani &#8211; na pocz\u0105tku wyrazi\u0107 wdzi\u0119czno\u015b\u0107 za Wasz\u0105 pi\u0119kn\u0105 i tak czyteln\u0105 obecno\u015b\u0107 w czasie nawiedzenia naszej diecezji przez obraz Matki Bo\u017cej Jasnog\u00f3rskiej. Z r\u00f3\u017ca\u0144cem w r\u0119ku, z feretronami, z modlitw\u0105 i \u015bpiewem na ustach, byli\u015bcie obecni w ka\u017cdej parafii &#8211; tak blisko naszej Matki i Kr\u00f3lowej. Dzi\u0119kuj\u0119 za to poruszaj\u0105ce \u015bwiadectwo wszystkim Ko\u0142om \u017bywego R\u00f3\u017ca\u0144ca naszej diecezji!<\/h3>\n<h3 style=\"text-align: justify;\">Prosz\u0119, zapami\u0119tajcie dobrze tamten b\u0142ogos\u0142awiony czas nawiedzenia, aby przekaza\u0107 go m\u0142odym pokoleniom. Tak, jak w dzisiejszej Ewangelii, w kt\u00f3rej Matka Bo\u017ca opowiada nam o Swej wierze, o Swym spotkaniu z Bogiem w chwili Zwiastowania, tak i my, mamy opowiedzie\u0107 innym ludziom, w jaki spos\u00f3b spotykamy Boga: na tej pielgrzymce, na Mszy \u015bwi\u0119tej i gdy do r\u0119ki bierzemy r\u00f3\u017caniec. Przed Msz\u0105 dawa\u0142 o tym \u015bwiadectwo pan Jan Budziaszek z krakowa, kt\u00f3rego serdecznie pozdrawiam i dzi\u0119kuj\u0119.<\/h3>\n<h3 style=\"text-align: justify;\">Bo, Kochani, przecie\u017c zobowi\u0105zuje nas chrzest, bierzmowanie i Eucharystia! Zobowi\u0105zuje nas mi\u0142o\u015b\u0107 do Matki Naj\u015bwi\u0119tszej i ta maryjna modlitwa, kt\u00f3r\u0105 codziennie z mi\u0142o\u015bci\u0105 odmawiamy!<\/h3>\n<h3 style=\"text-align: justify;\">Tu nie chodzi tylko o konkretn\u0105 form\u0119 pobo\u017cno\u015bci: w jaki spos\u00f3b i jak d\u0142ugo si\u0119 modlisz, ale o to, czy przez twoj\u0105 postaw\u0119 i modlitw\u0119 kto\u015b inny si\u0119 nawraca, czy odnajduje wiar\u0119, i czy patrz\u0105c na ciebie, przekonuje si\u0119 do wiary i Ko\u015bcio\u0142a. Taki przecie\u017c \u2013 misyjny\u2013 jest od pocz\u0105tku sens i pos\u0142annictwo K\u00f3\u0142 \u017bywego R\u00f3\u017ca\u0144ca.<\/h3>\n<h3 style=\"text-align: justify;\">Tak! Trzeba wiar\u0119 przekaza\u0107! Niech to wybrzmi w\u0142a\u015bnie teraz, gdy prze\u017cywamy Jubileuszowy Rok 1050. rocznicy Chrztu Polski. Niech to wybrzmi tu, w Smardzewie, u Matki Bo\u017cej R\u00f3\u017ca\u0144cowej, bo przecie\u017c w tym miejscu od ponad 300 lat jest czczony ten czcigodny obraz i przekazywana jest wiara. Patrz\u0119 te\u017c na liczne sanktuaria maryjne naszej diecezji i dzi\u0119kuj\u0119 Panu Bogu, bo s\u0105 one miejscami przekazywania i umacniania wiary kolejnych pokole\u0144. I \u2013 zauwa\u017ccie &#8211; tym, co cz\u0119sto z pielgrzymki do takich sanktuari\u00f3w przywozimy, jest w\u0142a\u015bnie r\u00f3\u017caniec.<\/h3>\n<h3 style=\"text-align: justify;\">Popatrz teraz, Siostro i Bracie, na tw\u00f3j r\u00f3\u017caniec. Czy wiesz, \u017ce przez ten znak i modlitw\u0119 rozwa\u017casz tajemnice samego Boga, \u017ce w ten spos\u00f3b wchodzisz do serca Maryi? Czy wiesz, \u017ce twoim zadaniem, twoim \u2013 jako tej \/jako tego, kt\u00f3ry codziennie chwyta za r\u00f3\u017caniec, jest umacnia\u0107 sw\u0105 wiar\u0119 i przekazywa\u0107 j\u0105 innym. Bo r\u00f3\u017caniec to znak \u017cywej wiary, kt\u00f3r\u0105 trzeba przekaza\u0107 dalej!<\/h3>\n<h3 style=\"text-align: justify;\">Pos\u0142uchajcie pewnej historii:<\/h3>\n<h3 style=\"text-align: justify;\">By\u0142 26 lipca 1942 roku. W obozie zag\u0142ady w Dachau wi\u0119ziono ojca Tytusa BRANDSM\u0118, karmelit\u0119 z Holandii. Poniewa\u017c zakonnik ten by\u0142 ju\u017c u kresu \u017cycia, z\u0142o\u017cony ci\u0119\u017ck\u0105 chorob\u0105 i nie nadawa\u0142 si\u0119 do obozowych prac, przyniesiono go do baraku, kt\u00f3ry by\u0142 tak zwanym \u201eobozowym szpitalem\u201d, tu\u017c obok krematoryjnych piec\u00f3w.<\/h3>\n<h3 style=\"text-align: justify;\">Tamtego dnia, do wycie\u0144czonego wi\u0119\u017ania podesz\u0142a piel\u0119gniarka z zastrzykiem \u015bmierci. On \u015bwiadom tego, co si\u0119 mo\u017ce sta\u0107, wyci\u0105gn\u0105\u0142 sw\u00f3j ma\u0142y, drewniany r\u00f3\u017caniec i powiedzia\u0142 do niej: \u201ePom\u00f3dl si\u0119 na nim\u201d. Ona szorstko odpowiedzia\u0142a: \u201eNie jest mi do niczego potrzebny. Ja nie umiem si\u0119 modli\u0107\u201d. A wtedy ojciec Tytus, resztkami si\u0142 odpowiedzia\u0142: \u201eSpr\u00f3buj tylko powtarza\u0107: \u00bbm\u00f3dl si\u0119 za nami grzesznymi\u2026\u00ab.<\/h3>\n<h3 style=\"text-align: justify;\">Kobieta wykona\u0142a \u015bmierciono\u015bny zastrzyk, ale wzi\u0119\u0142a te\u017c ze sob\u0105 r\u00f3\u017caniec. Po latach, w czasie procesu beatyfikacyjnego ojca karmelity, z tym r\u00f3\u017ca\u0144cem w r\u0119ku, z\u0142o\u017cy\u0142a \u015bwiadectwo swego nawr\u00f3cenia\u2026 Z tym r\u00f3\u017ca\u0144cem w r\u0119ku, bo r\u00f3\u017caniec j\u0105 nawr\u00f3ci\u0142! Ojciec Tytus BRANDSMA zosta\u0142 og\u0142oszony b\u0142ogos\u0142awionym przez naszego \u015bwi\u0119tego Jana Paw\u0142a II.<\/h3>\n<h3 style=\"text-align: justify;\">Kochani, czy r\u00f3\u017caniec nas nawraca? Czy dr\u0105\u017cy w naszym sercu kana\u0142y Bo\u017cego Mi\u0142osierdzia modlitwa: \u201em\u00f3dl si\u0119 za nami grzesznymi\u2026\u201d i \u201eO m\u00f3j Jezu, przebacz nam nasze winy\u2026\u201d?!<\/h3>\n<h3 style=\"text-align: justify;\">Tajemnice R\u00f3\u017ca\u0144ca \u015awi\u0119tego: te radosne, \u015bwiat\u0142a, bolesne i chwalebne b\u0119d\u0105 \u017cywe i owocne w nas, je\u015bli z sercem podobnym do serca Maryi b\u0119dziemy s\u0142ucha\u0107 w r\u00f3\u017ca\u0144cu Boga, je\u015bli b\u0119dziemy \u0142\u0105czy\u0107 Bo\u017ce tajemnice z naszymi tajemnicami serca, je\u017celi w t\u0119 modlitw\u0119 b\u0119dziemy wk\u0142ada\u0107 nasz\u0105 rado\u015b\u0107, nadzieje, troski i b\u00f3le, je\u017celi b\u0119dziemy s\u0142ysze\u0107 wezwanie Matki Bo\u017cej z Fatimy, sprzed niemal stu laty: \u201ePokutujcie, nawracajcie si\u0119 i odmawiajcie r\u00f3\u017caniec!\u201d.<\/h3>\n<h3 style=\"text-align: justify;\">\u00a0\u00a0\u00a0\u00a0\u00a0\u00a0 Jeste\u015bmy tu, w Smardzewie, bo wierzymy, \u017ce Matka Bo\u017ca nas uratuje! Ona przechodzi z wiar\u0105 przez wszystkie nasze rado\u015bci i smutki. Jest przecie\u017c Matk\u0105 nadziei, Matk\u0105 mi\u0142osierdzia, Kr\u00f3low\u0105 R\u00f3\u017ca\u0144ca \u015awi\u0119tego i Wychowawczyni\u0105 powo\u0142a\u0144 kap\u0142a\u0144skich. A skoro wys\u0142uchali\u015bmy przed chwil\u0105 Ewangelii o Zwiastowaniu Maryi, to chc\u0119 was gor\u0105co prosi\u0107, aby\u015bcie na r\u00f3\u017ca\u0144cu gorliwie prosili Matk\u0119 Pana, aby podobne zwiastowanie, jak Ona, mog\u0142o prze\u017cy\u0107 wielu m\u0142odych ludzi z naszej diecezji, aby us\u0142yszeli oni Bo\u017cy g\u0142os i wezwanie do s\u0142u\u017cby kap\u0142a\u0144skiej i zakonnej. Maryja najlepiej wie, co robi\u0107, gdy brakuje wina na weselu w Kanie Galilejskiej. Ona najlepiej potrafi zaradzi\u0107 naszym duchowym brakom, a takie zaczynamy teraz odczuwa\u0107 w naszej diecezji!<\/h3>\n<h3 style=\"text-align: justify;\">\u00a0\u00a0\u00a0\u00a0\u00a0\u00a0 Popatrzcie jeszcze raz na Wasz r\u00f3\u017caniec\u2026 Ile jest nam nim paciork\u00f3w, tyle ludzkich serc trzeba poruszy\u0107, tyle trzeba omodli\u0107, tyle trzeba dotkn\u0105\u0107 nasz\u0105 \u0142agodno\u015bci\u0105 i mi\u0142osierdziem. I jeszcze o jednym pami\u0119tajcie: r\u00f3\u017ca\u0144ca nigdy nie trzymamy sami, bo zawsze trzyma go z nami \u201eMatka niebieskiego Pana\u201d i nasza.<\/h3>\n<h3 style=\"text-align: justify;\">\u00a0\u00a0\u00a0\u00a0\u00a0\u00a0 O Maryjo, z tajemnicy Zwiastowania i z Kany Galilejskiej, R\u00f3\u017ca\u0144cowa i Smardzewska, m\u00f3dl si\u0119 za nami!<\/h3>\n<h3 style=\"text-align: justify;\">Amen.<\/h3>\n<h3 style=\"text-align: right;\"><strong>Biskup P\u0142ocki Piotr Libera<\/strong><\/h3>\n","protected":false},"excerpt":{"rendered":"<p>Niech b\u0119dzie pochwalony Jezus Chrystus! Pozdrawiam Was wszystkich w naszym r\u00f3\u017ca\u0144cowym Smardzewie i dzi\u0119kuj\u0119 za wasz\u0105 obecno\u015b\u0107 oraz modlitw\u0119 na naszej czwartej, diecezjalnej pielgrzymce tu, u Matki Bo\u017cej. Pozdrawiam wszystkich obecnych tu duszpasterzy na czele z ksi\u0119dzem kanonikiem Henrykiem Dymkiem, proboszczem tutejszej, go\u015bcinnej parafii. Pozdrawiam ks. rektora WSD i kleryk\u00f3w, Dzieci z Papieskich Dzie\u0142 Misyjnych. &hellip; <\/p>\n<p><a class=\"more-link btn\" href=\"https:\/\/parafiasmardzewo.pl\/?p=2894\">Kontynuuj czytanie<\/a><\/p>\n","protected":false},"author":1,"featured_media":670,"comment_status":"open","ping_status":"open","sticky":false,"template":"","format":"standard","meta":[],"categories":[6],"tags":[],"_links":{"self":[{"href":"https:\/\/parafiasmardzewo.pl\/index.php?rest_route=\/wp\/v2\/posts\/2894"}],"collection":[{"href":"https:\/\/parafiasmardzewo.pl\/index.php?rest_route=\/wp\/v2\/posts"}],"about":[{"href":"https:\/\/parafiasmardzewo.pl\/index.php?rest_route=\/wp\/v2\/types\/post"}],"author":[{"embeddable":true,"href":"https:\/\/parafiasmardzewo.pl\/index.php?rest_route=\/wp\/v2\/users\/1"}],"replies":[{"embeddable":true,"href":"https:\/\/parafiasmardzewo.pl\/index.php?rest_route=%2Fwp%2Fv2%2Fcomments&post=2894"}],"version-history":[{"count":3,"href":"https:\/\/parafiasmardzewo.pl\/index.php?rest_route=\/wp\/v2\/posts\/2894\/revisions"}],"predecessor-version":[{"id":2903,"href":"https:\/\/parafiasmardzewo.pl\/index.php?rest_route=\/wp\/v2\/posts\/2894\/revisions\/2903"}],"wp:featuredmedia":[{"embeddable":true,"href":"https:\/\/parafiasmardzewo.pl\/index.php?rest_route=\/wp\/v2\/media\/670"}],"wp:attachment":[{"href":"https:\/\/parafiasmardzewo.pl\/index.php?rest_route=%2Fwp%2Fv2%2Fmedia&parent=2894"}],"wp:term":[{"taxonomy":"category","embeddable":true,"href":"https:\/\/parafiasmardzewo.pl\/index.php?rest_route=%2Fwp%2Fv2%2Fcategories&post=2894"},{"taxonomy":"post_tag","embeddable":true,"href":"https:\/\/parafiasmardzewo.pl\/index.php?rest_route=%2Fwp%2Fv2%2Ftags&post=2894"}],"curies":[{"name":"wp","href":"https:\/\/api.w.org\/{rel}","templated":true}]}}