{"id":3028,"date":"2016-12-17T21:22:09","date_gmt":"2016-12-17T20:22:09","guid":{"rendered":"http:\/\/parafiasmardzewo.pl\/?p=3028"},"modified":"2016-12-17T21:26:29","modified_gmt":"2016-12-17T20:26:29","slug":"duszpasterska-i-spoleczna-troska-o-rodziny-na-mazowszu","status":"publish","type":"post","link":"https:\/\/parafiasmardzewo.pl\/?p=3028","title":{"rendered":"Duszpasterska i\u00a0spo\u0142eczna troska o\u00a0rodziny na\u00a0Mazowszu"},"content":{"rendered":"<h3 style=\"text-align: justify;\">\u00a0 Realizuj\u0105c zalecenia\u00a0 43 Synodu Diecezji P\u0142ockiej oraz ws\u0142uchuj\u0105c si\u0119 w \u017carliw\u0105 pro\u015bb\u0119 papie\u017ca Franciszka, dotycz\u0105c\u0105 obrony rodziny (adhortacja apostolska Amoris laetitia), Ko\u015bci\u00f3\u0142 P\u0142ocki podejmuje w\u00a0 nowym roku duszpasterskim donios\u0142\u0105 inicjatyw\u0119 duszpastersk\u0105, kt\u00f3rej celem jest poprawa kondycji duchowej, moralnej i\u00a0spo\u0142ecznej rodzin \u017cyj\u0105cych na\u00a0Mazowszu. Da\u0142 temu wyraz Biskup P\u0142ocki w\u00a0Li\u015bcie na\u00a0rozpocz\u0119cie nowego roku liturgicznego i\u00a0duszpasterskiego [2016\/17]. Biskup Piotr Libera nie tylko podkre\u015bli\u0142 znaczenie ma\u0142\u017ce\u0144skiej i\u00a0rodzinnej ewangelizacji, ale wskaza\u0142 wsp\u00f3lnoty parafialne i\u00a0katolickie organizacje prorodzinne, kt\u00f3re powinny podj\u0105\u0107 dzia\u0142ania przezwyci\u0119\u017caj\u0105ce kryzys rodzin. W\u00a0Diecezji P\u0142ockiej og\u00f3lnopolski program duszpasterski \u2013 Id\u017acie i\u00a0g\u0142o\u015bcie nowy rok tajemnic Pana realizuje si\u0119 w\u00a0rodzinie i\u00a0poprzez rodzin\u0119.<\/h3>\n<h3 style=\"text-align: justify;\">\u00a0 Dzieje si\u0119 to w\u00a0czasie, gdy w\u00a0Polsce dochodzi do\u00a0znacz\u0105cej zmiany w\u00a0polityce prorodzinnej. Rada Spo\u0142eczna pozytywnie ocenia dzia\u0142ania wspieraj\u0105ce rodzin\u0119 oraz apeluje do\u00a0wszystkich si\u0142 politycznych i\u00a0spo\u0142ecznych, by polityk\u0119 prorodzinn\u0105 wy\u0142\u0105czy\u0107 z\u00a0walki politycznej i\u00a0ideologicznej. Deklarujemy gotowo\u015b\u0107 do\u00a0wsp\u00f3\u0142pracy z\u00a0wszystkimi, kt\u00f3rych celem jest polityka prorodzinna, powszechna, progresywna i\u00a0neutralna (Ksi\u0119ga Synodalna Gdzie jest B\u00f3g, tam jest przysz\u0142o\u015b\u0107.\u00a043 Synod Diecezji P\u0142ockiej, P\u0142ock\u00a02015, s.\u00a0146, nr\u00a065).<\/h3>\n<h3 style=\"text-align: justify;\">\u00a0P\u0142ocki model duszpasterstwa rodzin prezentuje duszpasterstwo pozytywne, go\u015bcinne, umo\u017cliwiaj\u0105ce stopniowe pog\u0142\u0119bianie wymaga\u0144 Ewangelii. Szczeg\u00f3lne uznanie nale\u017cy si\u0119 tym ma\u0142\u017conkom i\u00a0rodzicom, kt\u00f3rzy buduj\u0105 Ko\u015bci\u00f3\u0142 domowy, po\u00a0chrze\u015bcija\u0144sku rozwi\u0105zuj\u0105 kryzysy rodzinne, troszcz\u0105 si\u0119 tak samo o\u00a0wychowanie w\u0142asnych dzieci, jak i\u00a0znajduj\u0105 czas na\u00a0aktywne uczestnictwo w\u00a0Parafialnych Radach Duszpasterskich, Stowarzyszeniu Rodzin Katolickich, Ko\u015bciele Domowym, Ruchu Rodzin Nazareta\u0144skich, Akcji Katolickiej, Wsp\u00f3lnocie Trudnych Ma\u0142\u017ce\u0144stw \u201eSychar\u201d.<\/h3>\n<h3 style=\"text-align: justify;\">\u00a0 Szczeg\u00f3ln\u0105 rol\u0119 w\u00a0duszpasterstwie rodzin maj\u0105 do\u00a0spe\u0142nienia osoby starsze, w\u00a0tym dziadkowie i\u00a0babcie. Jako prawdziwi nauczyciele m\u0105dro\u015bci, tradycji rodzinnych i\u00a0warto- \u015bci chrze\u015bcija\u0144skich, zas\u0142uguj\u0105 na\u00a0wdzi\u0119czno\u015b\u0107 i\u00a0szacunek. Zape\u0142niaj\u0105c przedzia\u0142y mi\u0119- dzy pokoleniami, \u0142\u0105cz\u0105 dzieci i\u00a0m\u0142odzie\u017c z\u00a0histori\u0105 w\u0142asnych rodzin i\u00a0parafii, Mazowsza i\u00a0Polski. Doznaj\u0105c szacunku od\u00a0dzieci i\u00a0wnuk\u00f3w, u\u0142atwiaj\u0105 m\u0142odym pokoleniom zakorzenienie si\u0119 w\u00a0glebie zbiorowej historii (por. Amoris laetitia, nr\u00a0193).<\/h3>\n<h3 style=\"text-align: justify;\">\u00a0 W\u00a0tym kontek\u015bcie wa\u017cne jest precyzyjne zdefiniowanie przyczyn wsp\u00f3\u0142czesnego kryzysu rodziny. Identyfikuj\u0105c je na\u00a0poziomie kulturowym, spo\u0142ecznym i\u00a0gospodarczym, trzeba wymieni\u0107 kultur\u0119 tymczasowo\u015bci, konsumpcji, nastawienie egoistyczne. Nie mo\u017c- na przeoczy\u0107 du\u017cej liczby dzieci wychowywanych przez jednego z\u00a0rodzic\u00f3w, a\u00a0tak\u017ce ub\u00f3- stwa w\u00a0wielu rodzinach, braku mieszka\u0144 i\u00a0problem\u00f3w zwi\u0105zanych z\u00a0emigracj\u0105 rodzic\u00f3w. Papie\u017c Franciszek zwraca uwag\u0119 na\u00a0szczeg\u00f3lne wyzwania zwi\u0105zane z\u00a0cierpieniem migrant\u00f3w, handlem dzie\u0107mi, prostytucj\u0105, przemoc\u0105 w\u00a0rodzinie, szczeg\u00f3lnie wobec kobiet, tragicznymi konsekwencjami braku ojca w\u00a0rodzinie.<\/h3>\n<h3 style=\"text-align: justify;\">\u00a0Krytycznie nale\u017cy podej\u015b\u0107 do\u00a0 niebezpiecze\u0144stw wynikaj\u0105cych z\u00a0 ideologii gender i\u00a0skutk\u00f3w rewolucji seksualnej, zw\u0142aszcza pornografii. W\u00a0tym kontek\u015bcie wysi\u0142ek edukacyjny, pedagogiczny i\u00a0medyczny w\u00a0obronie \u017cycia i\u00a0integralnie poj\u0119tego wychowania seksualnego powinien znale\u017a\u0107 swoje odbicie w\u00a0trosce o\u00a0poradnie rodzinne przy\u00a0parafiach, specjalistyczne centra pomocy rodzinie w\u00a0by\u0142ych miastach powiatowych, domy samotnej matki, stworzenie o\u015brodka opieku\u0144czo-adopcyjnego w\u00a0P\u0142ocku czy w\u00a0dzia\u0142alno\u015bci Centrum Psychologiczno-Pastoralnego Metanoia.<\/h3>\n<h3 style=\"text-align: justify;\">\u00a0 Cz\u0142onkowie Rady Spo\u0142ecznej zwracaj\u0105 uwag\u0119 na\u00a0chrze\u015bcija\u0144ski styl pracy w\u00a0tych o\u015brodkach. Polega on na\u00a0gotowo\u015bci do\u00a0wsp\u00f3\u0142pracy z\u00a0lud\u017ami dobrej woli, kt\u00f3rym le\u017cy na\u00a0sercu dobro rodzin, dzieci, matek i\u00a0ojc\u00f3w, os\u00f3b w\u00a0podesz\u0142ym wieku. Oznacza to tak\u017ce wsp\u00f3\u0142prac\u0119 z\u00a0samorz\u0105dami, w\u0142adzami lokalnymi, Ko\u015bcio\u0142ami siostrzanymi. Cz\u0142onkowie Rady Spo\u0142ecznej zwracaj\u0105 uwag\u0119 na\u00a0mo\u017cliwo\u015bci, jakie stworzy\u0142a Ustawa z\u00a0dnia\u00a09 czerwca 2011 r. o\u00a0wspieraniu rodziny i\u00a0systemie pieczy zast\u0119pczej. Nak\u0142ada ona na\u00a0jednostki samorz\u0105du terytorialnego oraz organy administracji rz\u0105dowej obowi\u0105zek wspierania rodzin prze\u017cywaj\u0105cych trudno\u015bci. Na\u00a0naczelnym miejscu wymienia si\u0119 tu wsp\u00f3\u0142prac\u0119 z\u00a0Ko\u015bcio\u0142ami i\u00a0zwi\u0105zkami wyznaniowymi.<\/h3>\n<h3 style=\"text-align: justify;\">\u00a0W\u015br\u00f3d tych, kt\u00f3rzy potrzebuj\u0105 wsparcia duchowego, s\u0105 te\u017c osoby \u017cyj\u0105ce w\u00a0zwi\u0105zkach niesakramentalnych. Towarzyszenie duszpasterskie tym osobom, o\u00a0kt\u00f3rym m\u00f3wi papie\u017c Franciszek, p\u0142ocki Synod poleca realizowa\u0107 w\u00a012 o\u015brodkach duszpasterskich [P\u0142ock, Ciechan\u00f3w, M\u0142awa, P\u0142o\u0144sk, Pu\u0142tusk, Sierpc, Przasnysz, Mak\u00f3w Mazowiecki, Gostynin, Rypin, \u017buromin, Dobrzy\u0144 n. Drw\u0119c\u0105]. Cz\u0142onkowie Rady Spo\u0142ecznej wyra\u017caj\u0105 wdzi\u0119czno\u015b\u0107 papie\u017cowi Franciszkowi nie tylko za\u00a0dostrze\u017cenie problem\u00f3w chrze\u015bcijan \u017cyj\u0105cych w\u00a0zwi\u0105zkach niesakramentalnych, ale i\u00a0zobowi\u0105zanie struktur ko\u015bcielnych do\u00a0duchowej, prawnej i\u00a0psychologicznej pomocy takim osobom.<\/h3>\n<h3 style=\"text-align: justify;\">\u00a0Cz\u0142onkowie Rady Spo\u0142ecznej \u017cywi\u0105 g\u0142\u0119bokie przekonanie, \u017ce duszpasterska troska o\u00a0 rodzin\u0119 w\u00a0 Diecezji P\u0142ockiej pozwoli odkrywa\u0107 te si\u0142y, kt\u00f3re zrodzi\u0142a tajemnica Bo- \u017cego Narodzenia i\u00a0tajemnica Nazaretu. Niech wi\u0119c Nazaret przypomina (\u2026), czym jest rodzina, czym jest komunia mi\u0142o\u015bci, jej surowe i\u00a0proste pi\u0119kno, jej \u015bwi\u0119ty i\u00a0nienaruszalny charakter. Niech pozwoli zobaczy\u0107, jak (\u2026) niezast\u0105pione jest wychowanie w\u00a0rodzinie, niech nauczy (\u2026), \u017ce w\u00a0sferze spo\u0142ecznej ma ono pierwszorz\u0119dne i\u00a0niezr\u00f3wnane znaczenie (Pawe\u0142\u00a0VI, Przem\u00f3wienie w\u00a0Nazarecie,\u00a05 stycznia\u00a01964 r.).<\/h3>\n<p>P\u0142ock, dnia\u00a015 grudnia\u00a02016 r.<\/p>\n<p style=\"text-align: right;\">Ks. prof. dr\u00a0 hab. Ireneusz\u00a0 Mroczkowski<\/p>\n<p style=\"text-align: right;\">Przewodnicz\u0105cy Rady Spo\u0142ecznej przy\u00a0Biskupie\u00a0P\u0142ockim<\/p>\n","protected":false},"excerpt":{"rendered":"<p>\u00a0 Realizuj\u0105c zalecenia\u00a0 43 Synodu Diecezji P\u0142ockiej oraz ws\u0142uchuj\u0105c si\u0119 w \u017carliw\u0105 pro\u015bb\u0119 papie\u017ca Franciszka, dotycz\u0105c\u0105 obrony rodziny (adhortacja apostolska Amoris laetitia), Ko\u015bci\u00f3\u0142 P\u0142ocki podejmuje w\u00a0 nowym roku duszpasterskim donios\u0142\u0105 inicjatyw\u0119 duszpastersk\u0105, kt\u00f3rej celem jest poprawa kondycji duchowej, moralnej i\u00a0spo\u0142ecznej rodzin \u017cyj\u0105cych na\u00a0Mazowszu. Da\u0142 temu wyraz Biskup P\u0142ocki w\u00a0Li\u015bcie na\u00a0rozpocz\u0119cie nowego roku liturgicznego i\u00a0duszpasterskiego [2016\/17]. &hellip; <\/p>\n<p><a class=\"more-link btn\" href=\"https:\/\/parafiasmardzewo.pl\/?p=3028\">Kontynuuj czytanie<\/a><\/p>\n","protected":false},"author":2,"featured_media":3029,"comment_status":"open","ping_status":"open","sticky":false,"template":"","format":"standard","meta":[],"categories":[6],"tags":[],"_links":{"self":[{"href":"https:\/\/parafiasmardzewo.pl\/index.php?rest_route=\/wp\/v2\/posts\/3028"}],"collection":[{"href":"https:\/\/parafiasmardzewo.pl\/index.php?rest_route=\/wp\/v2\/posts"}],"about":[{"href":"https:\/\/parafiasmardzewo.pl\/index.php?rest_route=\/wp\/v2\/types\/post"}],"author":[{"embeddable":true,"href":"https:\/\/parafiasmardzewo.pl\/index.php?rest_route=\/wp\/v2\/users\/2"}],"replies":[{"embeddable":true,"href":"https:\/\/parafiasmardzewo.pl\/index.php?rest_route=%2Fwp%2Fv2%2Fcomments&post=3028"}],"version-history":[{"count":4,"href":"https:\/\/parafiasmardzewo.pl\/index.php?rest_route=\/wp\/v2\/posts\/3028\/revisions"}],"predecessor-version":[{"id":3033,"href":"https:\/\/parafiasmardzewo.pl\/index.php?rest_route=\/wp\/v2\/posts\/3028\/revisions\/3033"}],"wp:featuredmedia":[{"embeddable":true,"href":"https:\/\/parafiasmardzewo.pl\/index.php?rest_route=\/wp\/v2\/media\/3029"}],"wp:attachment":[{"href":"https:\/\/parafiasmardzewo.pl\/index.php?rest_route=%2Fwp%2Fv2%2Fmedia&parent=3028"}],"wp:term":[{"taxonomy":"category","embeddable":true,"href":"https:\/\/parafiasmardzewo.pl\/index.php?rest_route=%2Fwp%2Fv2%2Fcategories&post=3028"},{"taxonomy":"post_tag","embeddable":true,"href":"https:\/\/parafiasmardzewo.pl\/index.php?rest_route=%2Fwp%2Fv2%2Ftags&post=3028"}],"curies":[{"name":"wp","href":"https:\/\/api.w.org\/{rel}","templated":true}]}}