{"id":3206,"date":"2017-02-01T21:27:08","date_gmt":"2017-02-01T20:27:08","guid":{"rendered":"http:\/\/parafiasmardzewo.pl\/?p=3206"},"modified":"2017-02-01T21:40:13","modified_gmt":"2017-02-01T20:40:13","slug":"slowo-bpa-piotra","status":"publish","type":"post","link":"https:\/\/parafiasmardzewo.pl\/?p=3206","title":{"rendered":"S\u0141OWO BISKUPA PIOTRA LIBERY W SPRAWIE POWO\u0141ANIA ZESPO\u0141U SZK\u00d3\u0141 KATOLICKICH W P\u0141OCKU I DOMU SENIORA W SIKORZU."},"content":{"rendered":"<h3><strong>Umi\u0142owani Diecezjanie,<\/strong><\/h3>\n<h3>Ewangelista Mateusz, w kt\u00f3rego Ewangeli\u0119 ws\u0142uchujemy si\u0119 w tym roku, opowiada, jak na pocz\u0105tku swojej dzia\u0142alno\u015bci publicznej w Galilei Jezus Chrystus wyg\u0142osi\u0142 s\u0142ynne Kazanie na G\u00f3rze, w kt\u00f3rym przekaza\u0142 nam konstytucj\u0119 chrze\u015bcija\u0144stwa. Na konstytucj\u0119 t\u0119 sk\u0142ada si\u0119: Osiem B\u0142ogos\u0142awie\u0144stw, kt\u00f3re rozwa\u017cali\u015bmy w liturgii w minion\u0105 niedziel\u0119 oraz dzisiejsze wezwanie, aby\u015bmy byli na co dzie\u0144 sol\u0105 ziemi i \u015bwiat\u0142em \u015bwiata, wreszcie nauka o tym, \u017ce post\u0119powaniem chrze\u015bcijanina powinno kierowa\u0107 nie tyle pos\u0142usze\u0144stwo prawu czy strach przed nim, ale prawe sumienie. Tylko wtedy \u2013 naucza \u015bw. Pawe\u0142 &#8211; nasze \u017cycie nie opiera si\u0119 na \u201em\u0105dro\u015bci ludzkiej, lecz na mocy Bo\u017cej\u201d. W tym duchu uczniowie Chrystusa od pocz\u0105tku wo\u0142ali: My jeste\u015bmy na ziemi \u015bwiat\u0142em Twym!, a Ko\u015bci\u00f3\u0142 zak\u0142ada\u0142 szko\u0142y i uniwersytety.<\/h3>\n<h3>Dosy\u0107 wspomnie\u0107, \u017ce pierwsze szko\u0142y powstawa\u0142y w Europie przy ko\u015bcio\u0142ach i klasztorach, a pierwsze uniwersytety by\u0142y dzie\u0142em chrze\u015bcija\u0144skich w\u0142adc\u00f3w i Stolicy Apostolskiej, kt\u00f3ra je zatwierdza\u0142a. W dzisiejszym \u015bwiecie, w kt\u00f3rym podwa\u017ca si\u0119 istnienie prawdy, w kt\u00f3rym nie chce si\u0119 wychowywa\u0107, a tylko uczy\u0107, w kt\u00f3rym nie liczy si\u0119 ju\u017c wiedza humanistyczna, zakorzenienie w dziejach ojczystych i wychowanie do prawo\u015bci oraz do \u017cycia wiecznego, obowi\u0105zek ten staje si\u0119 jeszcze bardziej pal\u0105cy.<\/h3>\n<h3>Przed ponad stu laty b\u0142. Biskup M\u0119czennik Antoni Julian Nowowiejski za\u0142o\u017cy\u0142 w P\u0142ocku Liceum \u015bw. Stanis\u0142awa Kostki. Szczytne tradycje tej szko\u0142y, wielokrotnie przekszta\u0142canej i reorganizowanej, kontynuuj\u0105 \u2013 ciesz\u0105ce si\u0119 wysokim poziomem i wieloma osi\u0105gni\u0119ciami \u2013 Niepubliczne Gimnazjum Katolickie i Katolickie Liceum Og\u00f3lnokszta\u0142c\u0105ce w Sikorzu.<\/h3>\n<h3 style=\"text-align: justify;\">W zwi\u0105zku z aktualn\u0105 reform\u0105 o\u015bwiaty postanowi\u0142em, aby 1 wrze\u015bnia 2017 roku liceum to przenie\u015b\u0107 do P\u0142ocka, do jego pierwotnej siedziby przy ulicy b\u0142. Abp. Nowowiejskiego 2, oraz powo\u0142a\u0107 w tym samym miejscu katolick\u0105 szko\u0142\u0119 podstawow\u0105. W ten spos\u00f3b powstanie w stolicy Diecezji koedukacyjny Zesp\u00f3\u0142 Szk\u00f3\u0142 Katolickich Stanislaum, kt\u00f3remu jak przed stu laty patronowa\u0142 b\u0119dzie, pochodz\u0105cy z mazowieckiego Rostkowa, \u015bw. Stanis\u0142aw Kostka.<\/h3>\n<h3>Nie chcemy z nikim konkurowa\u0107! Chcemy w imi\u0119 dobrze poj\u0119tego pluralizmu da\u0107 rodzicom i m\u0142odzie\u017cy mo\u017cliwo\u015b\u0107 kszta\u0142towania serc i umys\u0142\u00f3w w \u015bwietle projektu edukacyjnego, kt\u00f3ry ma sw\u00f3j fundament w Kazaniu na G\u00f3rze, a zarazem szeroko wykorzystuje wszystkie zdobycze kultury i nauki wsp\u00f3\u0142czesnej oraz ceni sobie otwarto\u015b\u0107 przez promowanie chrze\u015bcija\u0144skiej wizji cz\u0142owieka, kontakty z wielkimi zasobami instytucji katolickich na \u015bwiecie i bogat\u0105 ofert\u0119 nauki j\u0119zyk\u00f3w obcych.<\/h3>\n<h3>Gor\u0105co zach\u0119cam wszystkich rodzic\u00f3w naszej diecezji, a zw\u0142aszcza P\u0142ocka i jego okolic, do zainteresowania si\u0119 projektem naszej szko\u0142y diecezjalnej. Jak wiecie, szko\u0142y katolickie, ze wzgl\u0119du na swoj\u0105 jednoznaczn\u0105 to\u017csamo\u015b\u0107, poszanowanie wymiaru religijnego, wysokie wymagania etyczne i zakorzenienie w kulturze wsp\u00f3\u0142czesnej, a jednocze\u015bnie krytyczny stosunek do takich jej przejaw\u00f3w jak relatywizm, pragmatyzm i podwa\u017canie roli rodziny, ciesz\u0105 si\u0119 du\u017cym uznaniem rodzic\u00f3w i uczni\u00f3w w wielu krajach demokratycznych, ich absolwenci za\u015b ze wzgl\u0119du na solidny kr\u0119gos\u0142up etyczny i\u00a0 ugruntowan\u0105 w tradycji wiedz\u0119 s\u0105 cenieni w wielu dziedzinach \u017cycia spo\u0142ecznego, ekonomicznego, kulturowego i naukowego.<\/h3>\n<h3>Gmach dotychczasowej szko\u0142y w Sikorzu, malowniczo po\u0142o\u017cony nad rzek\u0105 Skrw\u0105, na skraju Brwile\u0144skiego Parku Krajobrazowego, chcemy natomiast przekszta\u0142ci\u0107 w plac\u00f3wk\u0119 opieku\u0144czo-lecznicz\u0105 dla os\u00f3b w podesz\u0142ym wieku. By\u0142 on wznoszony jako dom rekolekcyjny, dlatego dysponuje du\u017c\u0105 liczb\u0105 jedno- i kilkuosobowych pokoi, a tak\u017ce pi\u0119kn\u0105 kaplic\u0105, doskonale wyposa\u017con\u0105 kuchni\u0105 i sto\u0142\u00f3wk\u0105 oraz przestronnymi salami, w kt\u00f3rych mo\u017cna urz\u0105dzi\u0107: \u015bwietlice, sale rekreacyjne, oddzia\u0142y rehabilitacyjne i sale terapii zaj\u0119ciowej.<\/h3>\n<h3>Dlatego postanowi\u0142em stworzy\u0107 w nim \u2013 prawdopodobnie w po\u0142owie roku 2018 \u2013 wielofunkcyjny obiekt pod nazw\u0105 Dom Seniora Leonianum. Patronem Domu (st\u0105d jego nazwa) by\u0142by B\u0142. Bp Leon Wetma\u0144ski, m\u0119czennik, aktywnie dzia\u0142aj\u0105cy w P\u0142ocku na rzecz os\u00f3b w podesz\u0142ym wieku, chorych i opuszczonych.<\/h3>\n<h3>Ju\u017c dzisiaj rozpoczynamy realizacj\u0119 naszych projekt\u00f3w. O jej przebiegu b\u0119dziemy Was szczeg\u00f3\u0142owo informowa\u0107 w kolejnych komunikatach, w audycjach Katolickiego Radia Diecezji P\u0142ockiej i na \u0142amach \u201eGo\u015bcia Niedzielnego\u201d. Na wiosn\u0119 bie\u017c\u0105cego roku w nowej szkole w P\u0142ocku zostanie zorganizowany dzie\u0144 otwartych drzwi.<\/h3>\n<h3 style=\"text-align: justify;\">Mam nadziej\u0119, \u017ce realizacja tych inicjatyw stanowi\u0107 b\u0119dzie konkretn\u0105 form\u0119 pe\u0142nienia misji nauczycielskiej i charytatywnej Ko\u015bcio\u0142a na progu Trzeciego Tysi\u0105clecia, a tak\u017ce wotum wdzi\u0119czno\u015bci Pani Jasnog\u00f3rskiej za Jej Nawiedzenie wsp\u00f3lnot parafialnych Diecezji P\u0142ockiej w latach 2015-2016. Prosz\u0119 Was, Umi\u0142owani, o ich \u017cyczliwe przyj\u0119cie i wsparcie. W realizacji tych szlachetnych zamierze\u0144 niech nam towarzyszy b\u0142ogos\u0142awie\u0144stwo Boga Wszechmog\u0105cego Ojca, i Syna, i Ducha \u015awi\u0119tego.<\/h3>\n<h3 style=\"text-align: justify;\"><em>Wasz Biskup Piotr<\/em><\/h3>\n","protected":false},"excerpt":{"rendered":"<p>Umi\u0142owani Diecezjanie, Ewangelista Mateusz, w kt\u00f3rego Ewangeli\u0119 ws\u0142uchujemy si\u0119 w tym roku, opowiada, jak na pocz\u0105tku swojej dzia\u0142alno\u015bci publicznej w Galilei Jezus Chrystus wyg\u0142osi\u0142 s\u0142ynne Kazanie na G\u00f3rze, w kt\u00f3rym przekaza\u0142 nam konstytucj\u0119 chrze\u015bcija\u0144stwa. Na konstytucj\u0119 t\u0119 sk\u0142ada si\u0119: Osiem B\u0142ogos\u0142awie\u0144stw, kt\u00f3re rozwa\u017cali\u015bmy w liturgii w minion\u0105 niedziel\u0119 oraz dzisiejsze wezwanie, aby\u015bmy byli na co &hellip; <\/p>\n<p><a class=\"more-link btn\" href=\"https:\/\/parafiasmardzewo.pl\/?p=3206\">Kontynuuj czytanie<\/a><\/p>\n","protected":false},"author":2,"featured_media":0,"comment_status":"open","ping_status":"open","sticky":false,"template":"","format":"standard","meta":[],"categories":[6],"tags":[],"_links":{"self":[{"href":"https:\/\/parafiasmardzewo.pl\/index.php?rest_route=\/wp\/v2\/posts\/3206"}],"collection":[{"href":"https:\/\/parafiasmardzewo.pl\/index.php?rest_route=\/wp\/v2\/posts"}],"about":[{"href":"https:\/\/parafiasmardzewo.pl\/index.php?rest_route=\/wp\/v2\/types\/post"}],"author":[{"embeddable":true,"href":"https:\/\/parafiasmardzewo.pl\/index.php?rest_route=\/wp\/v2\/users\/2"}],"replies":[{"embeddable":true,"href":"https:\/\/parafiasmardzewo.pl\/index.php?rest_route=%2Fwp%2Fv2%2Fcomments&post=3206"}],"version-history":[{"count":6,"href":"https:\/\/parafiasmardzewo.pl\/index.php?rest_route=\/wp\/v2\/posts\/3206\/revisions"}],"predecessor-version":[{"id":3211,"href":"https:\/\/parafiasmardzewo.pl\/index.php?rest_route=\/wp\/v2\/posts\/3206\/revisions\/3211"}],"wp:attachment":[{"href":"https:\/\/parafiasmardzewo.pl\/index.php?rest_route=%2Fwp%2Fv2%2Fmedia&parent=3206"}],"wp:term":[{"taxonomy":"category","embeddable":true,"href":"https:\/\/parafiasmardzewo.pl\/index.php?rest_route=%2Fwp%2Fv2%2Fcategories&post=3206"},{"taxonomy":"post_tag","embeddable":true,"href":"https:\/\/parafiasmardzewo.pl\/index.php?rest_route=%2Fwp%2Fv2%2Ftags&post=3206"}],"curies":[{"name":"wp","href":"https:\/\/api.w.org\/{rel}","templated":true}]}}