{"id":3461,"date":"2017-04-15T21:39:06","date_gmt":"2017-04-15T19:39:06","guid":{"rendered":"http:\/\/parafiasmardzewo.pl\/?p=3461"},"modified":"2017-04-15T21:42:22","modified_gmt":"2017-04-15T19:42:22","slug":"list-rektora-wyzszego-seminarium-duchownego-w-plocku-na-wielkanoc-2017-roku","status":"publish","type":"post","link":"https:\/\/parafiasmardzewo.pl\/?p=3461","title":{"rendered":"LIST REKTORA WY\u017bSZEGO SEMINARIUM DUCHOWNEGO W P\u0141OCKU NA WIELKANOC 2017 ROKU"},"content":{"rendered":"<h2 style=\"text-align: center;\"><strong>LIST REKTORA WY\u017bSZEGO SEMINARIUM DUCHOWNEGO W\u00a0P\u0141OCKU NA WIELKANOC\u00a02017 ROKU<\/strong><\/h2>\n<h3 style=\"text-align: justify;\"><strong><em>Siostry i\u00a0Bracia!<\/em> <\/strong><\/h3>\n<h3 style=\"text-align: justify;\">\u00a0 \u00a0Rado\u015b\u0107 Wielkanocnego poranka pr\u00f3buje prze\u0142ama\u0107 smutek i\u00a0rozpacz p\u0142yn\u0105c\u0105 ze \u015bwiadomo\u015bci, co cz\u0142owiek uczyni\u0142 swojemu Panu i\u00a0Zbawicielowi. W\u00a0tych dniach wzrok naszej wiary kieruje si\u0119 w\u00a0stron\u0119 Jerozolimy \u2013\u00a0miejsca m\u0119ki, \u015bmierci i\u00a0zmartwychwstania Jezusa. Podczas liturgii Wielkiego Pi\u0105tku kontemplowali\u015bmy Jego m\u0119k\u0119. Dramat ostatnich chwil z\u00a0\u017cycia Jezusa Jan Ewangelista odda\u0142 w\u00a0zwi\u0119z\u0142ych s\u0142owach: \u201eA On sam, d\u017awigaj\u0105c krzy\u017c, wyszed\u0142 na\u00a0miejsce zwane Miejscem Czaszki, kt\u00f3re po\u00a0hebrajsku nazywa si\u0119 Golgota. Tam Go ukrzy\u017cowano, a\u00a0z\u00a0Nim dw\u00f3ch innych, z\u00a0jednej i\u00a0drugiej strony, po\u015brodku za\u015b Jezusa (\u2026), a\u00a0w\u00a0miejscu, gdzie Go ukrzy\u017cowano, by\u0142 ogr\u00f3d, w\u00a0ogrodzie za\u015b nowy gr\u00f3b, w\u00a0kt\u00f3rym (\u2026) z\u0142o\u017cono Jezusa\u201d (J\u00a019,7-18;41). Dzi\u015b miejsce ukrzy\u017cowania i\u00a0z\u0142o\u017cenia do\u00a0grobu znajduje si\u0119 w\u00a0Bazylice Grobu Pa\u0144skiego, dok\u0105d, zw\u0142aszcza w\u00a0okresie wielkanocnym, przybywa wiele tysi\u0119cy pielgrzym\u00f3w. Tegoroczne obchody Wielkiego Tygodnia i\u00a0Wielkanocy b\u0119d\u0105 mia\u0142y wyj\u0105tkowy klimat, gdy\u017c liturgia odb\u0119dzie si\u0119 przy\u00a0pi\u0119knie odnowionym Grobie Pa\u0144skim, kt\u00f3ry jest niemym \u015bwiadkiem najwi\u0119kszego cudu \u2013 zmartwychwstania Chrystusa. To tam objawi\u0142a si\u0119 moc Boga! Od\u00a0dw\u00f3ch tysi\u0119cy lat nieustannie porusza ludzkie serca, umacnia wiar\u0119 i\u00a0pobudza do\u00a0wyra\u017cenia wdzi\u0119czno\u015bci Zbawicielowi za\u00a0Jego bezgraniczn\u0105 mi\u0142o\u015b\u0107 wobec ka\u017cdego z\u00a0nas. Daj\u0105 temu wyraz liczni pielgrzymi, znani i\u00a0s\u0142awni oraz ci zwyczajni. By\u0142 w\u015br\u00f3d nich tak\u017ce nasz b\u0142ogos\u0142awiony Arcybiskup Antoni Julian Nowowiejski.<\/h3>\n<h3 style=\"text-align: justify;\">\u00a0 \u00a01 maja\u00a01931 roku, na\u00a0dziesi\u0119\u0107 lat przed\u00a0swoj\u0105 m\u0119cze\u0144sk\u0105 \u015bmierci\u0105, tak relacjonowa\u0142 swoj\u0105 wizyt\u0119 w\u00a0Bazylice Grobu Pa\u0144skiego \u2013\u00a0miejscu, gdzie nadzieja na\u00a0\u017cycie wieczne znajduje swoje uzasadnienie: \u201eChc\u0119 wam, Kochani Diecezjanie, donie\u015b\u0107, \u017ce (\u2026) modli\u0142em si\u0119 nie tylko za\u00a0siebie, moich towarzyszy pielgrzymki i\u00a0 za\u00a0 wszystkich kap\u0142an\u00f3w diecezji, ale za\u00a0 Was wszystkich. Poleci\u0142em Chrystusowi Panu wszystkie organizacje diecezjalne, parafie, szko\u0142y, rodzic\u00f3w, m\u0142odzie\u017c i\u00a0 dzieci. Nie zapomnia\u0142em ani jednego stanu. (\u2026) Modli\u0142em si\u0119 za\u00a0biednych i\u00a0cierpi\u0105cych r\u00f3\u017cne choroby.\u00a0I\u00a0mam niez\u0142omn\u0105 nadziej\u0119, \u017ce Pan B\u00f3g, daj\u0105c mi mo\u017cno\u015b\u0107 odbycia tej pielgrzymki w\u00a050. roku mojego \u017cycia kap\u0142a\u0144skiego, wys\u0142ucha\u0142 moje pro\u015bby\u201d.<\/h3>\n<h3 style=\"text-align: justify;\">\u00a0 \u00a0Ws\u0142uchuj\u0105c si\u0119 w\u00a0g\u0142\u0119bi\u0119 modlitwy b\u0142ogos\u0142awionego Pasterza Ko\u015bcio\u0142a P\u0142ockiego, mo\u017ce zrodzi\u0107 si\u0119 pytanie: Dlaczego pusty gr\u00f3b Jezusa wywo\u0142uje takie niepowtarzane my\u015bli i\u00a0uczucia? Odpowied\u017a na\u00a0to pytanie mo\u017ce by\u0107 tylko jedna: maj\u0105c go przed\u00a0oczyma dotykamy istoty naszej wiary! Pan zmartwychwsta\u0142 i\u00a0dlatego gr\u00f3b jest pusty! Jego cia\u0142o nie zosta\u0142o skradzione lub przeniesione do\u00a0innego grobu, B\u00f3g Ojciec wskrzesi\u0142 swego Syna, kt\u00f3ry p\u00f3\u017aniej ukazywa\u0142 si\u0119 niewiastom i\u00a0uczniom. Oba wydarzenia \u2013\u00a0pusty gr\u00f3b i\u00a0ukazywanie si\u0119 braciom i\u00a0siostrom \u2013\u00a0potwierdzaj\u0105 cud zmartwychwstania. Jezus by\u0142 prawdziwym Mesjaszem!<\/h3>\n<h3 style=\"text-align: justify;\">\u00a0 \u00a0Siostry i\u00a0Bracia! \u015awiat w\u00a0kt\u00f3rym \u017cyjemy, nadal poszukuje sensu istnienia i\u00a0\u2013paradoksalnie \u2013 mo\u017ce go znale\u017a\u0107 wpatruj\u0105c si\u0119 w\u00a0pusty gr\u00f3b Chrystusa. Przekazywanie or\u0119dzia, \u017ce Chrystus zmartwychwsta\u0142, spoczywa na\u00a0ka\u017cdym z\u00a0nas. T\u0119 radosn\u0105 nowin\u0119 maj\u0105 nie\u015b\u0107 kap\u0142ani i\u00a0osoby \u015bwieckie; pierwsi \u2013\u00a0moc\u0105 sakramentu \u015bwi\u0119ce\u0144, drudzy \u2013\u00a0moc\u0105 sakramentu chrztu \u015bwi\u0119tego. Przygotowanie do\u00a0tej misji powinno odbywa\u0107 si\u0119 od\u00a0najwcze\u015bniejszych lat \u017cycia przez wychowanie religijne w\u00a0rodzinie i\u00a0katechez\u0119, ale r\u00f3wnie\u017c przez szkolnictwo katolickie, kt\u00f3re stara si\u0119 przekaza\u0107 nie tylko wiedz\u0119, ale te\u017c uformowa\u0107 wierz\u0105cego cz\u0142owieka. Dlatego pragn\u0119 wyrazi\u0107 sw\u0105 rado\u015b\u0107, \u017ce w\u00a0sercu naszej diecezji ponownie zaczniemy oddycha\u0107 dwoma p\u0142ucami: seminarium duchownym i\u00a0szko\u0142\u0105 katolick\u0105. Przez ponad osiemdziesi\u0105t lat instytucje te wsp\u00f3\u0142istnia\u0142y ze sob\u0105, daj\u0105c diecezji i\u00a0Ojczy\u017anie wielu znakomitych kap\u0142an\u00f3w i\u00a0wiernych \u015bwieckich. Jak\u017ce jasn\u0105 wizj\u0119 edukacji m\u0142odych ludzi mia\u0142 wspomniany abp Antoni Julian Nowowiejski, kiedy w\u00a01916 roku utworzy\u0142 Gimnazjum M\u0119skie im. \u015bw. Stanis\u0142awa Kostki. By\u0142 przekonany, \u017ce stworzenie m\u0142odym ludziom szansy edukacyjnej, b\u0119dzie najlepsz\u0105 inwestycj\u0105 dla Ko\u015bcio\u0142a i\u00a0Polski. Ta jego idea obecnie zostaje poszerzona \u2013\u00a0obok przeniesionego z\u00a0Sikorza liceum, w\u00a0P\u0142ocku powstanie katolicka szko\u0142a podstawowa. Wierz\u0119, \u017ce dzisiejsze zaanga\u017cowanie Ko\u015bcio\u0142a diecezjalnego w\u00a0edukacj\u0119, zaowocuje w\u00a0przysz\u0142o\u015bci zrodzeniem m\u0105drych i\u00a0\u015bwi\u0119tych ludzi Ko\u015bcio\u0142a, kt\u00f3rzy b\u0119d\u0105 ubogaca\u0107 dziedzictwo mazowieckiej ziemi. Serdecznie zach\u0119cam rodzic\u00f3w, m\u0142odzie\u017c i\u00a0dzieci, by zapoznali si\u0119 z\u00a0ofert\u0105 szk\u00f3\u0142 katolickich w\u00a0P\u0142ocku przy\u00a0ul. Nowowiejskiego\u00a02. Mam nadziej\u0119, \u017ce nasze s\u0105siedztwo przyczyni si\u0119 do\u00a0rozwoju intelektualnego i\u00a0duchowego nas wszystkich.<\/h3>\n<h3 style=\"text-align: justify;\">\u00a0 \u00a0Siostry i\u00a0Bracia! Z\u00a0ca\u0142ego pragn\u0119 Wam podzi\u0119kowa\u0107 za\u00a0wszelkie przejawy troski i\u00a0zainteresowania sprawami Seminarium. Mamy \u015bwiadomo\u015b\u0107, \u017ce nasze istnienie jest mo\u017cliwe dzi\u0119ki zaanga\u017cowaniu wielu ludzi dobrej woli. Dzi\u0119kuj\u0119 za\u00a0wsparcie materialne oraz liczne modlitwy w\u00a0intencji powo\u0142a\u0144. W\u00a0spos\u00f3b szczeg\u00f3lny pragn\u0119 wyrazi\u0107 swoj\u0105 wdzi\u0119czno\u015b\u0107 uczestnikom adoracji Naj\u015bwi\u0119tszego Sakramentu, kt\u00f3re odbywaj\u0105 si\u0119 w\u00a0seminaryjnej kaplicy w\u00a0trzeci czwartek miesi\u0105ca. Niech \u015bwi\u0119ta Zmartwychwstania Pa\u0144skiego b\u0119d\u0105 prze\u017cyte w\u00a0duchu wiary i\u00a0wdzi\u0119czno\u015bci dla naszego Zbawiciela. Cho\u0107 w\u00a0tych dniach nie mo\u017cemy przyby\u0107 do\u00a0Bazyliki Grobu Pa\u0144skiego, wykorzystuj\u0105c zdobycze techniczne, odwied\u017amy stron\u0119 internetow\u0105, by zobaczy\u0107 pi\u0119knie odnowiony pusty gr\u00f3b Jezusa. Z\u00a0niego niech pop\u0142ynie \u015bwiat\u0142o wiary, nadziei i\u00a0mi\u0142o\u015bci dla naszych rodzin, wsp\u00f3lnot parafialnych, Seminarium i\u00a0ca\u0142ej mazowieckiej ojczyzny.<\/h3>\n<h4 style=\"text-align: justify;\">P\u0142ock, dnia\u00a05 kwietnia\u00a02017 r.<\/h4>\n<h4 style=\"text-align: right;\">Ks. Marek Jarosz Rektor WSD w\u00a0P\u0142ocku<\/h4>\n","protected":false},"excerpt":{"rendered":"<p>LIST REKTORA WY\u017bSZEGO SEMINARIUM DUCHOWNEGO W\u00a0P\u0141OCKU NA WIELKANOC\u00a02017 ROKU Siostry i\u00a0Bracia! \u00a0 \u00a0Rado\u015b\u0107 Wielkanocnego poranka pr\u00f3buje prze\u0142ama\u0107 smutek i\u00a0rozpacz p\u0142yn\u0105c\u0105 ze \u015bwiadomo\u015bci, co cz\u0142owiek uczyni\u0142 swojemu Panu i\u00a0Zbawicielowi. W\u00a0tych dniach wzrok naszej wiary kieruje si\u0119 w\u00a0stron\u0119 Jerozolimy \u2013\u00a0miejsca m\u0119ki, \u015bmierci i\u00a0zmartwychwstania Jezusa. Podczas liturgii Wielkiego Pi\u0105tku kontemplowali\u015bmy Jego m\u0119k\u0119. Dramat ostatnich chwil z\u00a0\u017cycia Jezusa Jan &hellip; <\/p>\n<p><a class=\"more-link btn\" href=\"https:\/\/parafiasmardzewo.pl\/?p=3461\">Kontynuuj czytanie<\/a><\/p>\n","protected":false},"author":1,"featured_media":3463,"comment_status":"open","ping_status":"open","sticky":false,"template":"","format":"standard","meta":[],"categories":[6],"tags":[],"_links":{"self":[{"href":"https:\/\/parafiasmardzewo.pl\/index.php?rest_route=\/wp\/v2\/posts\/3461"}],"collection":[{"href":"https:\/\/parafiasmardzewo.pl\/index.php?rest_route=\/wp\/v2\/posts"}],"about":[{"href":"https:\/\/parafiasmardzewo.pl\/index.php?rest_route=\/wp\/v2\/types\/post"}],"author":[{"embeddable":true,"href":"https:\/\/parafiasmardzewo.pl\/index.php?rest_route=\/wp\/v2\/users\/1"}],"replies":[{"embeddable":true,"href":"https:\/\/parafiasmardzewo.pl\/index.php?rest_route=%2Fwp%2Fv2%2Fcomments&post=3461"}],"version-history":[{"count":1,"href":"https:\/\/parafiasmardzewo.pl\/index.php?rest_route=\/wp\/v2\/posts\/3461\/revisions"}],"predecessor-version":[{"id":3462,"href":"https:\/\/parafiasmardzewo.pl\/index.php?rest_route=\/wp\/v2\/posts\/3461\/revisions\/3462"}],"wp:featuredmedia":[{"embeddable":true,"href":"https:\/\/parafiasmardzewo.pl\/index.php?rest_route=\/wp\/v2\/media\/3463"}],"wp:attachment":[{"href":"https:\/\/parafiasmardzewo.pl\/index.php?rest_route=%2Fwp%2Fv2%2Fmedia&parent=3461"}],"wp:term":[{"taxonomy":"category","embeddable":true,"href":"https:\/\/parafiasmardzewo.pl\/index.php?rest_route=%2Fwp%2Fv2%2Fcategories&post=3461"},{"taxonomy":"post_tag","embeddable":true,"href":"https:\/\/parafiasmardzewo.pl\/index.php?rest_route=%2Fwp%2Fv2%2Ftags&post=3461"}],"curies":[{"name":"wp","href":"https:\/\/api.w.org\/{rel}","templated":true}]}}