{"id":3475,"date":"2017-04-21T20:24:43","date_gmt":"2017-04-21T18:24:43","guid":{"rendered":"http:\/\/parafiasmardzewo.pl\/?p=3475"},"modified":"2017-04-21T20:24:43","modified_gmt":"2017-04-21T18:24:43","slug":"list-pasterski-episkopatu-polski-na-niedziele-milosierdzia","status":"publish","type":"post","link":"https:\/\/parafiasmardzewo.pl\/?p=3475","title":{"rendered":"LIST PASTERSKI EPISKOPATU POLSKI NA NIEDZIEL\u0118 MI\u0141OSIERDZIA"},"content":{"rendered":"<h3 style=\"text-align: center;\"><strong>\u201eBy\u0107 dobrym jak chleb\u201d<\/strong><\/h3>\n<h3><strong>Umi\u0142owani w\u00a0Panu Siostry i\u00a0Bracia!<\/strong><\/h3>\n<h3 style=\"text-align: justify;\">Obecny rok po\u015bwi\u0119cony jest osobie \u015bw. Brata Alberta, szczeg\u00f3lnego patrona i\u00a0\u015bwiadka mi\u0142osierdzia. Jego \u017cycie, a\u00a0zw\u0142aszcza \u017cyciowa dewiza: \u201eby\u0107 dobrym jak chleb\u201d, stanowi dla nas inspiruj\u0105cy przyk\u0142ad urzeczywistniania w\u00a0 praktyce mi\u0142osierdzia. W\u00a0 my\u015bl tegorocznego has\u0142a programu duszpasterskiego \u201eId\u017acie i\u00a0g\u0142o\u015bcie\u201d, chcemy jeszcze bardziej zaanga\u017cowa\u0107 si\u0119 w\u00a0apostolat mi\u0142osierdzia. Ojciec \u015awi\u0119ty Franciszek w\u00a0Li\u015bcie Misericordia et misera og\u0142oszonym na\u00a0zako\u0144czenie Roku \u015awi\u0119tego, zwraca nasz\u0105 uwag\u0119 na\u00a0to, \u017ce wszyscy do\u015bwiadczyli\u015bmy Bo\u017cego mi\u0142osierdzia i\u00a0podkre\u015bla, \u017ce teraz: \u201eNadszed\u0142 czas, aby zrobi\u0107 miejsce wyobra\u017ani mi\u0142osierdzia\u201d. Ka\u017cdy jest umi\u0142owany przez Boga, wi\u0119c ka\u017cdy ma mie\u0107 mi\u0142osierdzie w\u00a0sercu, pami\u0119ci i\u00a0dzia\u0142aniu.<\/h3>\n<h3 style=\"text-align: justify;\">W\u00a0dzisiejszym pierwszym czytaniu s\u0142yszymy: \u201euczniowie trwali w\u00a0nauce aposto\u0142\u00f3w i\u00a0we wsp\u00f3lnocie, w\u00a0\u0142amaniu chleba i\u00a0w\u00a0modlitwach, a\u00a0dobra materialne rozdzielali ka\u017cdemu wed\u0142ug potrzeby\u201d (Dz\u00a02,42- 45). Tak realizowana pomoc charytatywna \u201eka\u017cdemu wed\u0142ug potrzeby\u201d przyczynia si\u0119 do\u00a0budowania sprawiedliwo\u015bci spo\u0142ecznej. Chrze\u015bcijanie od\u00a0pocz\u0105tku maj\u0105 \u015bwiadomo\u015b\u0107, \u017ce dzia\u0142alno\u015b\u0107 charytatywna nie jest celem samym w\u00a0sobie, ale \u017ce ma si\u0119 ona przyczynia\u0107 do\u00a0realizacji najwa\u017cniejszego celu, kt\u00f3rym jest zbawienie wszystkich ludzi.<\/h3>\n<h3 style=\"text-align: justify;\">Chrystusowe wezwanie do\u00a0mi\u0142osierdzia jest nadal aktualne. Rado\u015bci\u0105 nape\u0142nia fakt, \u017ce dzia\u0142alno\u015b\u0107 charytatywn\u0105 Ko\u015bcio\u0142a w\u00a0Polsce podejmuje ponad\u00a0800 instytucji, kt\u00f3re realizuj\u0105\u00a05000 r\u00f3\u017cnego rodzaju dzie\u0142. Dzi\u0119ki temu pomoc dociera do\u00a0ponad\u00a03 milion\u00f3w potrzebuj\u0105cych. W\u00a0szczeg\u00f3lny spos\u00f3b uczestniczy w\u00a0nich Caritas Polska w\u00a0\u0142\u0105czno\u015bci z\u00a0Caritas Diecezjalnymi. Rodzin\u0119 Caritas od\u00a026 lat tworzy\u00a05000 Parafialnych Zespo\u0142\u00f3w Caritas,\u00a02700 Szkolnych i\u00a0Akademickich K\u00f3\u0142 Caritas, w\u00a0kt\u00f3rych pos\u0142uguje blisko 100 tysi\u0119cy wolontariuszy. Nie mo\u017cna pomin\u0105\u0107 r\u00f3wnie\u017c nieocenionej roli wszystkich tych, kt\u00f3rzy spontanicznie anga\u017cuj\u0105 si\u0119 w\u00a0pomoc potrzebuj\u0105cym.<\/h3>\n<h3 style=\"text-align: justify;\">Mimo b\u0142yskawicznego rozwoju technologicznego, kulturowego, spo\u0142ecznego i\u00a0cywilizacyjnego bieda w\u00a0r\u00f3\u017cnej postaci dotyka wiele milion\u00f3w ludzi. Jedn\u0105 z\u00a0nich jest g\u0142\u00f3d, kt\u00f3rego do\u015bwiadcza\u00a0800 milion\u00f3w ludzi na\u00a0ca\u0142ym \u015bwiecie. Wci\u0105\u017c spotykamy si\u0119 z\u00a0oboj\u0119tno\u015bci\u0105 na\u00a0los drugiego cz\u0142owieka, przede wszystkim tego b\u0119d\u0105cego daleko, ale i\u00a0tego obok nas. Jak m\u00f3wi Papie\u017c Franciszek: \u201eTak wiele jest docieraj\u0105- cych do\u00a0nas obraz\u00f3w, \u017ce widzimy cierpienie, ale go nie dotykamy, s\u0142yszymy p\u0142acz, ale nie pocieszamy p\u0142acz\u0105cych, widzimy pragnienie, ale go nie zaspokajamy\u201d (Rzym,\u00a013 czerwca\u00a02016 r.). Dlatego od\u00a0ponad \u0107wier\u0107wiecza Caritas w\u00a0Polsce wychodzi z\u00a0licznymi inicjatywami pomocy potrzebuj\u0105cym na\u00a0r\u00f3\u017cnych p\u0142aszczyznach. Pomagamy dzieciom przez Wakacyjn\u0105 Akcj\u0119 Caritas, Tornister Pe\u0142en U\u015bmiech\u00f3w i\u00a0Wigilijne Dzie\u0142o Pomocy Dzieciom; ubogim poprzez zbi\u00f3rki \u017cywno\u015bci Tak, pomagam! i\u00a0Kromk\u0119 Chleba; niepe\u0142nosprawnym, chorym i\u00a0starszym przez Ja\u0142mu\u017cn\u0119 Wielkopostn\u0105 i\u00a01%. Pomagamy tak\u017ce ofiarom konflikt\u00f3w wojennych w\u00a0uruchomionym w\u00a0pa\u017adzierniku\u00a02016 roku programie Rodzina Rodzinie. Cieszy fakt, \u017ce spieszymy z\u00a0pomoc\u0105 nie tylko osobom potrzebuj\u0105cym w\u00a0Polsce, ale i\u00a0w\u00a0najdalszych regionach \u015bwiata, zw\u0142aszcza ofiarom katastrof, suszy, powodzi i\u00a0wojen.<\/h3>\n<h3 style=\"text-align: justify;\">Pos\u0142uga Caritas nie jest jednak zwyk\u0142\u0105 dzia\u0142alno\u015bci\u0105 charytatywn\u0105. To przede wszystkim kszta\u0142towanie postawy wra\u017cliwo\u015bci na\u00a0los drugiego cz\u0142owieka i\u00a0odpowied\u017a na\u00a0konkretne problemy dzisiejszego \u015bwiata. Musimy pami\u0119ta\u0107, \u017ce warunkiem niesienia mi\u0142osierdzia jest osobiste do\u015bwiadczenie Mi\u0142osierdzia Bo\u017cego i\u00a0zgoda na\u00a0Jego dzia\u0142anie w\u00a0\u017cyciu ka\u017cdego z\u00a0nas. Jak pisze Papie\u017c Benedykt\u00a0XVI\u00a0w\u00a0encyklice Caritas in veritate: \u201eDyspozycyjno\u015b\u0107 wobec Boga otwiera na\u00a0dyspozycyjno\u015b\u0107 wobec braci oraz wobec \u017cycia\u201d.<\/h3>\n<h3 style=\"text-align: justify;\">Dyspozycyjno\u015b\u0107 wobec Boga to inne imi\u0119 nowej ewangelizacji. Celem wszystkich wsp\u00f3\u0142cze\u015bnie podejmowanych wysi\u0142k\u00f3w duszpasterskich Ko\u015bcio\u0142a jest otwarcie cz\u0142owieka na\u00a0 \u017cyw\u0105 i\u00a0 zbawcz\u0105 mi\u0142o\u015b\u0107 Boga. B\u00f3g chce by\u0107 obecny ze swoj\u0105 mi\u0142o\u015bci\u0105 mi\u0142osiern\u0105 zw\u0142aszcza tam, gdzie ludzie pozbawieni s\u0105 nie tylko doczesnych perspektyw godziwego \u017cycia, ale i\u00a0wszelkich znak\u00f3w obecno\u015bci Boga. Dyspozycyjna obecno\u015b\u0107 wobec bli\u017anich na\u00a0marginesach wsp\u00f3\u0142czesnego \u015bwiata staje si\u0119 miar\u0105 wiarygodno\u015bci Ko\u015bcio\u0142a, bo Chrystus uto\u017csami\u0142 si\u0119 z\u00a0biednymi, ich l\u0119kiem i\u00a0cierpieniem. Papie\u017c Franciszek nie tylko to g\u0142osi, ale niezwykle mocno pokazuje, zw\u0142aszcza wobec uchod\u017ac\u00f3w, bezdomnych, g\u0142oduj\u0105cych, ofiar handlu lud\u017ami i\u00a0przemocy.<\/h3>\n<h3 style=\"text-align: justify;\">Wszyscy jeste\u015bmy wstrz\u0105\u015bni\u0119ci dramatem trwaj\u0105cej od\u00a0ponad\u00a06 lat wojny w\u00a0Syrii. Wskutek tego konfliktu ponad\u00a013 mln ludzi, w\u00a0tym\u00a06 mln dzieci potrzebuje pomocy humanitarnej. W\u015br\u00f3d wielu inicjatyw\u00a0pomocy cierpi\u0105cym jest przygotowany i\u00a0realizowany przez Caritas Polska, wspomniany ju\u017c program Rodzina Rodzinie, kt\u00f3ry umo\u017cliwia materialne wsparcie konkretnej syryjskiej rodziny. Dzi\u0119ki zaanga- \u017cowaniu pojedynczych os\u00f3b a\u00a0tak\u017ce ca\u0142ych rodzin, instytucji, wsp\u00f3lnot zakonnych i\u00a0parafialnych wspieranych jest ju\u017c ponad\u00a02000 syryjskich rodzin. Ka\u017cdy z\u00a0nas ma wci\u0105\u017c mo\u017cliwo\u015b\u0107 w\u0142\u0105czenia si\u0119 do\u00a0grona pomagaj\u0105cych. Niech to szczeg\u00f3lne dzie\u0142o b\u0119dzie nasz\u0105 konkretn\u0105 odpowiedzi\u0105 na\u00a0los rodzin, tak bole\u015bnie dotkni\u0119tych dramatem wojny. Ju\u017c teraz pragniemy podzi\u0119kowa\u0107 wszystkim, kt\u00f3rzy zechc\u0105 wesprze\u0107 ofiar\u0105 zbieran\u0105 dzi\u015b do\u00a0puszek w\u00a0ca\u0142ej Polsce osoby dotkni\u0119te wojn\u0105 w\u00a0Syrii, szczeg\u00f3lnie w\u00a0zrujnowanym Aleppo.<\/h3>\n<h3 style=\"text-align: justify;\">Dzisiaj, w\u00a0Niedziel\u0119 Mi\u0142osierdzia Bo\u017cego, w\u00a0kt\u00f3r\u0105 przypada te\u017c \u015awi\u0119to Patronalne Caritas, pragniemy nasze my\u015bli i\u00a0serca zwr\u00f3ci\u0107 do\u00a0Maryi, Matki Mi\u0142osierdzia, aby wyprasza\u0142a paschaln\u0105 rado\u015b\u0107 wszystkim zaanga\u017cowanym w\u00a0dzie\u0142a charytatywne Ko\u015bcio\u0142a, zw\u0142aszcza wolontariuszom ze Szkolnych i\u00a0Akademickich K\u00f3\u0142 oraz Parafialnych Zespo\u0142\u00f3w Caritas a\u00a0tak\u017ce tym, kt\u00f3rych modlitwa umacnia pos\u0142uguj\u0105cych. Niech Maryja wspiera szlachetnych fundator\u00f3w i\u00a0darczy\u0144c\u00f3w, umo\u017cliwiaj\u0105cych Caritas i\u00a0wszelkim organizacjom charytatywnym codzienn\u0105 misj\u0119. Niech Jej wstawiennictwo przymna\u017ca aposto\u0142\u00f3w mi\u0142osierdzia na\u00a0wz\u00f3r \u015bw. Brata Alberta.<\/h3>\n<h3 style=\"text-align: justify;\">Wszystkim Wam, Siostry i\u00a0Bracia udzielamy pasterskiego b\u0142ogos\u0142awie\u0144stwa.<\/h3>\n<p style=\"text-align: center;\">Podpisali:<\/p>\n<p style=\"text-align: center;\">Pasterze Ko\u015bcio\u0142a w\u00a0Polsce<\/p>\n<p style=\"text-align: center;\">obecni na\u00a0375. Zebraniu Plenarnym KEP<\/p>\n<p style=\"text-align: center;\">w\u00a0Warszawie, w\u00a0dniu\u00a014 marca\u00a02017 r.<\/p>\n","protected":false},"excerpt":{"rendered":"<p>\u201eBy\u0107 dobrym jak chleb\u201d Umi\u0142owani w\u00a0Panu Siostry i\u00a0Bracia! Obecny rok po\u015bwi\u0119cony jest osobie \u015bw. Brata Alberta, szczeg\u00f3lnego patrona i\u00a0\u015bwiadka mi\u0142osierdzia. Jego \u017cycie, a\u00a0zw\u0142aszcza \u017cyciowa dewiza: \u201eby\u0107 dobrym jak chleb\u201d, stanowi dla nas inspiruj\u0105cy przyk\u0142ad urzeczywistniania w\u00a0 praktyce mi\u0142osierdzia. W\u00a0 my\u015bl tegorocznego has\u0142a programu duszpasterskiego \u201eId\u017acie i\u00a0g\u0142o\u015bcie\u201d, chcemy jeszcze bardziej zaanga\u017cowa\u0107 si\u0119 w\u00a0apostolat mi\u0142osierdzia. Ojciec \u015awi\u0119ty &hellip; <\/p>\n<p><a class=\"more-link btn\" href=\"https:\/\/parafiasmardzewo.pl\/?p=3475\">Kontynuuj czytanie<\/a><\/p>\n","protected":false},"author":1,"featured_media":3476,"comment_status":"open","ping_status":"open","sticky":false,"template":"","format":"standard","meta":[],"categories":[6],"tags":[],"_links":{"self":[{"href":"https:\/\/parafiasmardzewo.pl\/index.php?rest_route=\/wp\/v2\/posts\/3475"}],"collection":[{"href":"https:\/\/parafiasmardzewo.pl\/index.php?rest_route=\/wp\/v2\/posts"}],"about":[{"href":"https:\/\/parafiasmardzewo.pl\/index.php?rest_route=\/wp\/v2\/types\/post"}],"author":[{"embeddable":true,"href":"https:\/\/parafiasmardzewo.pl\/index.php?rest_route=\/wp\/v2\/users\/1"}],"replies":[{"embeddable":true,"href":"https:\/\/parafiasmardzewo.pl\/index.php?rest_route=%2Fwp%2Fv2%2Fcomments&post=3475"}],"version-history":[{"count":1,"href":"https:\/\/parafiasmardzewo.pl\/index.php?rest_route=\/wp\/v2\/posts\/3475\/revisions"}],"predecessor-version":[{"id":3477,"href":"https:\/\/parafiasmardzewo.pl\/index.php?rest_route=\/wp\/v2\/posts\/3475\/revisions\/3477"}],"wp:featuredmedia":[{"embeddable":true,"href":"https:\/\/parafiasmardzewo.pl\/index.php?rest_route=\/wp\/v2\/media\/3476"}],"wp:attachment":[{"href":"https:\/\/parafiasmardzewo.pl\/index.php?rest_route=%2Fwp%2Fv2%2Fmedia&parent=3475"}],"wp:term":[{"taxonomy":"category","embeddable":true,"href":"https:\/\/parafiasmardzewo.pl\/index.php?rest_route=%2Fwp%2Fv2%2Fcategories&post=3475"},{"taxonomy":"post_tag","embeddable":true,"href":"https:\/\/parafiasmardzewo.pl\/index.php?rest_route=%2Fwp%2Fv2%2Ftags&post=3475"}],"curies":[{"name":"wp","href":"https:\/\/api.w.org\/{rel}","templated":true}]}}