{"id":3508,"date":"2017-05-09T20:53:12","date_gmt":"2017-05-09T18:53:12","guid":{"rendered":"http:\/\/parafiasmardzewo.pl\/?p=3508"},"modified":"2017-05-09T21:22:13","modified_gmt":"2017-05-09T19:22:13","slug":"diecezjalne-uroczystosci-100-rocznicy-objawien-fatimskich","status":"publish","type":"post","link":"https:\/\/parafiasmardzewo.pl\/?p=3508","title":{"rendered":"DIECEZJALNE UROCZYSTO\u015aCI 100. ROCZNICY OBJAWIE\u0143 FATIMSKICH"},"content":{"rendered":"<p>&nbsp;<\/p>\n<h3 style=\"text-align: justify;\">Serdecznie zapraszamy Czcigodnych Ksi\u0119\u017cy, siostry zakonne i\u00a0wiernych \u015bwieckich, zw\u0142aszcza cz\u0142onk\u00f3w K\u00f3\u0142 \u017bywego R\u00f3\u017ca\u0144ca, do wzi\u0119cia udzia\u0142u w\u00a0diecezjalnej uroczysto\u015bci 100. rocznicy Objawie\u0144 Fatimskich, kt\u00f3ra odb\u0119dzie si\u0119\u00a013 maja 2017 r. w\u00a0parafii pw. Matki Bo\u017cej Fatimskiej w\u00a0Ciechanowie.<br \/>\nObchody rozpoczn\u0105 si\u0119 o\u00a0godz. 11.00 zawi\u0105zaniem wsp\u00f3lnoty i\u00a0procesj\u0105 fatimsk\u0105 po\u0142\u0105czon\u0105 z\u00a0modlitw\u0105 r\u00f3\u017ca\u0144cow\u0105. O godz. 12.00 b\u0119dzie sprawowana Msza \u015bw. koncelebrowana pod przewodnictwem Biskupa P\u0142ockiego Piotra Libery, podczas kt\u00f3rej Biskup P\u0142ocki powierzy diecezj\u0119 Niepokalanemu Sercu Naj\u015bwi\u0119tszej Maryi Panny.\u00a0Po Mszy \u015bw. odb\u0119dzie si\u0119 kr\u00f3tki koncert ch\u00f3ru diecezji grodzie\u0144skiej z\u00a0Bia\u0142orusi \u201eCantate Domino\u201d. Po zako\u0144czonych uroczysto\u015bciach przewidziany jest pocz\u0119stunek.\u00a0 Czcigodnych Ksi\u0119\u017cy Dziekan\u00f3w prosimy o\u00a0zorganizowanie wyjazdu dla wiernych \u015bwieckich, przedstawicieli parafii danego dekanatu. Prosimy o\u00a0zg\u0142oszenie zorganizowanych grup do 30 kwietnia br. do Wydzia\u0142u Duszpasterskiego.<\/h3>\n","protected":false},"excerpt":{"rendered":"<p>&nbsp; Serdecznie zapraszamy Czcigodnych Ksi\u0119\u017cy, siostry zakonne i\u00a0wiernych \u015bwieckich, zw\u0142aszcza cz\u0142onk\u00f3w K\u00f3\u0142 \u017bywego R\u00f3\u017ca\u0144ca, do wzi\u0119cia udzia\u0142u w\u00a0diecezjalnej uroczysto\u015bci 100. rocznicy Objawie\u0144 Fatimskich, kt\u00f3ra odb\u0119dzie si\u0119\u00a013 maja 2017 r. w\u00a0parafii pw. Matki Bo\u017cej Fatimskiej w\u00a0Ciechanowie. Obchody rozpoczn\u0105 si\u0119 o\u00a0godz. 11.00 zawi\u0105zaniem wsp\u00f3lnoty i\u00a0procesj\u0105 fatimsk\u0105 po\u0142\u0105czon\u0105 z\u00a0modlitw\u0105 r\u00f3\u017ca\u0144cow\u0105. O godz. 12.00 b\u0119dzie sprawowana Msza \u015bw. koncelebrowana &hellip; <\/p>\n<p><a class=\"more-link btn\" href=\"https:\/\/parafiasmardzewo.pl\/?p=3508\">Kontynuuj czytanie<\/a><\/p>\n","protected":false},"author":2,"featured_media":3512,"comment_status":"open","ping_status":"open","sticky":false,"template":"","format":"standard","meta":[],"categories":[6],"tags":[],"_links":{"self":[{"href":"https:\/\/parafiasmardzewo.pl\/index.php?rest_route=\/wp\/v2\/posts\/3508"}],"collection":[{"href":"https:\/\/parafiasmardzewo.pl\/index.php?rest_route=\/wp\/v2\/posts"}],"about":[{"href":"https:\/\/parafiasmardzewo.pl\/index.php?rest_route=\/wp\/v2\/types\/post"}],"author":[{"embeddable":true,"href":"https:\/\/parafiasmardzewo.pl\/index.php?rest_route=\/wp\/v2\/users\/2"}],"replies":[{"embeddable":true,"href":"https:\/\/parafiasmardzewo.pl\/index.php?rest_route=%2Fwp%2Fv2%2Fcomments&post=3508"}],"version-history":[{"count":2,"href":"https:\/\/parafiasmardzewo.pl\/index.php?rest_route=\/wp\/v2\/posts\/3508\/revisions"}],"predecessor-version":[{"id":3513,"href":"https:\/\/parafiasmardzewo.pl\/index.php?rest_route=\/wp\/v2\/posts\/3508\/revisions\/3513"}],"wp:featuredmedia":[{"embeddable":true,"href":"https:\/\/parafiasmardzewo.pl\/index.php?rest_route=\/wp\/v2\/media\/3512"}],"wp:attachment":[{"href":"https:\/\/parafiasmardzewo.pl\/index.php?rest_route=%2Fwp%2Fv2%2Fmedia&parent=3508"}],"wp:term":[{"taxonomy":"category","embeddable":true,"href":"https:\/\/parafiasmardzewo.pl\/index.php?rest_route=%2Fwp%2Fv2%2Fcategories&post=3508"},{"taxonomy":"post_tag","embeddable":true,"href":"https:\/\/parafiasmardzewo.pl\/index.php?rest_route=%2Fwp%2Fv2%2Ftags&post=3508"}],"curies":[{"name":"wp","href":"https:\/\/api.w.org\/{rel}","templated":true}]}}