{"id":3685,"date":"2017-06-10T15:54:18","date_gmt":"2017-06-10T13:54:18","guid":{"rendered":"http:\/\/parafiasmardzewo.pl\/?p=3685"},"modified":"2017-06-10T15:54:18","modified_gmt":"2017-06-10T13:54:18","slug":"komunikat-rektora-wyzszego-seminarium-duchownego-w-plocku","status":"publish","type":"post","link":"https:\/\/parafiasmardzewo.pl\/?p=3685","title":{"rendered":"Komunikat Rektora Wy\u017cszego Seminarium Duchownego w P\u0142ocku"},"content":{"rendered":"<h3 style=\"text-align: justify;\">Rektor Wy\u017cszego Seminarium Duchownego w P\u0142ocku informuje, \u017ce dnia 26 czerwca 2017 r. o godz. 10.00 odb\u0119dzie si\u0119 pierwszy termin egzamin\u00f3w wst\u0119pnych dla kandydat\u00f3w do WSD w P\u0142ocku. Wymagane dokumenty nale\u017cy sk\u0142ada\u0107 do dnia 26 czerwca br. Prosimy o wcze\u015bniejszy kontakt telefoniczny (nr tel. 694779077; 24\/264-32-62).Szczeg\u00f3\u0142owe informacje mo\u017cna znale\u017a\u0107 na stronie internetowej oraz na seminaryjnym Facebooku.<\/h3>\n<h3 style=\"text-align: justify;\">P\u0142ock, dnia 5 czerwca 2017 r.<\/h3>\n<h3 style=\"text-align: justify;\"><em>Ks. Marek Jarosz<\/em><br \/>\n<em>Rektor WSD<\/em><\/h3>\n","protected":false},"excerpt":{"rendered":"<p>Rektor Wy\u017cszego Seminarium Duchownego w P\u0142ocku informuje, \u017ce dnia 26 czerwca 2017 r. o godz. 10.00 odb\u0119dzie si\u0119 pierwszy termin egzamin\u00f3w wst\u0119pnych dla kandydat\u00f3w do WSD w P\u0142ocku. Wymagane dokumenty nale\u017cy sk\u0142ada\u0107 do dnia 26 czerwca br. Prosimy o wcze\u015bniejszy kontakt telefoniczny (nr tel. 694779077; 24\/264-32-62).Szczeg\u00f3\u0142owe informacje mo\u017cna znale\u017a\u0107 na stronie internetowej oraz na seminaryjnym &hellip; <\/p>\n<p><a class=\"more-link btn\" href=\"https:\/\/parafiasmardzewo.pl\/?p=3685\">Kontynuuj czytanie<\/a><\/p>\n","protected":false},"author":2,"featured_media":0,"comment_status":"open","ping_status":"open","sticky":false,"template":"","format":"standard","meta":[],"categories":[6],"tags":[],"_links":{"self":[{"href":"https:\/\/parafiasmardzewo.pl\/index.php?rest_route=\/wp\/v2\/posts\/3685"}],"collection":[{"href":"https:\/\/parafiasmardzewo.pl\/index.php?rest_route=\/wp\/v2\/posts"}],"about":[{"href":"https:\/\/parafiasmardzewo.pl\/index.php?rest_route=\/wp\/v2\/types\/post"}],"author":[{"embeddable":true,"href":"https:\/\/parafiasmardzewo.pl\/index.php?rest_route=\/wp\/v2\/users\/2"}],"replies":[{"embeddable":true,"href":"https:\/\/parafiasmardzewo.pl\/index.php?rest_route=%2Fwp%2Fv2%2Fcomments&post=3685"}],"version-history":[{"count":1,"href":"https:\/\/parafiasmardzewo.pl\/index.php?rest_route=\/wp\/v2\/posts\/3685\/revisions"}],"predecessor-version":[{"id":3686,"href":"https:\/\/parafiasmardzewo.pl\/index.php?rest_route=\/wp\/v2\/posts\/3685\/revisions\/3686"}],"wp:attachment":[{"href":"https:\/\/parafiasmardzewo.pl\/index.php?rest_route=%2Fwp%2Fv2%2Fmedia&parent=3685"}],"wp:term":[{"taxonomy":"category","embeddable":true,"href":"https:\/\/parafiasmardzewo.pl\/index.php?rest_route=%2Fwp%2Fv2%2Fcategories&post=3685"},{"taxonomy":"post_tag","embeddable":true,"href":"https:\/\/parafiasmardzewo.pl\/index.php?rest_route=%2Fwp%2Fv2%2Ftags&post=3685"}],"curies":[{"name":"wp","href":"https:\/\/api.w.org\/{rel}","templated":true}]}}