{"id":3792,"date":"2017-07-29T20:22:26","date_gmt":"2017-07-29T18:22:26","guid":{"rendered":"http:\/\/parafiasmardzewo.pl\/?p=3792"},"modified":"2017-07-29T20:23:44","modified_gmt":"2017-07-29T18:23:44","slug":"apel-przewodniczacego-konferencji-episkopatu-polski-ds-apostolstwa-trzezwosci","status":"publish","type":"post","link":"https:\/\/parafiasmardzewo.pl\/?p=3792","title":{"rendered":"Apel Przewodnicz\u0105cego Konferencji E. P. ds. Apostolstwa Trze\u017awo\u015bci&#8230;"},"content":{"rendered":"<h3><strong>Apel Przewodnicz\u0105cego Zespo\u0142u Konferencji Episkopatu Polski ds. Apostolstwa Trze\u017awo\u015bci na sierpie\u0144 \u00a02017 \u2013 miesi\u0105c abstynencji<\/strong><\/h3>\n<h3><strong>\u00a0 \u00a0 \u00a0 \u00a0 \u00a0 \u00a0 \u00a0 \u00a0 \u00a0 \u00a0 \u00a0 \u00a0 \u00a0 \u00a0 \u00a0 \u00a0 \u00a0 \u00a0 \u00a0 \u00a0 \u00a0 \u00a0 \u00a0 \u00a0 \u00a0 \u00a0Siostry i Bracia w Chrystusie!<\/strong><\/h3>\n<h3 style=\"text-align: justify;\">Zbli\u017ca si\u0119 sierpie\u0144. Wielu z nas odpoczywa, zwiedza, szuka spokoju i wytchnienia od codziennych trud\u00f3w. Rolnicy prze\u017cywaj\u0105 czas najintensywniejszej pracy. Pielgrzymi wyruszaj\u0105 na drogi prowadz\u0105ce ku Jasnej G\u00f3rze. Przed nami wa\u017cne uroczysto\u015bci maryjne i patriotyczne. Co roku w\u0142a\u015bnie w sierpniu prosimy wszystkich Polak\u00f3w: <strong>podejmijcie dobrowoln\u0105 abstynencj\u0119<\/strong>. Poka\u017ccie, \u017ce potraficie odpoczywa\u0107 i bawi\u0107 si\u0119 bez alkoholu. Wi\u0119kszo\u015b\u0107 rodak\u00f3w przyjmuje nasze coroczne apele z otwartym sercem. Niekt\u00f3rzy jednak irytuj\u0105 si\u0119, a nawet pr\u00f3buj\u0105 te dzia\u0142ania o\u015bmiesza\u0107. Nie chc\u0105 przyj\u0105\u0107 do wiadomo\u015bci, \u017ce alkohol etylowy zar\u00f3wno w mocnych napojach, jak i w s\u0142abszych, takich jak piwo, ma moc zabiera\u0107 \u017cycie nie tylko pojedynczych os\u00f3b, ale unicestwia\u0107 ca\u0142e narody. Stwierdzenie, \u017ce w Polsce <strong>\u201estarsi ton\u0105 w morzu w\u00f3dki, a dzieci i m\u0142odzie\u017c w morzu piwa\u201d,<\/strong> jest w pe\u0142ni adekwatne do rzeczywisto\u015bci. A przecie\u017c alkohol jest czwartym pod wzgl\u0119dem si\u0142y dzia\u0142ania narkotykiem! Ogromnym skandalem jest wielka dost\u0119pno\u015b\u0107 fizyczna i ekonomiczna alkoholu oraz jego reklama. W konsekwencji, w Polsce wci\u0105\u017c wzrasta spo\u017cycie alkoholu. Wielu Polak\u00f3w uwa\u017ca, \u017ce alkohol jest takim samym produktem spo\u017cywczym jak ka\u017cdy inny i jego sprzeda\u017c nie wymaga specjalnych ogranicze\u0144. Z takimi pogl\u0105dami stajemy si\u0119 jednym z najbardziej proalkoholowych spo\u0142ecze\u0144stw w Europie. Ponad 2 tysi\u0105ce godzin reklam alkoholu rocznie robi swoje. Przyzwolenie na nadmierne spo\u017cywanie alkoholu, towarzyski przymus picia i alkoholowa mentalno\u015b\u0107, to najpowa\u017cniejsze problemy, z kt\u00f3rymi nasz Nar\u00f3d musi odwa\u017cnie si\u0119 zmierzy\u0107, je\u015bli chce ocali\u0107 swoj\u0105 to\u017csamo\u015b\u0107 i przetrwa\u0107. Czy mamy \u015bwiadomo\u015b\u0107, \u017ce gdy czytany jest ten Apel, tysi\u0105ce Polak\u00f3w i ich rodzin cierpi przez alkohol? Tylko w ci\u0105gu jednego dnia wok\u00f3\u0142 nas ma miejsce bezmiar ludzkich tragedii, cz\u0119sto ukrywanych, kt\u00f3re maj\u0105 jedno \u017ar\u00f3d\u0142o \u2013 nadu\u017cywanie alkoholu. Mamy na my\u015bli przemoc domow\u0105, wypadki samochodowe spowodowane przez pijanych kierowc\u00f3w, nieodwracalne wady wrodzone dzieci, kt\u00f3rych matki pi\u0142y alkohol podczas ci\u0105\u017cy, zgony spowodowane chorobami wywo\u0142anymi przez nadu\u017cywanie alkoholu, gwa\u0142ty pod wp\u0142ywem alkoholu, rozwody, zniszczon\u0105 m\u0142odo\u015b\u0107 i \u017cycie.<\/h3>\n<h3 style=\"text-align: justify;\">Czy te fakty nie m\u00f3wi\u0105 same za siebie? Czy ta lawina ludzkich nieszcz\u0119\u015b\u0107, to wci\u0105\u017c za ma\u0142o, by powiedzie\u0107 pija\u0144stwu stanowcze nie, a tak ludzkiej wolno\u015bci i szcz\u0119\u015bciu? \u015aw. Jan Pawe\u0142 II m\u00f3wi\u0142<strong>: \u201eNie wolno o\u015bmiesza\u0107 i pomniejsza\u0107 inicjatyw trze\u017awo\u015bciowych. Zbyt wysoka jest stawka, o kt\u00f3r\u0105 chodzi. Wiemy to dobrze z historii. Zbyt wysoka jest stawka i trzeba tutaj i\u015b\u0107 pod pr\u0105d! Pod pr\u0105d spo\u0142ecznego nawyku i p\u0142ytkiej opinii. Pod pr\u0105d ludzkiej s\u0142abo\u015bci. Pod pr\u0105d \u017ale rozumianej \u201ewolno\u015bci\u201d. Wolno\u015b\u0107 to nie jest samowola\u201d. <\/strong>Dlatego prosimy, pom\u00f3\u017ccie tym, kt\u00f3rzy pragn\u0105 \u017cy\u0107 w wolno\u015bci zachowuj\u0105c trze\u017awo\u015b\u0107. Dajcie dobry przyk\u0142ad zw\u0142aszcza najm\u0142odszym, kt\u00f3rzy powinni widzie\u0107, \u017ce mo\u017cna sp\u0119dza\u0107 wolny czas bez picia. Jeste\u015bmy Dzie\u0107mi Bo\u017cymi podobnymi do naszego Ojca, powo\u0142anymi do \u017cycia w mi\u0142o\u015bci, rado\u015bci i \u015bwi\u0119to\u015bci. Nie potrzebujemy alkoholu, aby osi\u0105gn\u0105\u0107 szcz\u0119\u015bcie. Alkohol mo\u017ce nam to szcz\u0119\u015bcie i pe\u0142ni\u0119 \u017cycia jedynie odebra\u0107. Wrogowie wolno\u015bci Narodu sugeruj\u0105, jakoby d\u0105\u017cenie do trze\u017awo\u015bci by\u0142o d\u0105\u017ceniem do ca\u0142kowitej prohibicji. Tak nie jest. Podkre\u015blmy to zdecydowanie \u2013 tak nie jest. Trze\u017awo\u015b\u0107 oznacza si\u0119ganie po alkohol bardzo rzadko i w bardzo ma\u0142ych ilo\u015bciach. Og\u00f3lnie okre\u015blamy brak cnoty trze\u017awo\u015bci s\u0142owem: <strong>pija\u0144stwo<\/strong>. I w\u0142a\u015bnie pija\u0144stwu musimy wyda\u0107 wojn\u0119, w imi\u0119 naszej przysz\u0142o\u015bci. Polacy musz\u0105 porzuci\u0107 pija\u0144stwo! Przypomnijmy podstawow\u0105 zasad\u0119 apostolstwa trze\u017awo\u015bci: przez abstynencj\u0119 wielu, do trze\u017awo\u015bci wszystkich. Prosimy wi\u0119c o sierpniowy dar abstynencji w poczuciu odpowiedzialno\u015bci za los wszystkich Polak\u00f3w, ca\u0142ego Narodu, kt\u00f3rego byt zagro\u017cony jest przez pija\u0144stwo i alkoholizm tak wielu naszych rodak\u00f3w.<\/h3>\n<h3 style=\"text-align: justify;\"><strong>\u00a0\u00a0\u00a0\u00a0\u00a0\u00a0\u00a0\u00a0 Dlaczego potrzebujemy Narodowego Kongresu Trze\u017awo\u015bci?<\/strong><\/h3>\n<h3 style=\"text-align: justify;\">Potrzebujemy przebudzenia i przemiany. Musimy zrozumie\u0107, \u017ce ka\u017cdego dnia na naszych oczach toczy si\u0119 walka o przysz\u0142o\u015b\u0107 Polak\u00f3w, o to, czy ocalimy trze\u017awo\u015b\u0107, a wi\u0119c wolno\u015b\u0107, godno\u015b\u0107, zdrowie i \u017cycie milion\u00f3w z nas. Czy pozwolimy, by utrata wiary, cierpienie, przemoc, stracone nadzieje niszczy\u0142y kolejne rodziny? Nie chcemy i nie mo\u017cemy biernie przygl\u0105da\u0107 si\u0119 duchowej, psychicznej i materialnej degradacji setek tysi\u0119cy Polak\u00f3w i polskich rodzin. To nie jest tylko problem jednostek, to sprawa nas wszystkich. \u015awiadomi tak licznych zagro\u017ce\u0144 podj\u0119li\u015bmy dzie\u0142o <strong>Narodowego Kongresu Trze\u017awo\u015bci.<\/strong> Dzi\u0119kujemy tak\u017ce parlamentarzystom, kt\u00f3rzy ustanowili rok 2017 rokiem troski o trze\u017awo\u015b\u0107. W tym czasie, zgodnie z has\u0142em Kongresu przypominamy, <strong>\u017ce za trze\u017awo\u015b\u0107 odpowiadaj\u0105 rodziny, Ko\u015bci\u00f3\u0142, pa\u0144stwo i samorz\u0105dy.<\/strong><\/h3>\n<h3 style=\"text-align: justify;\"><strong>\u00a0\u00a0\u00a0\u00a0\u00a0\u00a0\u00a0\u00a0\u00a0\u00a0\u00a0\u00a0\u00a0\u00a0\u00a0\u00a0\u00a0\u00a0\u00a0\u00a0\u00a0\u00a0\u00a0\u00a0\u00a0\u00a0\u00a0\u00a0\u00a0\u00a0\u00a0\u00a0\u00a0\u00a0\u00a0\u00a0 Odpowiedzialno\u015b\u0107 rodzin<\/strong><\/h3>\n<h3 style=\"text-align: justify;\">Rodziny chroni\u0105, umacniaj\u0105 i promuj\u0105 trze\u017awo\u015b\u0107 przez mi\u0142o\u015b\u0107, odpowiedzialno\u015b\u0107 i szacunek, ofiarn\u0105 trosk\u0119 o najbli\u017cszych. Wzajemna mi\u0142o\u015b\u0107 m\u0119\u017ca i \u017cony oraz ich wsp\u00f3lna troska o wychowanie dzieci i m\u0142odzie\u017cy wed\u0142ug zasad Ewangelii, to najlepsza szko\u0142a \u017cycia w trze\u017awo\u015bci. Rodzina dysponuje te\u017c najlepsz\u0105 form\u0105 terapii uzale\u017cnie\u0144, czyli nieodwo\u0142aln\u0105 mi\u0142o\u015bci\u0105, kt\u00f3ra w odniesieniu do alkoholik\u00f3w z konieczno\u015bci musi by\u0107 twarda dop\u00f3ty, dop\u00f3ki nie wejd\u0105 oni na drog\u0119 abstynencji i radykalnej zmiany \u017cycia. Dla m\u0142odzie\u017cy abstynencja to obowi\u0105zek. Ka\u017cda dawka alkoholu w dzieci\u0144stwie i m\u0142odo\u015bci to zagro\u017cenie. Nie ma bezpiecznej dawki, kt\u00f3r\u0105 mo\u017cna tolerowa\u0107 i akceptowa\u0107. Ka\u017cdy dramat, ka\u017cda \u015bmier\u0107 pijanego nastolatka wracaj\u0105cego z imprezy, ka\u017cde z\u0142amane \u017cycie, ka\u017cde zawiedzione nadzieje zacz\u0119\u0142y si\u0119 od jednego kieliszka, od jednej puszki piwa. Apel o dar abstynencji kierujemy w spos\u00f3b szczeg\u00f3lny do ma\u0142\u017conk\u00f3w i rodzic\u00f3w. Wspieranie wsp\u00f3\u0142ma\u0142\u017conka oraz wychowanie dzieci dokonuje si\u0119 najbardziej poprzez \u015bwiadectwo \u017cycia i osobisty przyk\u0142ad. Dzi\u0119kujemy tym rodzicom, kt\u00f3rzy podejmuj\u0105 odwa\u017cne zobowi\u0105zanie \u017cycia w abstynencji, a\u017c wszystkie ich dzieci osi\u0105gn\u0105 pe\u0142noletno\u015b\u0107. To pi\u0119kne \u015bwiadectwo. Stawk\u0105 w tej walce jest nie tylko dobre \u017cycie na ziemi, ale te\u017c \u017cycie wieczne naszych bliskich i ca\u0142ej wsp\u00f3lnoty narodowej. Tylko trze\u017awe rodziny mog\u0105 by\u0107 rodzinami szcz\u0119\u015bliwymi, czyli takimi, w kt\u00f3rych ka\u017cdy kocha ka\u017cdego. Jednocze\u015bnie zwracamy si\u0119 do rodzin, w kt\u00f3rych problemy alkoholowe s\u0105 obecne. Szukajcie ratunku wsz\u0119dzie, gdzie to mo\u017cliwe \u2013 w parafiach, w szpitalach, w urz\u0119dach, w stowarzyszeniach i fundacjach. Wok\u00f3\u0142 s\u0105 instytucje i wielu ludzi dobrej woli, kt\u00f3rzy widz\u0105 wasze dramaty i s\u0105 przygotowani do tego, by pomaga\u0107.<\/h3>\n<h3 style=\"text-align: justify;\"><strong>\u00a0\u00a0\u00a0\u00a0\u00a0\u00a0\u00a0\u00a0\u00a0\u00a0\u00a0\u00a0\u00a0\u00a0\u00a0\u00a0\u00a0\u00a0\u00a0\u00a0\u00a0\u00a0\u00a0\u00a0\u00a0\u00a0\u00a0\u00a0\u00a0\u00a0\u00a0\u00a0\u00a0\u00a0\u00a0\u00a0\u00a0\u00a0\u00a0\u00a0\u00a0 Odpowiedzialno\u015b\u0107 Ko\u015bcio\u0142a<\/strong><\/h3>\n<h3 style=\"text-align: justify;\">Odpowiedzialno\u015b\u0107 Ko\u015bcio\u0142a realizuje si\u0119 przez wskazywanie prawdziwego sensu \u017cycia i przez prowadzenie ludzi do Boga. Dzi\u0119kujemy wszystkim kap\u0142anom i siostrom zakonnym zaanga\u017cowanym w animowanie i wspieranie parafialnych grup trze\u017awo\u015bciowych, zach\u0119caj\u0105cych do sk\u0142adania przyrzecze\u0144 abstynenckich i organizowania bezalkoholowych przyj\u0119\u0107 z racji chrztu, Komunii \u015bw., za\u015blubin, pogrzeb\u00f3w. Prosimy kap\u0142an\u00f3w, by do\u0142\u0105czyli do dziejowego szeregu duszpasterzy trze\u017awo\u015bci, podejmuj\u0105c osobist\u0105 abstynencj\u0119 i troszcz\u0105c si\u0119 o trze\u017awo\u015b\u0107 wiernych. To nasz obowi\u0105zek wobec wiernych, kt\u00f3rych zbawienie jest zagro\u017cone przez alkohol. B\u0105d\u017amy dla nich r\u0119kami mi\u0142osiernego Boga, kt\u00f3ry pochyla si\u0119 nad swoimi najbardziej zranionymi dzie\u0107mi.<\/h3>\n<h3 style=\"text-align: justify;\"><strong>\u00a0\u00a0\u00a0\u00a0\u00a0\u00a0\u00a0\u00a0\u00a0\u00a0\u00a0\u00a0\u00a0\u00a0\u00a0\u00a0\u00a0\u00a0\u00a0\u00a0\u00a0\u00a0\u00a0\u00a0\u00a0 Odpowiedzialno\u015b\u0107 pa\u0144stwa i samorz\u0105du<\/strong><\/h3>\n<h3 style=\"text-align: justify;\">Tak wiele do zrobienia ma r\u00f3wnie\u017c pa\u0144stwo i samorz\u0105dy. Widzimy liczne pozytywne sygna\u0142y i gesty, jednak potrzeba wi\u0119kszej determinacji i konsekwencji, wbrew silnym grupom interes\u00f3w. Wielk\u0105 odpowiedzialno\u015bci\u0105 pa\u0144stwa jest nie tylko stanowienie m\u0105drego i precyzyjnego prawa, ale te\u017c jego skuteczne i bezwzgl\u0119dne egzekwowanie. Trzeba ca\u0142kowicie zakaza\u0107 reklamy alkoholu oraz ograniczy\u0107 jego fizyczn\u0105 i ekonomiczn\u0105 dost\u0119pno\u015b\u0107. Po to Nar\u00f3d wybiera swoich przedstawicieli, aby zatroszczyli si\u0119 o byt swoich rodak\u00f3w. Dlatego ka\u017cdy polityk, urz\u0119dnik, samorz\u0105dowiec, ka\u017cdy sprawuj\u0105cy w\u0142adz\u0119 w kraju, bierze odpowiedzialno\u015b\u0107 wobec Boga, Narodu i historii za swoje decyzje. \u015aw. Jan Pawe\u0142 II przypomnia\u0142: \u201eNie wolno \u201esprzedawa\u0107\u201d cz\u0142owieka za zysk dora\u017any i niegodziwy, zdobywany na ludzkich s\u0142abo\u015bciach i wadach! Nie wolno wykorzystywa\u0107 i pog\u0142\u0119bia\u0107 ludzkiej s\u0142abo\u015bci! Nie wolno dopuszcza\u0107 do degradacji cz\u0142owieka, rodziny, spo\u0142ecze\u0144stwa, gdy si\u0119 wzi\u0119\u0142o odpowiedzialno\u015b\u0107 wobec historii!\u201d (Apel, Cz\u0119stochowa, 12 czerwca 1987 r.). Apelujemy r\u00f3wnie\u017c do medi\u00f3w. Nie mo\u017cna w jednej audycji informowa\u0107 z przera\u017ceniem, \u017ce kilkumiesi\u0119czne dziecko zosta\u0142o kalek\u0105 przez agresj\u0119 pijanych rodzic\u00f3w, a chwil\u0119 p\u00f3\u017aniej nadawa\u0107 reklam\u0119 piwa pokazuj\u0105c\u0105, \u017ce alkohol to rado\u015b\u0107, przygoda i wspania\u0142e do\u015bwiadczenia. Albo jeste\u015bmy po stronie \u017cycia i chronimy trze\u017awo\u015b\u0107, albo po stronie \u015bmierci i cierpienia. Nie ma nic pomi\u0119dzy. Konieczne jest podj\u0119cie przez narodowe media \u2013 telewizj\u0119 i radio powa\u017cnych i cyklicznych program\u00f3w, kt\u00f3re b\u0119d\u0105 zach\u0119ca\u0142y do \u017cycia w trze\u017awo\u015bci, dostarcz\u0105 rzetelnej wiedzy o przyczynach i skutkach si\u0119gania po alkohol przez nieletnich i nadu\u017cywania alkoholu przez doros\u0142ych. Programy te powinny informowa\u0107 o mechanizmach choroby alkoholowej, a tak\u017ce o skutecznych sposobach rozwi\u0105zywania dramat\u00f3w alkoholowych.<\/h3>\n<h3 style=\"text-align: justify;\"><strong>\u00a0\u00a0\u00a0\u00a0\u00a0\u00a0\u00a0\u00a0\u00a0\u00a0\u00a0\u00a0\u00a0\u00a0\u00a0\u00a0\u00a0\u00a0\u00a0\u00a0\u00a0 Zaproszenie do udzia\u0142u w obchodach Kongresu<\/strong><\/h3>\n<h3 style=\"text-align: justify;\">Zapraszamy wszystkich do udzia\u0142u w wydarzeniach kongresowych poprzez modlitw\u0119 i konkretne dzie\u0142a. W dniach 21-23 wrze\u015bnia 2017 r., w Warszawie na Uniwersytecie Kardyna\u0142a Stefana Wyszy\u0144skiego odb\u0119d\u0105 si\u0119 centralne uroczysto\u015bci Narodowego Kongresu Trze\u017awo\u015bci, a w niedziel\u0119 24 wrze\u015bnia br. b\u0119dziemy si\u0119 modli\u0107 o trze\u017awo\u015b\u0107 w \u015bwi\u0105tyniach ca\u0142ej Polski. Kongres i inne dzia\u0142ania trze\u017awo\u015bciowe nie s\u0105 utopi\u0105. S\u0105 odpowiedzi\u0105 na dramatyczn\u0105 sytuacj\u0119 Narodu. Gdy walczy si\u0119 o prawdziw\u0105 wolno\u015b\u0107, to walczy si\u0119 o naj\u015bwi\u0119tsze, najwy\u017csze warto\u015bci. Jeste\u015bmy przekonani, \u017ce dzi\u0119ki \u0142asce Boga i zaanga\u017cowaniu rodzin, Ko\u015bcio\u0142a, pa\u0144stwa i samorz\u0105d\u00f3w nadejdzie zwyci\u0119stwo. Dzisiaj ka\u017cdy musi w swoim sercu odpowiedzie\u0107 na pytanie \u2013 czy chce by\u0107 po stronie niszcz\u0105cych Nar\u00f3d, czy po stronie przysz\u0142ych zwyci\u0119zc\u00f3w, kt\u00f3rzy Nar\u00f3d chroni\u0105. Niech Maryja, Kr\u00f3lowa Polski, uprosi wszystkim Polakom \u0142ask\u0119 \u017cycia w trze\u017awo\u015bci, kt\u00f3ra jest warunkiem prawdziwej wolno\u015bci. Dzisiaj jednym z wymiar\u00f3w patriotyzmu jest walka o wolno\u015b\u0107 wewn\u0119trzn\u0105. Musimy obroni\u0107 Polsk\u0119, by w 2018 r., w stulecie odzyskania niepodleg\u0142o\u015bci, cieszy\u0107 si\u0119 nie tylko zewn\u0119trzn\u0105, ale tak\u017ce duchow\u0105 wolno\u015bci\u0105 Polak\u00f3w.<\/h3>\n<p>Bp Tadeusz Bronakowski<br \/>\nPrzewodnicz\u0105cy Zespo\u0142u KEP<br \/>\nds. Apostolstwa<\/p>\n","protected":false},"excerpt":{"rendered":"<p>Apel Przewodnicz\u0105cego Zespo\u0142u Konferencji Episkopatu Polski ds. Apostolstwa Trze\u017awo\u015bci na sierpie\u0144 \u00a02017 \u2013 miesi\u0105c abstynencji \u00a0 \u00a0 \u00a0 \u00a0 \u00a0 \u00a0 \u00a0 \u00a0 \u00a0 \u00a0 \u00a0 \u00a0 \u00a0 \u00a0 \u00a0 \u00a0 \u00a0 \u00a0 \u00a0 \u00a0 \u00a0 \u00a0 \u00a0 \u00a0 \u00a0 \u00a0Siostry i Bracia w Chrystusie! Zbli\u017ca si\u0119 sierpie\u0144. Wielu z nas odpoczywa, zwiedza, szuka spokoju &hellip; <\/p>\n<p><a class=\"more-link btn\" href=\"https:\/\/parafiasmardzewo.pl\/?p=3792\">Kontynuuj czytanie<\/a><\/p>\n","protected":false},"author":2,"featured_media":0,"comment_status":"open","ping_status":"open","sticky":false,"template":"","format":"standard","meta":[],"categories":[6],"tags":[],"_links":{"self":[{"href":"https:\/\/parafiasmardzewo.pl\/index.php?rest_route=\/wp\/v2\/posts\/3792"}],"collection":[{"href":"https:\/\/parafiasmardzewo.pl\/index.php?rest_route=\/wp\/v2\/posts"}],"about":[{"href":"https:\/\/parafiasmardzewo.pl\/index.php?rest_route=\/wp\/v2\/types\/post"}],"author":[{"embeddable":true,"href":"https:\/\/parafiasmardzewo.pl\/index.php?rest_route=\/wp\/v2\/users\/2"}],"replies":[{"embeddable":true,"href":"https:\/\/parafiasmardzewo.pl\/index.php?rest_route=%2Fwp%2Fv2%2Fcomments&post=3792"}],"version-history":[{"count":3,"href":"https:\/\/parafiasmardzewo.pl\/index.php?rest_route=\/wp\/v2\/posts\/3792\/revisions"}],"predecessor-version":[{"id":3795,"href":"https:\/\/parafiasmardzewo.pl\/index.php?rest_route=\/wp\/v2\/posts\/3792\/revisions\/3795"}],"wp:attachment":[{"href":"https:\/\/parafiasmardzewo.pl\/index.php?rest_route=%2Fwp%2Fv2%2Fmedia&parent=3792"}],"wp:term":[{"taxonomy":"category","embeddable":true,"href":"https:\/\/parafiasmardzewo.pl\/index.php?rest_route=%2Fwp%2Fv2%2Fcategories&post=3792"},{"taxonomy":"post_tag","embeddable":true,"href":"https:\/\/parafiasmardzewo.pl\/index.php?rest_route=%2Fwp%2Fv2%2Ftags&post=3792"}],"curies":[{"name":"wp","href":"https:\/\/api.w.org\/{rel}","templated":true}]}}