{"id":3898,"date":"2017-08-19T21:00:29","date_gmt":"2017-08-19T19:00:29","guid":{"rendered":"http:\/\/parafiasmardzewo.pl\/?p=3898"},"modified":"2017-08-19T21:11:41","modified_gmt":"2017-08-19T19:11:41","slug":"apel","status":"publish","type":"post","link":"https:\/\/parafiasmardzewo.pl\/?p=3898","title":{"rendered":"Apel Przewodnicz\u0105cego KEP"},"content":{"rendered":"<table width=\"540\">\n<tbody>\n<tr>\n<td width=\"436\">\n<h3><strong>APEL PRZEWODNICZ\u0104CEGO KONFERENCJI EPISKOPATU POLSKI KSI\u0118DZA ARCYBISKUPA STANIS\u0141AWA G\u0104DECKIEGO W ZWI\u0104ZKU Z NAWA\u0141NICAMI, JAKIE NAWIEDZI\u0141Y POLSK\u0118<\/strong><\/h3>\n<\/td>\n<\/tr>\n<tr>\n<td colspan=\"2\">\n<h3 style=\"text-align: justify;\">\u00a0 \u00a0 W nawi\u0105zaniu do wiadomo\u015bci, jakie nap\u0142ywaj\u0105 z miejscowo\u015bci zniszczonych przez nawa\u0142nice dnia 11 sierpnia br., sk\u0142adam\u00a0moje kondolencje wszystkim, kt\u00f3rzy prze\u017cywaj\u0105 dotkliw\u0105 strat\u0119 swoich bliskich. S\u0142owa mojej solidarno\u015bci i zapewnienia o\u00a0modlitwie kieruj\u0119 r\u00f3wnie\u017c do tych poszkodowanych, kt\u00f3rzy ucierpieli i ponie\u015bli dotkliwe szkody materialne. Zwracam si\u0119 z apelem do wszystkich Polak\u00f3w, prosz\u0105c o wsparcie dla dotkni\u0119tych skutkami nawa\u0142nic. Prosz\u0119 tak o modlitw\u0119, jak i pomoc materialn\u0105, kt\u00f3rej mo\u017cna udzieli\u0107 w ramach akcji organizowanej przez Caritas Polska. Aby pom\u00f3c nale\u017cy wys\u0142a\u0107 SMS z has\u0142em WICHURA pod numer 72052 (koszt 2,46 z\u0142 z VAT) lub dokona\u0107 wp\u0142aty na konto Caritas<\/h3>\n<h3>PL 77 1160 2202 0000 0000 3436 4384 \u2013 z dopiskiem WICHURA.<\/h3>\n<h3>Bli\u017csze informacje dotycz\u0105ce sposob\u00f3w pomocy mo\u017cna odnale\u017a\u0107 na stronie internetowej www. caritas.pl<\/h3>\n<h3>Dzi\u0119kuj\u0119 wszystkim za zaanga\u017cowanie i z serca b\u0142ogos\u0142awi\u0119,<\/h3>\n<h3>Warszawa, dnia 15 sierpnia 2017 roku<\/h3>\n<h3><em>\u2020 Stanis\u0142aw G\u0105decki<br \/>\nArcybiskup Metropolita Pozna\u0144ski<br \/>\nPrzewodnicz\u0105cy Konferencji Episkopatu Polski<br \/>\nWiceprzewodnicz\u0105cy Rady Konferencji Episkopat\u00f3w Europy CCEE<\/em><br \/>\n<strong>ZARZ\u0104DZENIE:<\/strong> Apel Przewodnicz\u0105cego KEP nale\u017cy odczyta\u0107 podczas wszystkich Mszy \u015bw., w ramach og\u0142osze\u0144 duszpasterskich, w niedziel\u0119 20 sierpnia br.<br \/>\nP\u0142ock, dnia 16 sierpnia 2017 r.<\/h3>\n<h3><em>\u2020 Miros\u0142aw Milewski<br \/>\nWikariusz Generalny<\/em><\/h3>\n<\/td>\n<\/tr>\n<\/tbody>\n<\/table>\n","protected":false},"excerpt":{"rendered":"<p>APEL PRZEWODNICZ\u0104CEGO KONFERENCJI EPISKOPATU POLSKI KSI\u0118DZA ARCYBISKUPA STANIS\u0141AWA G\u0104DECKIEGO W ZWI\u0104ZKU Z NAWA\u0141NICAMI, JAKIE NAWIEDZI\u0141Y POLSK\u0118 \u00a0 \u00a0 W nawi\u0105zaniu do wiadomo\u015bci, jakie nap\u0142ywaj\u0105 z miejscowo\u015bci zniszczonych przez nawa\u0142nice dnia 11 sierpnia br., sk\u0142adam\u00a0moje kondolencje wszystkim, kt\u00f3rzy prze\u017cywaj\u0105 dotkliw\u0105 strat\u0119 swoich bliskich. S\u0142owa mojej solidarno\u015bci i zapewnienia o\u00a0modlitwie kieruj\u0119 r\u00f3wnie\u017c do tych poszkodowanych, kt\u00f3rzy ucierpieli &hellip; <\/p>\n<p><a class=\"more-link btn\" href=\"https:\/\/parafiasmardzewo.pl\/?p=3898\">Kontynuuj czytanie<\/a><\/p>\n","protected":false},"author":2,"featured_media":0,"comment_status":"open","ping_status":"open","sticky":false,"template":"","format":"standard","meta":[],"categories":[6],"tags":[],"_links":{"self":[{"href":"https:\/\/parafiasmardzewo.pl\/index.php?rest_route=\/wp\/v2\/posts\/3898"}],"collection":[{"href":"https:\/\/parafiasmardzewo.pl\/index.php?rest_route=\/wp\/v2\/posts"}],"about":[{"href":"https:\/\/parafiasmardzewo.pl\/index.php?rest_route=\/wp\/v2\/types\/post"}],"author":[{"embeddable":true,"href":"https:\/\/parafiasmardzewo.pl\/index.php?rest_route=\/wp\/v2\/users\/2"}],"replies":[{"embeddable":true,"href":"https:\/\/parafiasmardzewo.pl\/index.php?rest_route=%2Fwp%2Fv2%2Fcomments&post=3898"}],"version-history":[{"count":5,"href":"https:\/\/parafiasmardzewo.pl\/index.php?rest_route=\/wp\/v2\/posts\/3898\/revisions"}],"predecessor-version":[{"id":3903,"href":"https:\/\/parafiasmardzewo.pl\/index.php?rest_route=\/wp\/v2\/posts\/3898\/revisions\/3903"}],"wp:attachment":[{"href":"https:\/\/parafiasmardzewo.pl\/index.php?rest_route=%2Fwp%2Fv2%2Fmedia&parent=3898"}],"wp:term":[{"taxonomy":"category","embeddable":true,"href":"https:\/\/parafiasmardzewo.pl\/index.php?rest_route=%2Fwp%2Fv2%2Fcategories&post=3898"},{"taxonomy":"post_tag","embeddable":true,"href":"https:\/\/parafiasmardzewo.pl\/index.php?rest_route=%2Fwp%2Fv2%2Ftags&post=3898"}],"curies":[{"name":"wp","href":"https:\/\/api.w.org\/{rel}","templated":true}]}}