{"id":3906,"date":"2017-08-21T22:39:02","date_gmt":"2017-08-21T20:39:02","guid":{"rendered":"http:\/\/parafiasmardzewo.pl\/?p=3906"},"modified":"2017-08-21T22:40:44","modified_gmt":"2017-08-21T20:40:44","slug":"dozynki-diecezji-plockiej-i-wojewodztwa-mazowieckiego-27-vii-2017-r","status":"publish","type":"post","link":"https:\/\/parafiasmardzewo.pl\/?p=3906","title":{"rendered":"Do\u017cynki Diecezji P\u0142ockiej i wojew\u00f3dztwa Mazowieckiego &#8211; 27 VIII 2017 r."},"content":{"rendered":"<h3><strong>Do\u017cynki Diecezji P\u0142ockiej i wojew\u00f3dztwa Mazowieckiego\u00a0\u00a0\u00a0\u00a0 \u00a0\u00a0\u00a0<\/strong><\/h3>\n<h3><strong>\u00a0\u00a0\u00a0\u00a0\u00a0\u00a0\u00a0\u00a0\u00a0\u00a0\u00a0\u00a0\u00a0\u00a0\u00a0\u00a0\u00a0\u00a0\u00a0\u00a0\u00a0 w Przasnyszu &#8211; 27 sierpnia br.<\/strong><\/h3>\n<h3 style=\"text-align: justify;\"><strong>Do\u017cynki\u00a0 Diecezji\u00a0 P\u0142ockiej\u00a0 odb\u0119d\u0105\u00a0 si\u0119\u00a0 27 sierpnia 2017 r. w\u00a0Przasnyszu<\/strong>\u00a0na p\u0142ycie lotniska Aeroklubu Ziemi Przasnyskiej. Po\u0142\u0105czone b\u0119d\u0105 z\u00a0Do\u017cynkami Wojew\u00f3dztwa Mazowieckiego i\u00a0Powiatu Przasnyskiego.\u00a0<strong>\u015awi\u0119to dzi\u0119kczynienia za zbiory rozpocznie si\u0119 o\u00a0godz. 11.30 Msz\u0105 \u015bw. sprawowan\u0105 prze J.E. Ksi\u0119dza Biskupa Piotra Liber\u0119.<\/strong>\u00a0Czcigodnych Ksi\u0119\u017cy zapraszamy do koncelebry (zabra\u0107 alb\u0119 i\u00a0pasek). Liturgi\u0119 Mszy \u015bw. przygotowuj\u0105 Ksi\u0119\u017ca Proboszczowie Przasnyskich Parafii we wsp\u00f3\u0142pracy z\u00a0Samorz\u0105dem Powiatu Przasnyskiego.<\/h3>\n<h3>\u00a0Tradycj\u0105 jest, \u017ce podczas Mszy \u015bw. niesione s\u0105 dary z\u00a0diecezji.\u00a0Prosimy dekanaty o\u00a0przygotowanie daru ofiarnego:<\/h3>\n<h3><\/h3>\n<ul>\n<li>\n<h3>Dekanat Przasnysz \u00a0\u2013 chleb i\u00a0pieczywo (nios\u0105 piekarze)<\/h3>\n<\/li>\n<li>\n<h3>Dekanat Strzegowski \u2013 kosz kwiat\u00f3w<\/h3>\n<\/li>\n<li>\n<h3>Dekanat Przasnyski \u2013 owoce pszczelego roju \u2013 miody\u2026<\/h3>\n<\/li>\n<li>\n<h3>Dekanat Dzierzgowo \u2013 kosz zi\u00f3\u0142<\/h3>\n<\/li>\n<li>\n<h3>Dekanat\u00a0 M\u0142awa \u2013 kosz warzyw<\/h3>\n<\/li>\n<li>\n<h3>Dekanat Ciechanowski Zachodni \u2013 kosz owoc\u00f3w<\/h3>\n<\/li>\n<li>\n<h3>Dekanat Ciechanowski Wschodni \u2013 \u00a0kosz warzyw<\/h3>\n<\/li>\n<li>\n<h3>Dekanat Mak\u00f3w Mazowiecki \u2013 kosz owoc\u00f3w<\/h3>\n<\/li>\n<\/ul>\n<h3>\u00a0Zapraszamy rolnicze rodziny do uczestnictwa w\u00a0diecezjalno-wojew\u00f3dzkim \u015bwi\u0119cie dzi\u0119kczynienia za zbiory.<\/h3>\n<h3><\/h3>\n<h3><em>Ks. Krzysztof Biernat<\/em><\/h3>\n<h3><em>Diecezjalny Duszpasterz Rolnik\u00f3w<\/em><\/h3>\n<h3><\/h3>\n<p>&nbsp;<\/p>\n<p>&nbsp;<\/p>\n<p>&nbsp;<\/p>\n","protected":false},"excerpt":{"rendered":"<p>Do\u017cynki Diecezji P\u0142ockiej i wojew\u00f3dztwa Mazowieckiego\u00a0\u00a0\u00a0\u00a0 \u00a0\u00a0\u00a0 \u00a0\u00a0\u00a0\u00a0\u00a0\u00a0\u00a0\u00a0\u00a0\u00a0\u00a0\u00a0\u00a0\u00a0\u00a0\u00a0\u00a0\u00a0\u00a0\u00a0\u00a0 w Przasnyszu &#8211; 27 sierpnia br. Do\u017cynki\u00a0 Diecezji\u00a0 P\u0142ockiej\u00a0 odb\u0119d\u0105\u00a0 si\u0119\u00a0 27 sierpnia 2017 r. w\u00a0Przasnyszu\u00a0na p\u0142ycie lotniska Aeroklubu Ziemi Przasnyskiej. Po\u0142\u0105czone b\u0119d\u0105 z\u00a0Do\u017cynkami Wojew\u00f3dztwa Mazowieckiego i\u00a0Powiatu Przasnyskiego.\u00a0\u015awi\u0119to dzi\u0119kczynienia za zbiory rozpocznie si\u0119 o\u00a0godz. 11.30 Msz\u0105 \u015bw. sprawowan\u0105 prze J.E. Ksi\u0119dza Biskupa Piotra Liber\u0119.\u00a0Czcigodnych Ksi\u0119\u017cy zapraszamy do &hellip; <\/p>\n<p><a class=\"more-link btn\" href=\"https:\/\/parafiasmardzewo.pl\/?p=3906\">Kontynuuj czytanie<\/a><\/p>\n","protected":false},"author":2,"featured_media":3852,"comment_status":"open","ping_status":"open","sticky":false,"template":"","format":"standard","meta":[],"categories":[6],"tags":[],"_links":{"self":[{"href":"https:\/\/parafiasmardzewo.pl\/index.php?rest_route=\/wp\/v2\/posts\/3906"}],"collection":[{"href":"https:\/\/parafiasmardzewo.pl\/index.php?rest_route=\/wp\/v2\/posts"}],"about":[{"href":"https:\/\/parafiasmardzewo.pl\/index.php?rest_route=\/wp\/v2\/types\/post"}],"author":[{"embeddable":true,"href":"https:\/\/parafiasmardzewo.pl\/index.php?rest_route=\/wp\/v2\/users\/2"}],"replies":[{"embeddable":true,"href":"https:\/\/parafiasmardzewo.pl\/index.php?rest_route=%2Fwp%2Fv2%2Fcomments&post=3906"}],"version-history":[{"count":2,"href":"https:\/\/parafiasmardzewo.pl\/index.php?rest_route=\/wp\/v2\/posts\/3906\/revisions"}],"predecessor-version":[{"id":3908,"href":"https:\/\/parafiasmardzewo.pl\/index.php?rest_route=\/wp\/v2\/posts\/3906\/revisions\/3908"}],"wp:featuredmedia":[{"embeddable":true,"href":"https:\/\/parafiasmardzewo.pl\/index.php?rest_route=\/wp\/v2\/media\/3852"}],"wp:attachment":[{"href":"https:\/\/parafiasmardzewo.pl\/index.php?rest_route=%2Fwp%2Fv2%2Fmedia&parent=3906"}],"wp:term":[{"taxonomy":"category","embeddable":true,"href":"https:\/\/parafiasmardzewo.pl\/index.php?rest_route=%2Fwp%2Fv2%2Fcategories&post=3906"},{"taxonomy":"post_tag","embeddable":true,"href":"https:\/\/parafiasmardzewo.pl\/index.php?rest_route=%2Fwp%2Fv2%2Ftags&post=3906"}],"curies":[{"name":"wp","href":"https:\/\/api.w.org\/{rel}","templated":true}]}}