{"id":4002,"date":"2017-09-25T21:07:27","date_gmt":"2017-09-25T19:07:27","guid":{"rendered":"http:\/\/parafiasmardzewo.pl\/?p=4002"},"modified":"2017-09-25T21:07:27","modified_gmt":"2017-09-25T19:07:27","slug":"list-pasterski-konferencji-episkopatu-polski-zapowiadajacy-xvii-dzien-papieski-obchodzony-8-pazdziernika-2017-roku","status":"publish","type":"post","link":"https:\/\/parafiasmardzewo.pl\/?p=4002","title":{"rendered":"LIST PASTERSKI KONFERENCJI EPISKOPATU POLSKI ZAPOWIADAJ\u0104CY XVII DZIE\u0143 PAPIESKI OBCHODZONY 8 PA\u0179DZIERNIKA 2017 ROKU"},"content":{"rendered":"<p style=\"text-align: center;\"><em><strong>\u201eId\u017amy naprz\u00f3d z nadziej\u0105!\u201d<\/strong><\/em><\/p>\n<p style=\"text-align: center;\">Umi\u0142owani w Chrystusie Panu!<br \/>\nSiostry i Bracia!<\/p>\n<p style=\"text-align: justify;\">W najbli\u017csz\u0105 niedziel\u0119 b\u0119dziemy obchodzi\u0107 XVII Dzie\u0144 Papieski. Jego has\u0142o brzmi: Id\u017amy naprz\u00f3d z nadziej\u0105! Zosta\u0142o ono zaczerpni\u0119te ze s\u0142\u00f3w zawartych w przes\u0142aniu, kt\u00f3re na prze\u0142omie tysi\u0105cleci skierowa\u0142 do Ko\u015bcio\u0142a \u015bw. Jan Pawe\u0142 II (NMI, 58). Dzisiaj, po 16 latach, s\u0142owa te nie straci\u0142y niczego ze swej aktualno\u015bci. Nadal s\u0105 dla nas bardzo trafnym przynagleniem. Tym bardziej, \u017ce jeste\u015bmy ubogaceni prze\u017cyciem \u015awiatowych Dni M\u0142odzie\u017cy w Krakowie w lipcu 2016 roku i zwi\u0105zan\u0105 z nimi wizyt\u0105 papie\u017ca Franciszka w naszej Ojczy\u017anie. Ponadto zako\u0144czyli\u015bmy obchody Jubileuszu 1050-lecia chrztu Polski, podczas kt\u00f3rego dzi\u0119kowali\u015bmy Bogu za dar wiary obecny w naszej Ojczy\u017anie od ponad tysi\u0105clecia. Znajdujemy si\u0119 w jakim\u015b sensie w sytuacji analogicznej do tej po zako\u0144czeniu obchod\u00f3w Wielkiego Jubileuszu Roku 2000, kiedy \u015bw. Jan Pawe\u0142 II og\u0142osi\u0142 List Apostolski Novo Millenio Ineunte zawieraj\u0105cy wezwanie: Id\u017amy naprz\u00f3d z nadziej\u0105! Ka\u017cdy jubileusz jest bowiem nie tylko wspomnieniem i uczczeniem rocznicy, ale nade wszystko otwarciem nowej perspektywy dla wiary. Chciejmy wi\u0119c na nowo us\u0142ysze\u0107 dzi\u015b wezwanie do prawdziwie chrze\u015bcija\u0144skiej nadziei.<\/p>\n<p style=\"text-align: justify;\"><strong>S\u0142owo Bo\u017ce m\u00f3wi o nadziei<\/strong><br \/>\nDzisiejsze czytania mszalne wskazuj\u0105 na najg\u0142\u0119bsze fundamenty chrze\u015bcija\u0144skiej nadziei. Nie wynika ona z ufno\u015bci w nasze si\u0142y i zdolno\u015bci, nie jest oparta na szcz\u0119\u015bliwym zbiegu okoliczno\u015bci czy \u0142askawo\u015bci losu, nie jest tak\u017ce dobrym nastrojem czy tanim pocieszeniem. Nadzieja rozpalaj\u0105ca serce cz\u0142owieka wierz\u0105cego p\u0142ynie natomiast z Boga, z Jego mocy i mi\u0142o\u015bci, kt\u00f3ra nas otacza. Ju\u017c pierwsze czytanie ukazuje, \u017ce B\u00f3g niezmiennie stawia przed cz\u0142owiekiem wyra\u017ane, jasne wymagania, zach\u0119caj\u0105c go do wybierania dobra i porzucenia grzechu. P\u00f3j\u015bcie t\u0105 drog\u0105 oznacza w konsekwencji now\u0105, lepsz\u0105 histori\u0119 \u017cycia, spe\u0142niaj\u0105c\u0105 pragnienie ludzkiego serca, kt\u00f3re \u2013 cho\u0107 czasami nie do ko\u0144ca \u015bwiadomie \u2013 t\u0119skni jednak za \u015bwi\u0119to\u015bci\u0105 i wyp\u0142ywaj\u0105cym z niej pokojem. Modlitwa wyra\u017cona w psalmie odwo\u0142uje si\u0119 do mi\u0142osierdzia, kt\u00f3re B\u00f3g okazuje cz\u0142owiekowi. \u015awi\u0119ty Pawe\u0142 za\u015b usilnie zach\u0119ca ka\u017cdego z nas, odwo\u0142uj\u0105c si\u0119 do napomnienia w Chrystusie, do mocy przekonuj\u0105cej Mi\u0142o\u015bci, aby odpowiedzie\u0107 mi\u0142o\u015bci\u0105 na Bo\u017c\u0105 mi\u0142o\u015b\u0107. Wreszcie wskazuje nam na uni\u017cenie i wyniszczenie, jakiemu dobrowolnie podda\u0142 si\u0119 dla naszego zbawienia Syn Bo\u017cy, co oznacza, \u017ce i Jego uczniowie powinni uzbroi\u0107 si\u0119 w pokor\u0119. W dzisiejszej Ewangelii widzimy natomiast postaw\u0119, kt\u00f3ra powinna by\u0107 owocem chrze\u015bcija\u0144skiej nadziei. Chrystus Pan pochwala drugiego syna, kt\u00f3ry potrafi wype\u0142ni\u0107 wezwanie ojca kierowane do niego. Wezwanie to mog\u0142o by\u0107 trudne, niezgodne z jego wcze\u015bniejszymi zamiarami, dlatego spowodowa\u0142o pierwotn\u0105 odmow\u0119. Jezus Chrystus tym samym wskazuje na prawdziw\u0105 wiar\u0119, domagaj\u0105c\u0105 si\u0119 przemiany wewn\u0119trznej, prowadz\u0105c\u0105 do zmiany postaw \u017cyciowych.<\/p>\n<p><strong>Nadzieja w \u017cyciu \u015bw. Brata Alberta<\/strong><br \/>\nPrze\u017cywamy obecnie rok \u015awi\u0119tego Brata Alberta. Niew\u0105tpliwie by\u0142 to cz\u0142owiek, kt\u00f3ry potrafi\u0142 dojrzewa\u0107 w nadziei i mi\u0142o\u015bci. Nie poddawa\u0142 si\u0119, gdy przychodzi\u0142y trudno\u015bci, kt\u00f3rych dozna\u0142 wiele. By\u0142 przy tym niezwykle konsekwentny w swych wyborach \u017cyciowych. Pozwoli\u0142, by kszta\u0142towa\u0142a go mi\u0142o\u015b\u0107 \u2013 jak napisa\u0142 o nim m\u0142ody kap\u0142an Karol Wojty\u0142a w dramacie pt. Brat naszego Boga. \u017bycie \u015bw. Brata Alberta jest wyra\u017anym znakiem, \u017ce g\u0142\u0119boko przyj\u0119ta chrze\u015bcija\u0144ska nadzieja nie jest indywidualistyczna, prowadzi do innych, zw\u0142aszcza do potrzebuj\u0105cych. Nie cofa si\u0119 przed cierpieniem, jest zdolna do wyrzecze\u0144, promieniuje na innych i ich inspiruje. M\u0142ody Adam Chmielowski, o\u017cywiony mi\u0142o\u015bci\u0105 do Ojczyzny, podj\u0105\u0142 walk\u0119 zbrojn\u0105 z zaborcami. Pe\u0142na po\u015bwi\u0119cenia postawa szybko naznaczy\u0142a go dozgonnym znamieniem \u2013 w wieku 18 lat, walcz\u0105c w Powstaniu Styczniowym, straci\u0142 nog\u0119. Odkrywaj\u0105c w sobie talent malarski kszta\u0142ci\u0142 si\u0119 artystycznie w Warszawie i Monachium. Jednak p\u00f3\u017aniej zacz\u0105\u0142 bardziej ceni\u0107 \u017cycie po\u015br\u00f3d i dla ludzi, kt\u00f3rych wydaje si\u0119, \u017ce nikt inny nie ceni\u0142. Powiedzia\u0142 o nim kardyna\u0142 Karol Wojty\u0142a: \u201erzucony na kolana przed majestatem Bo\u017cym, upad\u0142 na kolana przed majestatem cz\u0142owieka i to najbiedniejszego, najbardziej upo\u015bledzonego, przed majestatem ostatniego n\u0119dzarza\u201d. Brat Albert zamieszka\u0142 w krakowskiej miejskiej ogrzewalni razem z bezdomnymi i tu\u0142aczami, z alkoholikami i prze\u017cywaj\u0105cymi przer\u00f3\u017cne dramaty \u017cyciowe. Zostawi\u0142 dla nich wszystko. Zrozumia\u0142, \u017ce tylko w taki spos\u00f3b b\u0119dzie w stanie da\u0107 tym ludziom prawdziw\u0105 nadziej\u0119; nadziej\u0119 pochodz\u0105c\u0105 od Boga. Poszed\u0142 drog\u0105 heroicznej mi\u0142o\u015bci. Ofiarowa\u0142 nie tylko co\u015b od siebie, ale przede wszystkim da\u0142 samego siebie. Takim stylem \u017cycia potrafi\u0142 zainspirowa\u0107 innych, zyskuj\u0105c sobie miano \u201enajpi\u0119kniejszego cz\u0142owieka swego pokolenia\u201d. Wsp\u00f3lnotowy wymiar jego nadziei ujawni\u0142 si\u0119 tak\u017ce w za\u0142o\u017ceniu Zgromadzenia Braci Albertyn\u00f3w, a p\u00f3\u017aniej Zgromadzenia Si\u00f3str Albertynek.<\/p>\n<p style=\"text-align: justify;\"><strong>Nadzieja w wymiarze spo\u0142ecznym<\/strong><br \/>\nOjciec \u015awi\u0119ty Benedykt XVI przypomina w encyklice Spe salvi, \u017ce \u201eka\u017cde powa\u017cne i prawe dzia\u0142anie cz\u0142owieka jest czynn\u0105 nadziej\u0105\u201d (Spe salvi, 35). Opatrzno\u015b\u0107 Bo\u017ca pozwala nam cieszy\u0107 si\u0119 niezmierzon\u0105 ilo\u015bci\u0105 takich b\u0142ogos\u0142awionych dzia\u0142a\u0144, podejmowanych wczoraj i dzi\u015b w przestrzeni indywidualnej i publicznej. Niew\u0105tpliwie w t\u0119 perspektyw\u0119 wpisuje si\u0119 nadchodz\u0105cy jubileusz 100-lecia odzyskania niepodleg\u0142o\u015bci przez nasz\u0105 Ojczyzn\u0119.<br \/>\nOdzyskana wolno\u015b\u0107 pozwoli\u0142a mi\u0119dzy innymi na utworzenie Katolickiego Uniwersytetu Lubelskiego. U podstaw jego powo\u0142ania leg\u0142o przekonanie, \u017ce odradzaj\u0105ca si\u0119 w wymiarze pa\u0144stwowym Polska, aby by\u0142a silna, musi kszta\u0142ci\u0107 inteligencj\u0119 \u015bwiadom\u0105 swych chrze\u015bcija\u0144skich korzeni. Uczelnia ta wkracza w\u0142a\u015bnie w jubileuszowy, setny rok dzia\u0142alno\u015bci. W swej bogatej historii szczyci si\u0119 niemal \u0107wier\u0107wieczn\u0105 wsp\u00f3\u0142prac\u0105 z ksi\u0119dzem, p\u00f3\u017aniejszym biskupem, arcybiskupem i kardyna\u0142em \u2013 Karolem Wojty\u0142\u0105, kt\u00f3ry kierowa\u0142 Katedr\u0105 Etyki na Wydziale Filozofii a\u017c do pami\u0119tnego pa\u017adziernikowego konklawe w 1978 roku. Katolicki Uniwersytet Lubelski odegra\u0142 nie do przecenienia rol\u0119 budzenia nadziei w czasach, kiedy o ni\u0105 by\u0142o naprawd\u0119 trudno. Jest on dowodem na to, i\u017c warto podejmowa\u0107 wyzwania dalekosi\u0119\u017cne, anga\u017cuj\u0105ce umys\u0142y i serca wielu, aby ewangelicznie przemienia\u0107 oblicze tej ziemi. Na tym polega tak\u017ce prawdziwy patriotyzm.<br \/>\nOpisuj\u0105c wsp\u00f3\u0142czesn\u0105 sytuacj\u0119 kulturow\u0105 i spo\u0142eczn\u0105 Ojciec \u015awi\u0119ty Franciszek zauwa\u017ca: \u201eW kulturze cz\u0119sto zdominowanej przez technik\u0119 jest jakby coraz wi\u0119cej r\u00f3\u017cnych form smutku i samotno\u015bci, w kt\u00f3re popadaj\u0105 ludzie, tak\u017ce wielu m\u0142odych. Przysz\u0142o\u015b\u0107 rzeczywi\u015bcie zdaje si\u0119 by\u0107 zak\u0142adnikiem niepewno\u015bci, kt\u00f3ra nie pozwala na osi\u0105gni\u0119cie stabilizacji. W ten spos\u00f3b cz\u0119sto rodz\u0105 si\u0119 uczucia melancholii, smutku i nudy, kt\u00f3re mog\u0105 powoli doprowadzi\u0107 do rozpaczy. Potrzebni s\u0105 \u015bwiadkowie nadziei i prawdziwej rado\u015bci, aby odp\u0119dzi\u0107 iluzje, kt\u00f3re obiecuj\u0105 \u0142atwe szcz\u0119\u015bcie ze sztucznymi rajami. G\u0142\u0119boka pustka wielu os\u00f3b mo\u017ce by\u0107 wype\u0142niona przez nadziej\u0119, jak\u0105 nosimy w sercach, z wyp\u0142ywaj\u0105c\u0105 z niej rado\u015bci\u0105. Istnieje wielka potrzeba poznania rado\u015bci, kt\u00f3ra objawia si\u0119 w sercu dotkni\u0119tym przez mi\u0142osierdzie. Doce\u0144my zatem s\u0142owa Aposto\u0142a: \u201eRadujcie si\u0119 zawsze w Panu\u201d (Flp 4,4; por. 1 Tes 5, 16) (Misericordia et Misera, 3).<br \/>\nNadzieja jest zawsze spodziewaniem si\u0119 dobra. My, chrze\u015bcijanie opieramy j\u0105 na wierno\u015bci Boga, na Jego nieodwo\u0142alnej mi\u0142o\u015bci mi\u0142osiernej, jak\u0105 nieustannie okazuje ka\u017cdemu nas. Jest ona niemal na wyci\u0105gni\u0119cie r\u0119ki. Je\u015bli pozwolimy Bogu dzia\u0142a\u0107 w nas samych, w\u00f3wczas objawi On sw\u0105 moc, kt\u00f3ra b\u0119dzie widoczna w \u017cyciu indywidualnym, rodzinnym, spo\u0142ecznym, politycznym, narodowym i mi\u0119dzynarodowym.<\/p>\n<p style=\"text-align: justify;\">Siostry i Bracia!<br \/>\nZa tydzie\u0144, dzi\u0119kuj\u0105c Bogu za wielki pontyfikat \u015bw. Jana Paw\u0142a II, prze\u017cywa\u0107 b\u0119dziemy XVII Dzie\u0144 Papieski pod has\u0142em Id\u017amy naprz\u00f3d z nadziej\u0105! Odb\u0119dzie si\u0119 wtedy zbi\u00f3rka \u015brodk\u00f3w na fundusz stypendialny Fundacji \u201eDzie\u0142o Nowego Tysi\u0105clecia\u201d, kt\u00f3ra zosta\u0142a powo\u0142ana przez Konferencj\u0119 Episkopatu Polski. Od siedemnastu lat jest ona \u017cywym pomnikiem \u015bw. Jana Paw\u0142a II.<br \/>\nWsparcie dla Fundacji, o kt\u00f3re z ufno\u015bci\u0105 prosimy, umo\u017cliwia realizowanie nadziei uzdolnionej m\u0142odzie\u017cy pochodz\u0105cej z niewielkich miejscowo\u015bci, z niezamo\u017cnych rodzin. Dzi\u0119ki darczy\u0144com ju\u017c cztery tysi\u0105ce m\u0142odych ludzi mog\u0142o z powodzeniem uko\u0144czy\u0107 studia na najlepszych polskich uczelniach. Ufamy, \u017ce tegoroczna kwesta pozwoli na kontynuowanie stypendi\u00f3w i pokrycie koszt\u00f3w formacyjnych oboz\u00f3w wakacyjnych dla uczni\u00f3w gimnazj\u00f3w, szk\u00f3\u0142 ponadgimnazjalnych i student\u00f3w. Takich stypendyst\u00f3w jest obecnie oko\u0142o dwa tysi\u0105ce. Fundacja wspiera ich od pocz\u0105tku gimnazjum do uko\u0144czenia studi\u00f3w. Ofiarno\u015b\u0107 ka\u017cdego darczy\u0144cy otwiera przed tymi m\u0142odymi lud\u017ami zachwycaj\u0105ce horyzonty nadziei. Za zrozumienie i wsparcie tego dzie\u0142a \u2013 tak bliskiego sercu \u015bw. Jana Paw\u0142a II \u2013 serdecznie dzi\u0119kujemy. B\u00f3g zap\u0142a\u0107!<br \/>\nRozpoczynaj\u0105c miesi\u0105c r\u00f3\u017ca\u0144ca pro\u015bmy Niepokalan\u0105 Dziewic\u0119, Gwiazd\u0119 Nadziei, aby uzdolni\u0142a nas do podj\u0119cia z entuzjazmem papieskiego wezwania: Id\u017amy naprz\u00f3d z nadziej\u0105! Wypowiedzmy za \u015bw. Janem Paw\u0142em II s\u0142owa modlitwy: \u201eMaryjo, naucz nas Twojego zawierzenia, Twojej nadziei i Twojej mi\u0142o\u015bci. Naucz nas wychodzi\u0107 ku Twojemu Synowi. Prowad\u017a nas do Niego. Niech On b\u0119dzie odpowiedzi\u0105 na wszystkie nasze pytania. Naucz nas wychodzi\u0107 ku innym ludziom, mo\u017ce bardziej biednym i samotnym ni\u017c ka\u017cdy z nas\u201d (Cz\u0119stochowa, 15 sierpnia 1991 r.).<br \/>\nNa pod\u0105\u017canie szlakami wytyczanymi przez prawdziwie chrze\u015bcija\u0144sk\u0105 nadziej\u0119 z serca wszystkim b\u0142ogos\u0142awimy<\/p>\n<p style=\"text-align: right;\">Podpisali:<br \/>\n<em>Kardyna\u0142owie, Arcybiskupi i Biskupi<\/em><br \/>\n<em>obecni na 376. Zebraniu Plenarnym Konferencji Episkopatu Polski<\/em><br \/>\n<em>Zakopane, 6-7 czerwca 2017 r.<\/em><\/p>\n","protected":false},"excerpt":{"rendered":"<p>\u201eId\u017amy naprz\u00f3d z nadziej\u0105!\u201d Umi\u0142owani w Chrystusie Panu! Siostry i Bracia! W najbli\u017csz\u0105 niedziel\u0119 b\u0119dziemy obchodzi\u0107 XVII Dzie\u0144 Papieski. Jego has\u0142o brzmi: Id\u017amy naprz\u00f3d z nadziej\u0105! Zosta\u0142o ono zaczerpni\u0119te ze s\u0142\u00f3w zawartych w przes\u0142aniu, kt\u00f3re na prze\u0142omie tysi\u0105cleci skierowa\u0142 do Ko\u015bcio\u0142a \u015bw. Jan Pawe\u0142 II (NMI, 58). Dzisiaj, po 16 latach, s\u0142owa te nie straci\u0142y &hellip; <\/p>\n<p><a class=\"more-link btn\" href=\"https:\/\/parafiasmardzewo.pl\/?p=4002\">Kontynuuj czytanie<\/a><\/p>\n","protected":false},"author":1,"featured_media":4003,"comment_status":"open","ping_status":"open","sticky":false,"template":"","format":"standard","meta":[],"categories":[6],"tags":[],"_links":{"self":[{"href":"https:\/\/parafiasmardzewo.pl\/index.php?rest_route=\/wp\/v2\/posts\/4002"}],"collection":[{"href":"https:\/\/parafiasmardzewo.pl\/index.php?rest_route=\/wp\/v2\/posts"}],"about":[{"href":"https:\/\/parafiasmardzewo.pl\/index.php?rest_route=\/wp\/v2\/types\/post"}],"author":[{"embeddable":true,"href":"https:\/\/parafiasmardzewo.pl\/index.php?rest_route=\/wp\/v2\/users\/1"}],"replies":[{"embeddable":true,"href":"https:\/\/parafiasmardzewo.pl\/index.php?rest_route=%2Fwp%2Fv2%2Fcomments&post=4002"}],"version-history":[{"count":1,"href":"https:\/\/parafiasmardzewo.pl\/index.php?rest_route=\/wp\/v2\/posts\/4002\/revisions"}],"predecessor-version":[{"id":4004,"href":"https:\/\/parafiasmardzewo.pl\/index.php?rest_route=\/wp\/v2\/posts\/4002\/revisions\/4004"}],"wp:featuredmedia":[{"embeddable":true,"href":"https:\/\/parafiasmardzewo.pl\/index.php?rest_route=\/wp\/v2\/media\/4003"}],"wp:attachment":[{"href":"https:\/\/parafiasmardzewo.pl\/index.php?rest_route=%2Fwp%2Fv2%2Fmedia&parent=4002"}],"wp:term":[{"taxonomy":"category","embeddable":true,"href":"https:\/\/parafiasmardzewo.pl\/index.php?rest_route=%2Fwp%2Fv2%2Fcategories&post=4002"},{"taxonomy":"post_tag","embeddable":true,"href":"https:\/\/parafiasmardzewo.pl\/index.php?rest_route=%2Fwp%2Fv2%2Ftags&post=4002"}],"curies":[{"name":"wp","href":"https:\/\/api.w.org\/{rel}","templated":true}]}}