{"id":4010,"date":"2017-09-30T18:23:13","date_gmt":"2017-09-30T16:23:13","guid":{"rendered":"http:\/\/parafiasmardzewo.pl\/?p=4010"},"modified":"2017-09-30T18:27:11","modified_gmt":"2017-09-30T16:27:11","slug":"apel-2","status":"publish","type":"post","link":"https:\/\/parafiasmardzewo.pl\/?p=4010","title":{"rendered":"Apel"},"content":{"rendered":"<h2><strong>APEL PRZEWODNICZ\u0104CEGO KONFERENCJI EPISKOPATU POLSKI DO WIERNYCH KO\u015aCIO\u0141A KATOLICKIEGO W\u00a0POLSCE W\u00a0ZWI\u0104ZKU Z\u00a0TRZ\u0118SIENIEM ZIEMI\u00a0 \u00a0W\u00a0MEKSYKU<\/strong><\/h2>\n<h3 style=\"text-align: justify;\">\u00a0\u00a0\u00a0\u00a0\u00a0 Od\u00a0kilku dni nap\u0142ywaj\u0105 do\u00a0nas zatrwa\u017caj\u0105ce informacje z\u00a0Meksyku, o\u00a0tragicznym w\u00a0skutkach trz\u0119sieniu ziemi, w\u00a0kt\u00f3rym \u017cycie straci\u0142y setki os\u00f3b, a\u00a0tysi\u0105ce zosta\u0142y pozbawione swojego dobytku i\u00a0\u015brodk\u00f3w do\u00a0\u017cycia. Z\u00a0pro\u015bb\u0105 o\u00a0pomoc Ko\u015bcio\u0142a w\u00a0Polsce, zwr\u00f3ci\u0142a si\u0119 do\u00a0nas Konferencja Episkopatu Meksyku. Ludzkie dramaty, kt\u00f3rych \u015bwiadkami byli\u015bmy niejednokrotnie pokazuj\u0105, \u017ce Polacy maj\u0105 dobre i\u00a0 otwarte serca. Dlatego i\u00a0 dzi\u015b zwracam si\u0119 z\u00a0 apelem do\u00a0 wszystkich wiernych Ko\u015bcio\u0142a katolickiego w\u00a0Polsce o\u00a0pomoc dla ofiar kataklizmu. Chcemy to uczyni\u0107 zar\u00f3wno w\u00a0wymiarze duchowym jak i\u00a0materialnym, organizuj\u0105c <strong>Dzie\u0144 Pomocy Ofiarom Trz\u0119sienia Ziemi w\u00a0 Meksyku -\u201eKo\u015bci\u00f3\u0142 w\u00a0 Polsce dla Meksyku\u201d<\/strong>. Prosz\u0119 o\u00a0modlitw\u0119 podczas Mszy \u015awi\u0119tych we wszystkich ko\u015bcio\u0142ach i\u00a0kaplicach w\u00a0Polsce. Prosz\u0119 o\u00a0modlitw\u0119 w\u00a0rodzinach oraz domach zakonnych. Prosz\u0119 o\u00a0modlitw\u0119 prywatn\u0105 i\u00a0wsp\u00f3lnotow\u0105 podczas pa\u017adziernikowych nabo\u017ce\u0144stw r\u00f3\u017ca\u0144cowych. Pomoc materialn\u0105 mo\u017cemy z\u00a0kolei przekazywa\u0107 za\u00a0po\u015brednictwem Caritas Polska, wysy\u0142aj\u0105c sms z\u00a0has\u0142em MEKSYK pod\u00a0numer\u00a072052 (koszt\u00a02,46 z\u0142 z\u00a0VAT), w\u0142\u0105czaj\u0105c si\u0119 w\u00a0organizowane \u00a0przed\u00a0ko\u015bcio\u0142ami zbi\u00f3rki ofiar, b\u0105d\u017a dokonuj\u0105c bezpo\u015brednich wp\u0142at na\u00a0konto Caritas Polska lub Caritas diecezjalnych \u2013 z\u00a0dopiskiem MEKSYK. Potrzebne dane mo\u017cna odnale\u017a\u0107 na\u00a0stronie www.caritas.pl. Jednocze\u015bnie, jako przewodnicz\u0105cy Konferencji Episkopatu Polski, chcia\u0142bym bardzo serdecznie podzi\u0119kowa\u0107 wszystkim Polakom za\u00a0dotychczas hojnie okazywane wsparcie.\u00a0 Licz\u0105c na\u00a0zrozumienie, pomoc i\u00a0zaanga\u017cowanie, z\u00a0serca b\u0142ogos\u0142awi\u0119, Warszawa, dnia\u00a022 wrze\u015bnia\u00a02017 r.\u00a0 \u00a0 \u00a0 \u00a0 \u00a0 \u00a0 \u00a0 \u00a0 \u00a0 \u00a0 \u00a0 \u00a0 \u00a0 \u00a0 \u00a0 \u00a0 \u00a0 \u00a0 \u00a0 \u00a0 \u00a0 \u00a0 \u00a0 \u00a0 \u00a0 \u00a0 \u00a0 \u00a0 \u00a0 \u00a0 \u00a0 \u00a0 \u00a0 \u2020 Stanis\u0142aw G\u0105decki Arcybiskup Metropolita Pozna\u0144ski Przewodnicz\u0105cy Konferencji Episkopatu Polski.<\/h3>\n<h3 style=\"text-align: justify;\"><strong>\u00a0\u00a0\u00a0\u00a0\u00a0\u00a0 ZARZ\u0104DZENIE<\/strong>: <strong>Apel Przewodnicz\u0105cego KEP prosz\u0119 odczyta\u0107 wiernym w\u00a0 niedziel\u0119\u00a0 1 pa\u017adziernika br., podczas wszystkich Mszy \u015bw., w\u00a0ramach og\u0142osze\u0144 duszpasterskich<\/strong>. Prosz\u0119 tak\u017ce o\u00a0w\u0142\u0105czenie do\u00a0modlitwy wiernych intencji za\u00a0ofiary trz\u0119sienia ziemi w\u00a0Meksyku <strong>(\u201eM\u00f3dlmy si\u0119 za\u00a0ofiary trz\u0119sienia ziemi w\u00a0Meksyku, prosz\u0105c Boga o\u00a0potrzebn\u0105 pomoc dla poszkodowanych, o\u00a0pociech\u0119 dla tych, kt\u00f3rzy stracili swoich bliskich oraz o\u00a0\u017cycie wieczne dla zmar\u0142ych. Ciebie prosimy\u2026\u201d<\/strong>) oraz o\u00a0poinformowanie wiernych w\u00a0og\u0142oszeniach o\u00a0celu zbi\u00f3rki do\u00a0puszek. Zebrane w\u00a0tym dniu ofiary nale\u017cy wp\u0142aci\u0107 na\u00a0konto Caritas Diecezji P\u0142ockiej, z\u00a0dopiskiem \u201eMeksyk\u201d.<\/h3>\n","protected":false},"excerpt":{"rendered":"<p>APEL PRZEWODNICZ\u0104CEGO KONFERENCJI EPISKOPATU POLSKI DO WIERNYCH KO\u015aCIO\u0141A KATOLICKIEGO W\u00a0POLSCE W\u00a0ZWI\u0104ZKU Z\u00a0TRZ\u0118SIENIEM ZIEMI\u00a0 \u00a0W\u00a0MEKSYKU \u00a0\u00a0\u00a0\u00a0\u00a0 Od\u00a0kilku dni nap\u0142ywaj\u0105 do\u00a0nas zatrwa\u017caj\u0105ce informacje z\u00a0Meksyku, o\u00a0tragicznym w\u00a0skutkach trz\u0119sieniu ziemi, w\u00a0kt\u00f3rym \u017cycie straci\u0142y setki os\u00f3b, a\u00a0tysi\u0105ce zosta\u0142y pozbawione swojego dobytku i\u00a0\u015brodk\u00f3w do\u00a0\u017cycia. Z\u00a0pro\u015bb\u0105 o\u00a0pomoc Ko\u015bcio\u0142a w\u00a0Polsce, zwr\u00f3ci\u0142a si\u0119 do\u00a0nas Konferencja Episkopatu Meksyku. Ludzkie dramaty, kt\u00f3rych \u015bwiadkami byli\u015bmy niejednokrotnie pokazuj\u0105, &hellip; <\/p>\n<p><a class=\"more-link btn\" href=\"https:\/\/parafiasmardzewo.pl\/?p=4010\">Kontynuuj czytanie<\/a><\/p>\n","protected":false},"author":2,"featured_media":0,"comment_status":"open","ping_status":"open","sticky":false,"template":"","format":"standard","meta":[],"categories":[6],"tags":[],"_links":{"self":[{"href":"https:\/\/parafiasmardzewo.pl\/index.php?rest_route=\/wp\/v2\/posts\/4010"}],"collection":[{"href":"https:\/\/parafiasmardzewo.pl\/index.php?rest_route=\/wp\/v2\/posts"}],"about":[{"href":"https:\/\/parafiasmardzewo.pl\/index.php?rest_route=\/wp\/v2\/types\/post"}],"author":[{"embeddable":true,"href":"https:\/\/parafiasmardzewo.pl\/index.php?rest_route=\/wp\/v2\/users\/2"}],"replies":[{"embeddable":true,"href":"https:\/\/parafiasmardzewo.pl\/index.php?rest_route=%2Fwp%2Fv2%2Fcomments&post=4010"}],"version-history":[{"count":3,"href":"https:\/\/parafiasmardzewo.pl\/index.php?rest_route=\/wp\/v2\/posts\/4010\/revisions"}],"predecessor-version":[{"id":4013,"href":"https:\/\/parafiasmardzewo.pl\/index.php?rest_route=\/wp\/v2\/posts\/4010\/revisions\/4013"}],"wp:attachment":[{"href":"https:\/\/parafiasmardzewo.pl\/index.php?rest_route=%2Fwp%2Fv2%2Fmedia&parent=4010"}],"wp:term":[{"taxonomy":"category","embeddable":true,"href":"https:\/\/parafiasmardzewo.pl\/index.php?rest_route=%2Fwp%2Fv2%2Fcategories&post=4010"},{"taxonomy":"post_tag","embeddable":true,"href":"https:\/\/parafiasmardzewo.pl\/index.php?rest_route=%2Fwp%2Fv2%2Ftags&post=4010"}],"curies":[{"name":"wp","href":"https:\/\/api.w.org\/{rel}","templated":true}]}}