{"id":4085,"date":"2017-11-18T19:04:04","date_gmt":"2017-11-18T18:04:04","guid":{"rendered":"http:\/\/parafiasmardzewo.pl\/?p=4085"},"modified":"2017-11-18T19:04:04","modified_gmt":"2017-11-18T18:04:04","slug":"i-swiatowy-dzien-ubogich","status":"publish","type":"post","link":"https:\/\/parafiasmardzewo.pl\/?p=4085","title":{"rendered":"I \u015awiatowy Dzie\u0144 Ubogich"},"content":{"rendered":"<h3 style=\"text-align: justify;\">Ponad 4 tys. os\u00f3b potrzebuj\u0105cych i niezamo\u017cnych, nie tylko z Rzymu i okolic, ale te\u017c z r\u00f3\u017cnych diecezji \u015bwiata, w tym z Warszawy, Krakowa, Pary\u017ca czy Brukseli, we\u017amie udzia\u0142 w papieskiej Mszy z okazji I \u015awiatowego Dnia Ubogich. Ojciec \u015awi\u0119ty ustanowi\u0142 go przed rokiem, na zako\u0144czenie Jubileuszu Mi\u0142osierdzia, a obchodzony b\u0119dzie on po raz pierwszy w niedziel\u0119 19 listopada 2017 r. Program obchod\u00f3w podaje komunikat Papieskiej Rady ds. Krzewienia Nowej Ewangelizacji.<\/h3>\n<h3 style=\"text-align: justify;\">Po papieskiej Mszy w bazylice \u015bw. Piotra jej uczestnicy zostan\u0105 przyj\u0119ci \u015bwi\u0105tecznym obiadem. 1,5 tys. z nich uda si\u0119 razem z Papie\u017cem do Auli Paw\u0142a VI, gdzie podczas posi\u0142ku gra\u0107 b\u0119dzie orkiestra watyka\u0144skiej \u017candarmerii, a \u015bpiewa\u0107 ch\u00f3r\u00a0 dzieci w wieku od 5 do 14 lat \u201eLe Dolci Note\u201d. Pozostali je\u015b\u0107 b\u0119d\u0105 w kilku kolegiach i seminariach oraz w jad\u0142odajniach m.in. Caritas i Wsp\u00f3lnoty \u015bw. Idziego. Wykwintne potrawy i s\u0142odycze przygotuje jedna z renomowanych restauracji z Romano d&#8217;Ezzelino ko\u0142o Vicenzy w p\u00f3\u0142nocnych W\u0142oszech. Aby zapewni\u0107 udzia\u0142 w \u015awiatowym Dniu Ubogich wszystkim potrzebuj\u0105cym w Rzymie i poza nim, z Papiesk\u0105 Rad\u0105 ds. Krzewienia Nowej Ewangelizacji wsp\u00f3\u0142pracuje szereg organizacji charytatywnych i innych instytucji. W ramach jego obchod\u00f3w ju\u017c od poniedzia\u0142ku 13 a\u017c do niedzieli 19 listopada w godzinach od 9:00 do 16:00 dzia\u0142a [ko\u0142o placu \u015bw. Piotra] na piazza Pio XII mi\u0119dzy placem \u015bw. Piotra a Via della Conciliazione solidarna przychodnia lekarska, udost\u0119pniaj\u0105ca za darmo analizy i wizyty lekarskie, tak\u017ce specjalistyczne.<\/h3>\n<h3 style=\"text-align: justify;\">Natomiast w poprzedzaj\u0105c\u0105 I \u015awiatowy Dzie\u0144 Ubogich sobot\u0119 18 listopada wieczorem o 20:00 odb\u0119dzie si\u0119 modlitewne czuwanie dla wolontariuszy w rzymskiej bazylice \u015bw. Wawrzy\u0144ca m\u0119czennika, kt\u00f3ry jako diakon wspiera\u0142 biednych i nazwa\u0142 ich \u201eprawdziwym skarbem Ko\u015bcio\u0142a\u201d.<\/h3>\n","protected":false},"excerpt":{"rendered":"<p>Ponad 4 tys. os\u00f3b potrzebuj\u0105cych i niezamo\u017cnych, nie tylko z Rzymu i okolic, ale te\u017c z r\u00f3\u017cnych diecezji \u015bwiata, w tym z Warszawy, Krakowa, Pary\u017ca czy Brukseli, we\u017amie udzia\u0142 w papieskiej Mszy z okazji I \u015awiatowego Dnia Ubogich. Ojciec \u015awi\u0119ty ustanowi\u0142 go przed rokiem, na zako\u0144czenie Jubileuszu Mi\u0142osierdzia, a obchodzony b\u0119dzie on po raz pierwszy &hellip; <\/p>\n<p><a class=\"more-link btn\" href=\"https:\/\/parafiasmardzewo.pl\/?p=4085\">Kontynuuj czytanie<\/a><\/p>\n","protected":false},"author":1,"featured_media":4086,"comment_status":"open","ping_status":"open","sticky":false,"template":"","format":"standard","meta":[],"categories":[6],"tags":[],"_links":{"self":[{"href":"https:\/\/parafiasmardzewo.pl\/index.php?rest_route=\/wp\/v2\/posts\/4085"}],"collection":[{"href":"https:\/\/parafiasmardzewo.pl\/index.php?rest_route=\/wp\/v2\/posts"}],"about":[{"href":"https:\/\/parafiasmardzewo.pl\/index.php?rest_route=\/wp\/v2\/types\/post"}],"author":[{"embeddable":true,"href":"https:\/\/parafiasmardzewo.pl\/index.php?rest_route=\/wp\/v2\/users\/1"}],"replies":[{"embeddable":true,"href":"https:\/\/parafiasmardzewo.pl\/index.php?rest_route=%2Fwp%2Fv2%2Fcomments&post=4085"}],"version-history":[{"count":1,"href":"https:\/\/parafiasmardzewo.pl\/index.php?rest_route=\/wp\/v2\/posts\/4085\/revisions"}],"predecessor-version":[{"id":4087,"href":"https:\/\/parafiasmardzewo.pl\/index.php?rest_route=\/wp\/v2\/posts\/4085\/revisions\/4087"}],"wp:featuredmedia":[{"embeddable":true,"href":"https:\/\/parafiasmardzewo.pl\/index.php?rest_route=\/wp\/v2\/media\/4086"}],"wp:attachment":[{"href":"https:\/\/parafiasmardzewo.pl\/index.php?rest_route=%2Fwp%2Fv2%2Fmedia&parent=4085"}],"wp:term":[{"taxonomy":"category","embeddable":true,"href":"https:\/\/parafiasmardzewo.pl\/index.php?rest_route=%2Fwp%2Fv2%2Fcategories&post=4085"},{"taxonomy":"post_tag","embeddable":true,"href":"https:\/\/parafiasmardzewo.pl\/index.php?rest_route=%2Fwp%2Fv2%2Ftags&post=4085"}],"curies":[{"name":"wp","href":"https:\/\/api.w.org\/{rel}","templated":true}]}}