{"id":4088,"date":"2017-11-18T19:16:58","date_gmt":"2017-11-18T18:16:58","guid":{"rendered":"http:\/\/parafiasmardzewo.pl\/?p=4088"},"modified":"2017-11-18T19:16:58","modified_gmt":"2017-11-18T18:16:58","slug":"ks-biskup-piotr-libera-rozpoczal-wizyte-u-plockich-misjonarzy-w-peru","status":"publish","type":"post","link":"https:\/\/parafiasmardzewo.pl\/?p=4088","title":{"rendered":"Ks. biskup Piotr Libera rozpocz\u0105\u0142 wizyt\u0119 u p\u0142ockich misjonarzy w Peru"},"content":{"rendered":"<h3 style=\"text-align: justify;\"><strong>Biskup p\u0142ocki Piotr Libera rozpocz\u0105\u0142 16 listopada br. wizyt\u0119 u misjonarzy z diecezji p\u0142ockiej, kt\u00f3rzy pracuj\u0105 w Peru. Hierarcha pozna specyfik\u0119 pracy duszpasterskiej w tym kraju, we\u017amie udzia\u0142 w Mszach \u015bw. i modlitwach w miejscowo\u015bciach, w kt\u00f3rych pracuj\u0105 misjonarze, a tak\u017ce spotka si\u0119 z miejscowymi biskupami.<\/strong><\/h3>\n<h3 style=\"text-align: justify;\">Bp Piotr Libera b\u0119dzie przebywa\u0142 w Peru w dniach 16-25 listopada. Spotka si\u0119 z czterema misjonarzami z diecezji p\u0142ockiej, kt\u00f3rzy od wielu lat pracuj\u0105 w Amazonii, na terenie Peru: \u201eChc\u0119 odwiedzi\u0107 naszych misjonarzy, umocni\u0107 ich w powo\u0142aniu, podzi\u0119kowa\u0107 za wieloletni\u0105 prac\u0119 na terenach misyjnych, przekaza\u0107 wyrazy jedno\u015bci z prezbiterium Ko\u015bcio\u0142a p\u0142ockiego\u201d \u2013 zapewnia biskup.<\/h3>\n<h3 style=\"text-align: justify;\">Pasterz Ko\u015bcio\u0142a p\u0142ockiego odwiedzi parafie (zw\u0142aszcza w Iquitos) oraz misyjne seminarium duchowne, gdzie pracuj\u0105 p\u0142occy ksi\u0119\u017ca, wraz z nimi uda si\u0119 te\u017c do wiernych w wioskach india\u0144skich w parafiach (do wielu z nich dociera si\u0119 jedynie \u0142\u00f3dk\u0105). Spotka si\u0119 r\u00f3wnie\u017c z miejscowymi biskupami: bp. Miquelem Olaortua Laspra i bp. Javierem Travieso.<\/h3>\n<h3 style=\"text-align: justify;\">W programie pobytu w Peru znajdzie si\u0119 m.in. modlitwa w kaplicy b\u0142ogos\u0142awionych m\u0119czennik\u00f3w z Pariacoto ks. Micha\u0142a Tomaszka i ks. Zbigniewa Strza\u0142kowskiego, udzia\u0142 w Mszach \u015bw. po\u0142\u0105czonych z udzieleniem sakrament\u00f3w, wizyta w o\u015brodku wychowawczym dla dziewcz\u0105t, prowadzonym przez siostry zakonne, zwiedzanie stolicy pa\u0144stwa Limy z jej miejscami kultu religijnego czy poznanie kultury Indian amazo\u0144skich.<\/h3>\n<h3 style=\"text-align: justify;\">W podr\u00f3\u017cy misyjnej bp. Liberze towarzyszy ks. kan. Grzegorz Mierzejewski, obecnie proboszcz parafii \u015bw. Marcina w Mochowie, kt\u00f3ry przed laty przez 9 lat pracowa\u0142 na misjach parafii Santa Clara w Peru.<\/h3>\n<h3 style=\"text-align: justify;\">Na misjach w Peru pracuj\u0105 czterej ksi\u0119\u017ca z diecezji p\u0142ockiej: ks. Marek Bruli\u0144ski, ks. Zbigniew Remba\u0142a \u2013 rektor seminarium misyjnego, ks. Rados\u0142aw Zawadzki \u2013 odpowiada za studia kleryk\u00f3w i ks. Pawe\u0142 Sprusi\u0144ski \u2013 odpowiada za ich formacj\u0119 duchow\u0105. Diecezja p\u0142ocka wspiera materialnie prowadzone tam przez duszpasterzy dzie\u0142a.<\/h3>\n","protected":false},"excerpt":{"rendered":"<p>Biskup p\u0142ocki Piotr Libera rozpocz\u0105\u0142 16 listopada br. wizyt\u0119 u misjonarzy z diecezji p\u0142ockiej, kt\u00f3rzy pracuj\u0105 w Peru. Hierarcha pozna specyfik\u0119 pracy duszpasterskiej w tym kraju, we\u017amie udzia\u0142 w Mszach \u015bw. i modlitwach w miejscowo\u015bciach, w kt\u00f3rych pracuj\u0105 misjonarze, a tak\u017ce spotka si\u0119 z miejscowymi biskupami. Bp Piotr Libera b\u0119dzie przebywa\u0142 w Peru w dniach &hellip; <\/p>\n<p><a class=\"more-link btn\" href=\"https:\/\/parafiasmardzewo.pl\/?p=4088\">Kontynuuj czytanie<\/a><\/p>\n","protected":false},"author":1,"featured_media":4089,"comment_status":"open","ping_status":"open","sticky":false,"template":"","format":"standard","meta":[],"categories":[6],"tags":[],"_links":{"self":[{"href":"https:\/\/parafiasmardzewo.pl\/index.php?rest_route=\/wp\/v2\/posts\/4088"}],"collection":[{"href":"https:\/\/parafiasmardzewo.pl\/index.php?rest_route=\/wp\/v2\/posts"}],"about":[{"href":"https:\/\/parafiasmardzewo.pl\/index.php?rest_route=\/wp\/v2\/types\/post"}],"author":[{"embeddable":true,"href":"https:\/\/parafiasmardzewo.pl\/index.php?rest_route=\/wp\/v2\/users\/1"}],"replies":[{"embeddable":true,"href":"https:\/\/parafiasmardzewo.pl\/index.php?rest_route=%2Fwp%2Fv2%2Fcomments&post=4088"}],"version-history":[{"count":1,"href":"https:\/\/parafiasmardzewo.pl\/index.php?rest_route=\/wp\/v2\/posts\/4088\/revisions"}],"predecessor-version":[{"id":4090,"href":"https:\/\/parafiasmardzewo.pl\/index.php?rest_route=\/wp\/v2\/posts\/4088\/revisions\/4090"}],"wp:featuredmedia":[{"embeddable":true,"href":"https:\/\/parafiasmardzewo.pl\/index.php?rest_route=\/wp\/v2\/media\/4089"}],"wp:attachment":[{"href":"https:\/\/parafiasmardzewo.pl\/index.php?rest_route=%2Fwp%2Fv2%2Fmedia&parent=4088"}],"wp:term":[{"taxonomy":"category","embeddable":true,"href":"https:\/\/parafiasmardzewo.pl\/index.php?rest_route=%2Fwp%2Fv2%2Fcategories&post=4088"},{"taxonomy":"post_tag","embeddable":true,"href":"https:\/\/parafiasmardzewo.pl\/index.php?rest_route=%2Fwp%2Fv2%2Ftags&post=4088"}],"curies":[{"name":"wp","href":"https:\/\/api.w.org\/{rel}","templated":true}]}}