{"id":4117,"date":"2017-11-23T20:10:22","date_gmt":"2017-11-23T19:10:22","guid":{"rendered":"http:\/\/parafiasmardzewo.pl\/?p=4117"},"modified":"2017-11-23T20:11:50","modified_gmt":"2017-11-23T19:11:50","slug":"rekolekcje-zelatorow-i-czlonkow-kol-zywego-rozanca-w-popowie","status":"publish","type":"post","link":"https:\/\/parafiasmardzewo.pl\/?p=4117","title":{"rendered":"Rekolekcje zelator\u00f3w i cz\u0142onk\u00f3w K\u00f3\u0142 \u017bywego R\u00f3\u017ca\u0144ca w Popowie"},"content":{"rendered":"<h4 style=\"text-align: justify;\"><strong>Oko\u0142o 80 zelator\u00f3w i cz\u0142onk\u00f3w K\u00f3\u0142 \u017bywego R\u00f3\u017ca\u0144ca z diecezji p\u0142ockiej wzi\u0119\u0142o udzia\u0142 w rekolekcjach, kt\u00f3re odby\u0142y si\u0119 w O\u015brodku Charytatywno-Szkoleniowym Caritas im. b\u0142. abp. Antoniego J. Nowowiejskiego w Popowie (19-21 listopada br.). Uczestnicy m.in. modlili si\u0119 o powo\u0142ania kap\u0142a\u0144skie: \u201eTakie rekolekcje ubogacaj\u0105 cz\u0142owieka wewn\u0119trznie, a to chyba jest w \u017cyciu najwa\u017cniejsze\u201d \u2013 komentowa\u0142a Teresa Wiktorowicz z parafii Sochocin.<\/strong><\/h4>\n<h3 style=\"text-align: justify;\"><strong>\u00a0<\/strong><a href=\"http:\/\/www.caritaspopowo.pl\/2017\/rekolekcje-zelatorow-kol-zywego-rozanca\">FOTORELACJA<\/a>\u00a0\u00a0 W programie trzydniowych rekolekcji znalaz\u0142y si\u0119 wsp\u00f3lne Msze \u015bw., r\u00f3\u017caniec, Koronka do Mi\u0142osierdzia Bo\u017cego, mo\u017cliwo\u015b\u0107 przyj\u0119cia sakramentu pokuty. Poza tym podczas jednej nocy adorowano Naj\u015bwi\u0119tszy Sakrament, modl\u0105c si\u0119 o powo\u0142ania kap\u0142a\u0144skie.<\/h3>\n<h3 style=\"text-align: justify;\">Konferencje g\u0142osi\u0142 ks. Bernard Kali\u0144ski SDB, duszpasterz w Salezja\u0144skiej Szkole Muzycznej w Lutomiersku. W\u015br\u00f3d podejmowanych temat\u00f3w znalaz\u0142y si\u0119: potrzeba i wytrwa\u0142o\u015b\u0107 modlitwy, doskona\u0142e nabo\u017ce\u0144stwo do Naj\u015bwi\u0119tszej Maryi Panny w oparciu o traktat Ludwika Marii Grignion de Montfort, szatan i skutki jego dzia\u0142ania, rola Eucharystii, istota modlitwy r\u00f3\u017ca\u0144cowej.<\/h3>\n<h3 style=\"text-align: justify;\">\u201eKa\u017cdy z nas otrzyma\u0142 wiele dar\u00f3w przyrodzonych i nadprzyrodzonych. Dzi\u0119ki nim mo\u017cemy osi\u0105gn\u0105\u0107 \u015bwi\u0119to\u015b\u0107. Naszym obowi\u0105zkiem jest rozwijanie posiadanych dar\u00f3w. W doskona\u0142y spos\u00f3b powierzone Jej dary wykorzysta\u0142a Matka Bo\u017ca, dlatego jest dla nas wzorem i przyk\u0142adem do na\u015bladowania\u201d \u2013 wskazywa\u0142 w jednej z homilii.<\/h3>\n<h3 style=\"text-align: justify;\">W czasie rekolekcji zelatorzy mieli te\u017c okazj\u0119 podzieli\u0107 si\u0119 swoimi do\u015bwiadczeniami o \u00a0pos\u0142udze w parafialnych Ko\u0142ach R\u00f3\u017ca\u0144cowych: \u201eZelatorzy K\u00f3\u0142 \u017bywego R\u00f3\u017ca\u0144ca w swoich parafiach w\u0142\u0105czaj\u0105 si\u0119 czynnie w wiele inicjatyw duszpasterskich m.in. w nabo\u017ce\u0144stwa fatimskie czy nabo\u017ce\u0144stwa pierwszych sob\u00f3t miesi\u0105ca. W niekt\u00f3rych parafiach prowadzony jest r\u00f3\u017caniec rodzic\u00f3w za dzieci\u201d &#8211; relacjonowa\u0142 ks. kan. Henryk Tadeusz Dymek, diecezjalny referent ds. K\u00f3\u0142 \u017bywego R\u00f3\u017ca\u0144ca.<\/h3>\n<h3 style=\"text-align: justify;\">Jedn\u0105 z uczestniczek rekolekcji by\u0142a Teresa Wiktorowicz z parafii \u015bw. Jana Chrzciciela w Sochocinie, na terenie kt\u00f3rej dzia\u0142a dwadzie\u015bcia dziewi\u0119\u0107 K\u00f3\u0142 \u017bywego R\u00f3\u017ca\u0144ca: \u201eCa\u0142e \u017cycie \u017cyj\u0119 r\u00f3\u017ca\u0144cem. Pojecha\u0142am na rekolekcje, aby odnowi\u0107 duchowe si\u0142y. Po ich prze\u017cyciu uwierzy\u0142am, \u017ce wszystkie trudno\u015bci s\u0105 do pokonania, \u017ce ka\u017cdy problem trzeba zawierzy\u0107 Bogu, bo z\u0142o nie jest silniejsze od Boga, a B\u00f3g jest mi\u0142o\u015bci\u0105\u201d \u2013 m\u00f3wi\u0142a cz\u0142onkini Grupy Szkaplerznej oraz animatorka podczas spotka\u0144 z kandydatami do bierzmowania.<\/h3>\n<h3 style=\"text-align: justify;\">Doda\u0142a te\u017c, \u017ce uczestnictwo w rekolekcjach jest konieczne, poniewa\u017c \u201ew ten spos\u00f3b pog\u0142\u0119bia si\u0119 swoj\u0105 wiar\u0119\u201d. Podobne spotkania \u201eubogacaj\u0105 cz\u0142owieka wewn\u0119trznie, a to chyba jest w \u017cyciu najwa\u017cniejsze\u201d.<\/h3>\n<h3 style=\"text-align: justify;\">Natomiast Ewa Zi\u00f3\u0142kowska z parafii Mi\u0142osierdzia Bo\u017cego w Gostyninie, kt\u00f3ra jest cz\u0142onkiem jednego z sze\u015bciu parafialnych K\u00f3\u0142 R\u00f3\u017ca\u0144cowych stwierdzi\u0142a, \u017ce dzi\u0119ki udzia\u0142owi w rekolekcjach potrafi inaczej spojrze\u0107 na r\u00f3\u017cne sprawy rodzinne i zawodowe.<\/h3>\n<h3 style=\"text-align: justify;\">\u201eWcze\u015bniej nie u\u015bwiadamia\u0142am sobie do ko\u0144ca pewnych rzeczy. W czasie rekolekcji zrozumia\u0142am, \u017ce modlitwa nie mo\u017ce by\u0107 jedynie powtarzaniem formu\u0142, ale \u017ce podczas modlitwy trzeba bardzo g\u0142\u0119boko powierzy\u0107 si\u0119 Duchowi \u015awi\u0119temu i Maryi \u2013 dzi\u0119ki temu r\u00f3\u017cne sprawy b\u0119d\u0105 mo\u017cliwe do wykonania. Samo `klepanie` formu\u0142ek nic nie da. Zrozumia\u0142am te\u017c, \u017ce powinnam w ka\u017cdej sytuacji szuka\u0107 w cz\u0142owieku Boga i odnosi\u0107 si\u0119 do ka\u017cdego cz\u0142owieka z mi\u0142o\u015bci\u0105\u201d \u2013 relacjonowa\u0142a gostynianka.<\/h3>\n<h3 style=\"text-align: justify;\">Przyzna\u0142a r\u00f3wnie\u017c, \u017ce nie do ko\u0144ca by\u0142a \u015bwiadoma wp\u0142ywu z\u0142a na \u017cycie ludzkie oraz tego, \u017ce cz\u0142owiek cz\u0119sto si\u0119 na z\u0142o w pewien spos\u00f3b godzi, nie sprzeciwia si\u0119 mu z l\u0119ku czy ze wstydu. Tymczasem \u201etrzeba i mo\u017cna post\u0119powa\u0107 inaczej\u201d \u2013 opiniowa\u0142a cz\u0142onkini Ko\u0142a Biblijnego, Apostolatu Margaretka, asysty procesyjnej oraz Dzie\u0142a Modlitewnego\u00a0Adopcji Dziecka Pocz\u0119tego.<\/h3>\n<h3 style=\"text-align: justify;\">W rekolekcjach w Popowie wzi\u0119\u0142o udzia\u0142 ponad 80 os\u00f3b: zelatorek, zelator\u00f3w i cz\u0142onk\u00f3w K\u00f3\u0142 \u017bywego R\u00f3\u017ca\u0144ca z wielu parafii w diecezji p\u0142ockiej m.in. z parafii \u015bw. Stanis\u0142awa Kostki w P\u0142ocku, Orszymowo i Gumino. W diecezji p\u0142ockiej najwi\u0119cej K\u00f3\u0142 R\u00f3\u017ca\u0144cowych dzia\u0142a w parafii Pniewo \u2013 ponad 40 oraz Sochocin \u2013 29.<\/h3>\n<h3 style=\"text-align: justify;\">Organizatorem rekolekcji by\u0142 ks. kan. Henryk Tadeusz Dymek, diecezjalny referent duszpasterstwa K\u00f3\u0142 \u017bywego R\u00f3\u017ca\u0144ca, kustosz Sanktuarium Matki Bo\u017cej R\u00f3\u017ca\u0144cowej w Smardzewie, przy wsp\u00f3\u0142pracy z wydzia\u0142em duszpasterskim Kurii Diecezjalnej P\u0142ockiej.<\/h3>\n","protected":false},"excerpt":{"rendered":"<p>Oko\u0142o 80 zelator\u00f3w i cz\u0142onk\u00f3w K\u00f3\u0142 \u017bywego R\u00f3\u017ca\u0144ca z diecezji p\u0142ockiej wzi\u0119\u0142o udzia\u0142 w rekolekcjach, kt\u00f3re odby\u0142y si\u0119 w O\u015brodku Charytatywno-Szkoleniowym Caritas im. b\u0142. abp. Antoniego J. Nowowiejskiego w Popowie (19-21 listopada br.). Uczestnicy m.in. modlili si\u0119 o powo\u0142ania kap\u0142a\u0144skie: \u201eTakie rekolekcje ubogacaj\u0105 cz\u0142owieka wewn\u0119trznie, a to chyba jest w \u017cyciu najwa\u017cniejsze\u201d \u2013 komentowa\u0142a Teresa &hellip; <\/p>\n<p><a class=\"more-link btn\" href=\"https:\/\/parafiasmardzewo.pl\/?p=4117\">Kontynuuj czytanie<\/a><\/p>\n","protected":false},"author":2,"featured_media":2984,"comment_status":"open","ping_status":"open","sticky":false,"template":"","format":"standard","meta":[],"categories":[6],"tags":[],"_links":{"self":[{"href":"https:\/\/parafiasmardzewo.pl\/index.php?rest_route=\/wp\/v2\/posts\/4117"}],"collection":[{"href":"https:\/\/parafiasmardzewo.pl\/index.php?rest_route=\/wp\/v2\/posts"}],"about":[{"href":"https:\/\/parafiasmardzewo.pl\/index.php?rest_route=\/wp\/v2\/types\/post"}],"author":[{"embeddable":true,"href":"https:\/\/parafiasmardzewo.pl\/index.php?rest_route=\/wp\/v2\/users\/2"}],"replies":[{"embeddable":true,"href":"https:\/\/parafiasmardzewo.pl\/index.php?rest_route=%2Fwp%2Fv2%2Fcomments&post=4117"}],"version-history":[{"count":3,"href":"https:\/\/parafiasmardzewo.pl\/index.php?rest_route=\/wp\/v2\/posts\/4117\/revisions"}],"predecessor-version":[{"id":4120,"href":"https:\/\/parafiasmardzewo.pl\/index.php?rest_route=\/wp\/v2\/posts\/4117\/revisions\/4120"}],"wp:featuredmedia":[{"embeddable":true,"href":"https:\/\/parafiasmardzewo.pl\/index.php?rest_route=\/wp\/v2\/media\/2984"}],"wp:attachment":[{"href":"https:\/\/parafiasmardzewo.pl\/index.php?rest_route=%2Fwp%2Fv2%2Fmedia&parent=4117"}],"wp:term":[{"taxonomy":"category","embeddable":true,"href":"https:\/\/parafiasmardzewo.pl\/index.php?rest_route=%2Fwp%2Fv2%2Fcategories&post=4117"},{"taxonomy":"post_tag","embeddable":true,"href":"https:\/\/parafiasmardzewo.pl\/index.php?rest_route=%2Fwp%2Fv2%2Ftags&post=4117"}],"curies":[{"name":"wp","href":"https:\/\/api.w.org\/{rel}","templated":true}]}}