{"id":4169,"date":"2017-12-25T20:34:55","date_gmt":"2017-12-25T19:34:55","guid":{"rendered":"http:\/\/parafiasmardzewo.pl\/?p=4169"},"modified":"2017-12-25T20:34:55","modified_gmt":"2017-12-25T19:34:55","slug":"list-rektora-wyzszego-seminarium-duchownego-w-plocku","status":"publish","type":"post","link":"https:\/\/parafiasmardzewo.pl\/?p=4169","title":{"rendered":"LIST REKTORA WY\u017bSZEGO SEMINARIUM DUCHOWNEGO W PLOCKU"},"content":{"rendered":"<p><strong>LIST REKTORA WY\u017bSZEGO SEMINARIUM DUCHOWNEGO W P\u0141OCKU<\/strong><\/p>\n<p><strong>NA DRUGI DZIE\u0143 \u015aWI\u0104T BO\u017bEGO NARODZENIA 2017 R.<\/strong><\/p>\n<h3 style=\"text-align: justify;\"><strong>\u00a0<\/strong><strong>Siostry i Bracia!<\/strong><\/h3>\n<h3 style=\"text-align: justify;\">\u201eNie b\u00f3jcie si\u0119! Oto zwiastuj\u0119 wam rado\u015b\u0107 wielk\u0105, kt\u00f3ra b\u0119dzie udzia\u0142em ca\u0142ego narodu: dzi\u015b w mie\u015bcie Dawida narodzi\u0142 si\u0119 wam Zbawiciel, kt\u00f3rym jest Mesjasz, Pan\u201d (\u0141k 2,10-11). W tych dniach wzrok naszej wiary kieruje si\u0119 w stron\u0119 Beth-lehem \u2013 domu chleba, gdzie B\u00f3g ukry\u0142 si\u0119 w niewinnym Dzieci\u0119ciu. Razem z pasterzami i m\u0119drcami biegniemy zobaczy\u0107 Niemowl\u0119 \u201eowini\u0119te w pieluszki i po\u0142o\u017cone w \u017c\u0142obie\u201d (\u0141k 2, 12), kt\u00f3re zosta\u0142o nam dane, aby \u201ewielu powsta\u0142o\u201d i aby \u201eby\u0142o znakiem\u201d (por. \u0141k 2, 34). Jego przyj\u015bcie na \u015bwiat sprawi\u0142o, \u017ce cisza betlejemskiej nocy zosta\u0142a zamieniona w rado\u015b\u0107, kt\u00f3ra nie zamyka si\u0119 jedynie w tamtym wydarzeniu. Jest rado\u015bci\u0105 dnia dzisiejszego i b\u0119dzie budowa\u0107 nasz\u0105 przysz\u0142o\u015b\u0107. Odwieczny B\u00f3g wkroczy\u0142 w histori\u0119, by pozosta\u0107 z nami do ko\u0144ca \u015bwiata i dlatego mo\u017cemy powtarza\u0107 za \u015bw. Bed\u0105 \u201edzisiaj i ka\u017cdego dnia a\u017c do ko\u0144ca wiek\u00f3w Pan b\u0119dzie ustawicznie poczynany w Nazarecie i rodzony w Betlejem\u201d. To tam, pomi\u0119dzy tymi dwoma miastami S\u0142owo da\u0142o pocz\u0105tek: nowym czasom, nowemu cz\u0142owiekowi i dobrej nowinie, a ka\u017cdy, kto Je przyjmuje, otrzymuje moc stania si\u0119 dzieckiem Bo\u017cym (por. J 1,12) \u2013 to jest or\u0119dzie p\u0142yn\u0105ce z Betlejem!<\/h3>\n<h3 style=\"text-align: justify;\">Niespokojne ludzkie serce ci\u0105gle szuka Przedziwnego Doradcy, Boga Mocnego, Odwiecznego Ojca, Ksi\u0119cia Pokoju (por. Iz 9, 5). Gdzie jest Jego panowanie? Nie znajdziemy Jego panowania tam, gdzie jest przemoc, si\u0142a i wojna.\u00a0 Jego w\u0142adza nie jest z tego \u015bwiata i odnosi si\u0119 do leczenia ludzkich ran, podnoszenia naszej natury na wy\u017cyny ducha oraz budowania pokoju z Bogiem i lud\u017ami. Takiego dzia\u0142ania do\u015bwiadcza ka\u017cdy z nas, szczeg\u00f3lnie w czasie Bo\u017cego Narodzenia. Jako Polacy mamy szczeg\u00f3lne zobowi\u0105zanie, by Bogu wy\u015bpiewa\u0107 uroczyste <em>Te Deum. <\/em>Nowy rok, kt\u00f3ry rozpoczniemy za kilka dni, b\u0119dzie dla nas w pierwszym rz\u0119dzie czasem wdzi\u0119czno\u015bci za wielkiego, \u015bwi\u0119tego Polaka \u2013 \u015bw. Stanis\u0142awa Kostk\u0119. B\u0119dzie to te\u017c czas wdzi\u0119czno\u015bci za dar niepodleg\u0142o\u015bci, jaki otrzymali\u015bmy w 1918 roku. Rozpoczynamy wielkie narodowe \u015bwi\u0119towanie odrodzenia si\u0119 naszej Ojczyzny, kt\u00f3re dla w\u0105tpi\u0105cych by\u0142o wynikiem zbiegu okoliczno\u015bci i okre\u015blonej sytuacji politycznej \u2013 dla wierz\u0105cych darem niebios i owocem modlitwy kilku pokole\u0144.<\/h3>\n<h3 style=\"text-align: justify;\">\u00a0\u00a0 Bo\u017ce Narodzenie jest przypomnieniem, \u017ce odkupienie cz\u0142owieka dokona\u0142o si\u0119 w s\u0142abo\u015bci narodzonego Dzieci\u0119cia. Pozorna niemoc niemowl\u0119cia sprawi\u0142a, \u017ce ka\u017cdy, kto kroczy w ciemno\u015bciach mo\u017ce ujrze\u0107 \u015bwiat\u0142o\u015b\u0107 wielk\u0105 (por. Iz 9,1). Jest to mo\u017cliwe tylko wtedy, gdy wiara w Syna Bo\u017cego stanie si\u0119 naszym codziennym pokarmem, a pragnienie adoracji Pana potrzeb\u0105 serca. Papie\u017c Benedykt XV powiedzia\u0142 o Polakach, \u017ce s\u0105 narodem, u kt\u00f3rego \u201ewiara zawsze zajmuje pierwsze miejsce: <em>Polonia semper fidelis<\/em>. Wiara naszego narodu i gotowo\u015b\u0107 do najwi\u0119kszego po\u015bwi\u0119cenia rodzi\u0142a nie tylko narodowych bohater\u00f3w i \u015bwi\u0119tych, ale dawa\u0142a niez\u0142omnych kap\u0142an\u00f3w \u2013 \u015bwiadk\u00f3w cudu betlejemskiej nocy. Nawet w mrokach niewoli Ojczyzny nie zabrak\u0142o odwa\u017cnych g\u0142osicieli Dobrej Nowiny.<\/h3>\n<h3 style=\"text-align: justify;\">Wiemy, \u017ce ogromn\u0105 rol\u0119 w podtrzymywaniu polsko\u015bci zawsze odgrywa\u0142 Ko\u015bci\u00f3\u0142. To dzi\u0119ki niemu \u015bwi\u0105tynie mog\u0142y by\u0107 oaz\u0105, gdzie smakowano wolno\u015bci w my\u015bleniu, a j\u0119zyk ojczysty brzmia\u0142 dumnie i odwa\u017cnie. Niestety, wielu ksi\u0119\u017cy, r\u00f3wnie\u017c z naszej diecezji, musia\u0142o za to zap\u0142aci\u0107 wysok\u0105 cen\u0119. Dzielili losy zes\u0142a\u0144c\u00f3w, byli wyrzucani ze swoich diecezji i parafii, sk\u0142adali swoje \u017cycie na o\u0142tarzu &#8211; jak dzisiejszy patron \u015bw. Szczepan. A kiedy sto lat temu odzyskano wolno\u015b\u0107, potrafili j\u0105 w pe\u0142ni zagospodarowa\u0107. W\u00f3wczas w naszej diecezji powsta\u0142y nowe budynki seminaryjne, Muzeum Diecezjalne, biblioteka. Nie zapomniano o sprawach spo\u0142ecznych, tworzono komitety pomocy g\u0142odnym, pomagano dzieciom robotnik\u00f3w. P\u0142ockie Seminarium ponownie sta\u0142o si\u0119 wa\u017cnym o\u015brodkiem, t\u0119tni\u0105cym modlitw\u0105, nauk\u0105 i prac\u0105.<\/h3>\n<h3 style=\"text-align: justify;\">Siostry i Bracia! Otrzymany dar wolno\u015bci wymaga nieustanej troski i czujno\u015bci. Przedwieczny Doradca, B\u00f3g Mocny, Ksi\u0105\u017ce Pokoju jest obecny w historii naszej Ojczyzny. Wchodzi w nasz\u0105 tera\u017aniejszo\u015b\u0107 ze Swoj\u0105 m\u0105dro\u015bci\u0105, moc\u0105 i pokojem. Zaprasza nas wszystkich do g\u0142oszenia Jego or\u0119dzia, a niekt\u00f3rych do szczeg\u00f3lnej blisko\u015bci. Jako Ko\u015bci\u00f3\u0142 mamy obowi\u0105zek by\u0107 wdzi\u0119czni Panu czas\u00f3w, za to, \u017ce daje nam moc wyrwania si\u0119 z niewoli grzechu i obdarza wolno\u015bci\u0105 ka\u017cdego z nas i nasz nar\u00f3d. Wdzi\u0119czno\u015b\u0107 za te dary znajduje sw\u00f3j wyraz mi\u0119dzy innymi w wychowaniu przysz\u0142ych kap\u0142an\u00f3w. Wychowawcy seminaryjni maj\u0105 \u015bwiadomo\u015b\u0107, \u017ce kap\u0142an troszcz\u0105cy si\u0119 o \u015bwi\u0119to\u015b\u0107 swoj\u0105 i powierzonych sobie wiernych, nadal powinien by\u0107 animatorem pami\u0119ci narodowej i gor\u0105cym or\u0119downikiem wychowania patriotycznego. Wiemy, \u017ce mi\u0142o\u015b\u0107 do Ojczyzny wyrastaj\u0105ca z ducha wiary, splata si\u0119 ze spo\u0142ecznym zaanga\u017cowaniem i dzia\u0142aniem na rzecz dobra wsp\u00f3lnego. Oby nigdy nie zabrak\u0142o kandydat\u00f3w do s\u0142u\u017cby kap\u0142a\u0144skiej, kt\u00f3rzy z oddaniem i po\u015bwi\u0119ceniem b\u0119d\u0105 realizowa\u0107 has\u0142o <em>\u201eBogu i Ojczy\u017anie!\u201d.<\/em><\/h3>\n<h3 style=\"text-align: justify;\">Siostry i Bracia! Pragn\u0119 serdecznie podzi\u0119kowa\u0107 za wszelkie wsparcie naszego Seminarium, kt\u00f3re wyros\u0142o na krwi i po\u015bwi\u0119ceniu wielu kap\u0142an\u00f3w. Jako wsp\u00f3lnota seminaryjna prosimy o gor\u0105c\u0105 modlitw\u0119 w intencji powo\u0142a\u0144. Przywo\u0142ujmy szczeg\u00f3lnie wstawiennictwa \u015bw. Stanis\u0142awa Kostki \u2013 patrona Polski, Diecezji P\u0142ockiej i naszego Seminarium; patrona dzieci i m\u0142odzie\u017cy, kt\u00f3rego Rok Jubileuszowy 450-lecia narodzin dla nieba wkr\u00f3tce rozpoczniemy. \u015aw. Stanis\u0142awie &#8211; m\u00f3dl si\u0119 za nami! Wstawiaj si\u0119 za polsk\u0105 m\u0142odzie\u017c\u0105, wypraszaj liczne i \u015bwi\u0119te powo\u0142ania do s\u0142u\u017cby kap\u0142a\u0144skiej. Dodawaj odwagi m\u0142odym, ucz ich gorliwo\u015bci i po\u015bwi\u0119cenia. Niech w naszych parafiach nie zabraknie ludzi dobrej woli, kt\u00f3rzy b\u0119d\u0105 z wiar\u0105 zanosili modlitwy, by <em>\u201ePan pos\u0142a\u0142 robotnik\u00f3w na \u017cniwo\u201d<\/em>. Niech Wasze codzienne poszukiwanie Nowonarodzonego i \u015bwiadectwo mi\u0142o\u015bci do Niego zach\u0119ci m\u0142odych do p\u00f3j\u015bcia kap\u0142a\u0144sk\u0105 drog\u0105. Niech Rok \u015bw. Stanis\u0142awa Kostki b\u0119dzie czasem odkrywania daru \u015bwi\u0119to\u015bci, warto\u015bci zawierzenia Bogu i rodzenia si\u0119 nowych powo\u0142a\u0144; niech b\u0119dzie czasem radosnego \u015bwi\u0119towania i dzi\u0119kczynienia za dar wolno\u015bci naszej Ojczyzny oraz czasem pokoju, zgody i wzajemnego szacunku mi\u0119dzy nami.<\/h3>\n<p>P\u0142ock, dnia 26 grudnia 2017 r.<\/p>\n<p><em>W \u015bwi\u0119to \u015bw. Szczepana, pierwszego m\u0119czennika<\/em><\/p>\n<p>&nbsp;<\/p>\n<p><em>Ks. Marek Jarosz<\/em><\/p>\n<p><em>Rektor WSD w P\u0142ocku<\/em><\/p>\n","protected":false},"excerpt":{"rendered":"<p>LIST REKTORA WY\u017bSZEGO SEMINARIUM DUCHOWNEGO W P\u0141OCKU NA DRUGI DZIE\u0143 \u015aWI\u0104T BO\u017bEGO NARODZENIA 2017 R. \u00a0Siostry i Bracia! \u201eNie b\u00f3jcie si\u0119! Oto zwiastuj\u0119 wam rado\u015b\u0107 wielk\u0105, kt\u00f3ra b\u0119dzie udzia\u0142em ca\u0142ego narodu: dzi\u015b w mie\u015bcie Dawida narodzi\u0142 si\u0119 wam Zbawiciel, kt\u00f3rym jest Mesjasz, Pan\u201d (\u0141k 2,10-11). W tych dniach wzrok naszej wiary kieruje si\u0119 w stron\u0119 &hellip; <\/p>\n<p><a class=\"more-link btn\" href=\"https:\/\/parafiasmardzewo.pl\/?p=4169\">Kontynuuj czytanie<\/a><\/p>\n","protected":false},"author":2,"featured_media":2134,"comment_status":"open","ping_status":"open","sticky":false,"template":"","format":"standard","meta":[],"categories":[6],"tags":[],"_links":{"self":[{"href":"https:\/\/parafiasmardzewo.pl\/index.php?rest_route=\/wp\/v2\/posts\/4169"}],"collection":[{"href":"https:\/\/parafiasmardzewo.pl\/index.php?rest_route=\/wp\/v2\/posts"}],"about":[{"href":"https:\/\/parafiasmardzewo.pl\/index.php?rest_route=\/wp\/v2\/types\/post"}],"author":[{"embeddable":true,"href":"https:\/\/parafiasmardzewo.pl\/index.php?rest_route=\/wp\/v2\/users\/2"}],"replies":[{"embeddable":true,"href":"https:\/\/parafiasmardzewo.pl\/index.php?rest_route=%2Fwp%2Fv2%2Fcomments&post=4169"}],"version-history":[{"count":1,"href":"https:\/\/parafiasmardzewo.pl\/index.php?rest_route=\/wp\/v2\/posts\/4169\/revisions"}],"predecessor-version":[{"id":4170,"href":"https:\/\/parafiasmardzewo.pl\/index.php?rest_route=\/wp\/v2\/posts\/4169\/revisions\/4170"}],"wp:featuredmedia":[{"embeddable":true,"href":"https:\/\/parafiasmardzewo.pl\/index.php?rest_route=\/wp\/v2\/media\/2134"}],"wp:attachment":[{"href":"https:\/\/parafiasmardzewo.pl\/index.php?rest_route=%2Fwp%2Fv2%2Fmedia&parent=4169"}],"wp:term":[{"taxonomy":"category","embeddable":true,"href":"https:\/\/parafiasmardzewo.pl\/index.php?rest_route=%2Fwp%2Fv2%2Fcategories&post=4169"},{"taxonomy":"post_tag","embeddable":true,"href":"https:\/\/parafiasmardzewo.pl\/index.php?rest_route=%2Fwp%2Fv2%2Ftags&post=4169"}],"curies":[{"name":"wp","href":"https:\/\/api.w.org\/{rel}","templated":true}]}}