{"id":4182,"date":"2017-12-30T21:48:29","date_gmt":"2017-12-30T20:48:29","guid":{"rendered":"http:\/\/parafiasmardzewo.pl\/?p=4182"},"modified":"2017-12-30T21:49:10","modified_gmt":"2017-12-30T20:49:10","slug":"komunikat-prezydium-konferencji-episkopatu-polski","status":"publish","type":"post","link":"https:\/\/parafiasmardzewo.pl\/?p=4182","title":{"rendered":"KOMUNIKAT PREZYDIUM KONFERENCJI EPISKOPATU POLSKI"},"content":{"rendered":"<p><strong>\u00a0 \u00a0 \u00a0 \u00a0 \u00a0 \u00a0 \u00a0 \u00a0 \u00a0 \u00a0 \u00a0 \u00a0 \u00a0<\/strong><\/p>\n<h3><strong>\u00a0\u00a0\u00a0\u00a0\u00a0\u00a0\u00a0\u00a0\u00a0\u00a0\u00a0\u00a0\u00a0\u00a0\u00a0\u00a0\u00a0\u00a0\u00a0\u00a0\u00a0\u00a0\u00a0\u00a0\u00a0\u00a0\u00a0\u00a0 Drodzy Bracia i Siostry!<\/strong><\/h3>\n<h3 style=\"text-align: justify;\">W czytaniach na dzisiejsze \u015awi\u0119to \u015awi\u0119tej Rodziny \u015bw. Pawe\u0142 Aposto\u0142 wymienia wiele cn\u00f3t, ale podkre\u015bla, \u017ce najwa\u017cniejsze jest, aby realizowa\u0107 je z mi\u0142o\u015bci\u0105, <strong>\u201ekt\u00f3ra jest wi\u0119zi\u0105 doskona\u0142o\u015bci\u201d.<\/strong> Dzisiaj chcemy, aby ta zasada wybrzmia\u0142a z ca\u0142\u0105 moc\u0105 i aby odnosi\u0142a si\u0119 ona do wszystkich: do dzieci zdrowych i do niepe\u0142nosprawnych, do os\u00f3b starszych i do chorych. Wszyscy oni zawsze powinni mie\u0107 miejsce w naszych rodzinach. Ka\u017cde dziecko potrzebuje mi\u0142o\u015bci. Dziecko pocz\u0119te, cho\u0107 rozwija si\u0119 w \u0142onie matki, nie jest w\u0142asno\u015bci\u0105 rodzic\u00f3w \u2013 jest powierzone ich trosce przez Boga. Niepe\u0142nosprawno\u015b\u0107 czy choroba zawsze pozostaje tajemnic\u0105, z kt\u00f3r\u0105 zmaga si\u0119 nasz umys\u0142 i nasza wiara. Cz\u0142owiek jednak nie ma prawa do decydowania o kresie \u017cycia na \u017cadnym jego etapie, gdy\u017c Panem \u017cycia i \u015bmierci jest tylko B\u00f3g! Wszyscy jeste\u015bmy powo\u0142ani do kochania i przyjmowania najs\u0142abszych, a nie do ich zabijania. Zar\u00f3wno wierz\u0105cy jak i niewierz\u0105cy s\u0105 wezwani do ochrony \u017cycia od pocz\u0119cia do naturalnej \u015bmierci. Nie mo\u017ce by\u0107 miejsca na zabijanie innych, a szczeg\u00f3lnie niepe\u0142nosprawnych i chorych dzieci! To nie jest kwestia tylko \u015bwiatopogl\u0105du czy religii, ale przede wszystkim nauki, kt\u00f3ra jednoznacznie wykazuje, \u017ce \u017cycie cz\u0142owieka rozpoczyna si\u0119 w momencie pocz\u0119cia. Niedawno do opinii publicznej dotar\u0142a wstrz\u0105saj\u0105ca informacja o aborcji dziecka w 24. tygodniu \u017cycia. Dziecko prze\u017cy\u0142o t\u0119 aborcj\u0119. Jednak, zamiast by\u0107 otoczone opiek\u0105, zosta\u0142o pozostawione samo sobie, aby zmar\u0142o i tak si\u0119 sta\u0142o. Takich nieludzkich praktyk jest w Polsce wi\u0119cej. Trzeba si\u0119 im zdecydowanie przeciwstawi\u0107! Nie wahajmy si\u0119 zabiera\u0107 g\u0142osu w imieniu tych, kt\u00f3rzy sami broni\u0107 si\u0119 jeszcze nie mog\u0105! Dramatyczny paradoks wsp\u00f3\u0142czesno\u015bci polega na tym, \u017ce wielu dzieciom, kt\u00f3re znajduj\u0105 si\u0119 dzi\u015b pod sercem matki, nie jest dane przyj\u015b\u0107 na \u015bwiat. W majestacie polskiego prawa s\u0105 one zabijane przed narodzeniem. Obecnie pozwala na to przepis ustawy umo\u017cliwiaj\u0105cy pozbawianie \u017cycia pocz\u0119tych dzieci w trzech przypadkach. Jednym z nich jest podejrzenie o nieuleczaln\u0105 chorob\u0119 lub niepe\u0142nosprawno\u015b\u0107. Jest to aborcja z przyczyn eugenicznych. Wed\u0142ug danych Ministerstwa Zdrowia z tego powodu wykonywanych jest 95 procent aborcji. W\u015br\u00f3d nich wi\u0119kszo\u015b\u0107 stanowi\u0105 dzieci z Zespo\u0142em Downa. Je\u015bli pozwolimy im si\u0119 narodzi\u0107, b\u0119d\u0105 \u017cy\u0107 w\u015br\u00f3d nas, rozwija\u0107 si\u0119 i\u00a0obdarowywa\u0107 nas sw\u0105 mi\u0142o\u015bci\u0105 i zaufaniem. Pomimo niepe\u0142nosprawno\u015bci mog\u0105 by\u0107 cennymi cz\u0142onkami spo\u0142eczno\u015bci, cho\u0107 zazwyczaj wymagaj\u0105 pomocy. G\u0142\u0119boko niemoralne jest prawo, oparte na przes\u0142ance eugenicznej, kt\u00f3re pozwala takich ludzi zabija\u0107!<\/h3>\n<h3 style=\"text-align: justify;\">W Sejmie czeka projekt ustawy <strong>\u201eZatrzymaj aborcj\u0119<\/strong>\u201d. Przewiduje on zniesienie mo\u017cliwo\u015bci aborcji eugenicznej. Polscy Biskupi popieraj\u0105 t\u0119 obywatelsk\u0105 inicjatyw\u0119 jako krok do pe\u0142nej ochrony \u017cycia i apeluj\u0105 do wszystkich ludzi dobrej woli o wyra\u017cenie jej swego poparcia. Apelujemy te\u017c do sumie\u0144 wszystkich pos\u0142\u00f3w i senator\u00f3w, maj\u0105c \u015bwiadomo\u015b\u0107, \u017ce to od nich zale\u017cy decyzja, czy ustawa ta zostanie przyj\u0119ta. Zwracamy si\u0119 do nich tym bardziej, gdy\u017c wiemy, \u017ce wi\u0119kszo\u015b\u0107 z nich deklaruje wiar\u0119 i wierno\u015b\u0107 warto\u015bciom chrze\u015bcija\u0144skim. Jeste\u015bmy przekonani, \u017ce parlamentarzy\u015bci postawi\u0105 warto\u015bci moralne ponad partyjnymi kalkulacjami! Powszechnie znane jest przywi\u0105zanie Polak\u00f3w do osoby \u015bw. Jana Paw\u0142a II. Dla zdecydowanej wi\u0119kszo\u015bci z nas jest on autorytetem. Sprawa obrony \u017cycia by\u0142a jednym z\u00a0najwa\u017cniejszych w\u0105tk\u00f3w pontyfikatu Papie\u017ca Polaka. W 1999 r. w \u0141owiczu m\u00f3wi\u0142: <strong>\u201ezwracam si\u0119 do wszystkich ojc\u00f3w i matek mojej Ojczyzny i ca\u0142ego \u015bwiata, do wszystkich ludzi bez wyj\u0105tku: ka\u017cdy cz\u0142owiek pocz\u0119ty w \u0142onie matki ma prawo do \u017cycia!\u201d<\/strong>. Dajmy wi\u0119c \u015bwiadectwo wierno\u015bci nauczaniu naszego \u015bwi\u0119tego Rodaka i upomnijmy si\u0119 o\u00a0prawo do \u017cycia dla wszystkich pocz\u0119tych dzieci! Pami\u0119tajmy, \u017ce zamiast aborcji zawsze istnieje mo\u017cliwo\u015b\u0107 oddania dziecka do adopcji.<\/h3>\n<h3 style=\"text-align: justify;\">\u017bycz\u0105c wszystkim rodzinom, aby Rok Pa\u0144ski 2018 sta\u0142 si\u0119 okazj\u0105 do naszego \u015bwiadectwa mi\u0142o\u015bci do chorych i niepe\u0142nosprawnych dzieci, z serca wszystkim b\u0142ogos\u0142awimy.<\/h3>\n<p>Warszawa, dnia 31 grudnia 2017 roku<\/p>\n<p><em>\u2020 Stanis\u0142aw G\u0105decki<br \/>\nArcybiskup Metropolita Pozna\u0144ski<br \/>\nPrzewodnicz\u0105cy Konferencji Episkopatu Polski<\/em><\/p>\n<p><em>\u2020 Marek J\u0119draszewski<br \/>\nArcybiskup Metropolita Krakowski<br \/>\nWiceprzewodnicz\u0105cy<br \/>\nKonferencji Episkopatu Polski<\/em><\/p>\n<p><em>\u2020 Artur Mizi\u0144ski<br \/>\nSekretarz Generalny<br \/>\nKonferencji Episkopatu Polski<\/em><\/p>\n","protected":false},"excerpt":{"rendered":"<p>\u00a0 \u00a0 \u00a0 \u00a0 \u00a0 \u00a0 \u00a0 \u00a0 \u00a0 \u00a0 \u00a0 \u00a0 \u00a0 \u00a0\u00a0\u00a0\u00a0\u00a0\u00a0\u00a0\u00a0\u00a0\u00a0\u00a0\u00a0\u00a0\u00a0\u00a0\u00a0\u00a0\u00a0\u00a0\u00a0\u00a0\u00a0\u00a0\u00a0\u00a0\u00a0\u00a0\u00a0 Drodzy Bracia i Siostry! W czytaniach na dzisiejsze \u015awi\u0119to \u015awi\u0119tej Rodziny \u015bw. Pawe\u0142 Aposto\u0142 wymienia wiele cn\u00f3t, ale podkre\u015bla, \u017ce najwa\u017cniejsze jest, aby realizowa\u0107 je z mi\u0142o\u015bci\u0105, \u201ekt\u00f3ra jest wi\u0119zi\u0105 doskona\u0142o\u015bci\u201d. Dzisiaj chcemy, aby ta zasada wybrzmia\u0142a z ca\u0142\u0105 moc\u0105 i &hellip; <\/p>\n<p><a class=\"more-link btn\" href=\"https:\/\/parafiasmardzewo.pl\/?p=4182\">Kontynuuj czytanie<\/a><\/p>\n","protected":false},"author":2,"featured_media":0,"comment_status":"open","ping_status":"open","sticky":false,"template":"","format":"standard","meta":[],"categories":[6],"tags":[],"_links":{"self":[{"href":"https:\/\/parafiasmardzewo.pl\/index.php?rest_route=\/wp\/v2\/posts\/4182"}],"collection":[{"href":"https:\/\/parafiasmardzewo.pl\/index.php?rest_route=\/wp\/v2\/posts"}],"about":[{"href":"https:\/\/parafiasmardzewo.pl\/index.php?rest_route=\/wp\/v2\/types\/post"}],"author":[{"embeddable":true,"href":"https:\/\/parafiasmardzewo.pl\/index.php?rest_route=\/wp\/v2\/users\/2"}],"replies":[{"embeddable":true,"href":"https:\/\/parafiasmardzewo.pl\/index.php?rest_route=%2Fwp%2Fv2%2Fcomments&post=4182"}],"version-history":[{"count":2,"href":"https:\/\/parafiasmardzewo.pl\/index.php?rest_route=\/wp\/v2\/posts\/4182\/revisions"}],"predecessor-version":[{"id":4184,"href":"https:\/\/parafiasmardzewo.pl\/index.php?rest_route=\/wp\/v2\/posts\/4182\/revisions\/4184"}],"wp:attachment":[{"href":"https:\/\/parafiasmardzewo.pl\/index.php?rest_route=%2Fwp%2Fv2%2Fmedia&parent=4182"}],"wp:term":[{"taxonomy":"category","embeddable":true,"href":"https:\/\/parafiasmardzewo.pl\/index.php?rest_route=%2Fwp%2Fv2%2Fcategories&post=4182"},{"taxonomy":"post_tag","embeddable":true,"href":"https:\/\/parafiasmardzewo.pl\/index.php?rest_route=%2Fwp%2Fv2%2Ftags&post=4182"}],"curies":[{"name":"wp","href":"https:\/\/api.w.org\/{rel}","templated":true}]}}