{"id":4227,"date":"2018-01-15T17:39:12","date_gmt":"2018-01-15T16:39:12","guid":{"rendered":"http:\/\/parafiasmardzewo.pl\/?p=4227"},"modified":"2018-01-15T17:40:21","modified_gmt":"2018-01-15T16:40:21","slug":"list-episkopatu-polski-na-rok-swietego-stanislawa-kostki","status":"publish","type":"post","link":"https:\/\/parafiasmardzewo.pl\/?p=4227","title":{"rendered":"List Episkopatu Polski na Rok \u015awi\u0119tego Stanis\u0142awa Kostki"},"content":{"rendered":"<h3><strong>\u00a0 \u00a0 \u00a0 \u00a0 \u00a0 \u00a0 \u00a0 \u00a0 \u00a0 \u00a0 \u00a0 \u00a0 Umi\u0142owani w Panu Siostry i Bracia!<\/strong><\/h3>\n<h3 style=\"text-align: justify;\">Rok 2018 jest obchodzony w Ko\u015bciele w Polsce jako Rok \u015awi\u0119tego Stanis\u0142awa Kostki. Ten m\u0142ody polski szlachcic podobnie jak Samuel us\u0142ysza\u0142 Boga, wo\u0142aj\u0105cego go po imieniu. I jak Samuel odpowiedzia\u0142: \u201eM\u00f3w, Panie, bo s\u0142uga Tw\u00f3j s\u0142ucha!\u201d(1 Sm 3,9), a nast\u0119pnie z determinacj\u0105 poszed\u0142 pe\u0142ni\u0107 wol\u0119 Bo\u017c\u0105 wbrew wszelkim przeciwno\u015bciom. \u015awi\u0119tego Stanis\u0142awa Kostk\u0119 pragniemy zaprosi\u0107 dzisiaj, aby sta\u0142 si\u0119 patronem rozpocz\u0119tego w\u0142a\u015bnie nowego roku. O tym wyborze zdecydowa\u0142a zar\u00f3wno 450. rocznica jego \u015bmierci, jak i program duszpasterski Ko\u015bcio\u0142a w Polsce. Je\u015bli mamy w tym roku rozwa\u017ca\u0107 osob\u0119 i dary Ducha \u015awi\u0119tego dane w sakramencie bierzmowania, nie mo\u017ce by\u0107 lepszego patrona ni\u017c ten, kt\u00f3ry zosta\u0142 uzdolniony przez Ducha \u015awi\u0119tego do \u201em\u0119\u017cnego wyznawania wiary\u201d w dojrza\u0142y i niebanalny spos\u00f3b.<\/h3>\n<h3 style=\"text-align: justify;\">Ponad to wa\u017cnym motywem og\u0142oszenia roku 2018 Rokiem \u015awi\u0119tego Stanis\u0142awa Kostki jest tak\u017ce zwo\u0142any na pa\u017adziernik w Rzymie Synod Biskup\u00f3w, po\u015bwi\u0119cony m\u0142odzie\u017cy i rozeznawaniu powo\u0142ania. Dobre przygotowanie do tego Synodu jest wsp\u00f3lnym zadaniem dla duszpasterzy, rodzic\u00f3w i wychowawc\u00f3w a tak\u017ce m\u0142odzie\u017cy, kt\u00f3rej przez ca\u0142e stulecia patronowa\u0142 i nadal patronuje \u015bw. Stanis\u0142awa Kostka. W 100. rocznic\u0119 odzyskania niepodleg\u0142o\u015bci nie zapominajmy r\u00f3wnie\u017c, \u017ce ju\u017c w 1674 roku a wi\u0119c jeszcze przed kanonizacj\u0105 b\u0142. Stanis\u0142awa Kostki, papie\u017c Klemens X og\u0142osi\u0142 go patronem Korony Polskiej i Wielkiego Ksi\u0119stwa Litewskiego.<\/h3>\n<ol style=\"text-align: justify;\">\n<li>\n<h3><strong> Dla Boga i ojczyzny<\/strong><\/h3>\n<\/li>\n<\/ol>\n<h3 style=\"text-align: justify;\">\u015awi\u0119ty Stanis\u0142aw Kostka urodzi\u0142 si\u0119 w 1550 r. w Rostkowie na Mazowszu. Jego ojciec by\u0142 kasztelanem, a krewni zajmowali znacz\u0105ce stanowiska w Polsce Jagiellon\u00f3w i Waz\u00f3w. Wraz z bratem wys\u0142any zosta\u0142 do elitarnego kolegium jezuit\u00f3w w Wiedniu. Stanis\u0142aw szybko zrozumia\u0142, \u017ce nauka jest wst\u0119pem do \u015bwiadomego podejmowania s\u0142u\u017cby Ko\u015bcio\u0142owi i spo\u0142ecze\u0144stwu. Zapisano, \u017ce uczy\u0142 si\u0119, \u201eaby podoba\u0107 si\u0119 Bogu i ludziom [&#8230;], a w przysz\u0142o\u015bci ojczy\u017anie i sobie samemu przynie\u015b\u0107 korzy\u015b\u0107\u201d. To pierwsza lekcja, jak\u0105 otrzymujemy dzisiaj od \u015bw. Stanis\u0142awa Kostki.<\/h3>\n<ol style=\"text-align: justify;\" start=\"2\">\n<li>\n<h3><strong> Ad maiora natus sum \u2013Do wy\u017cszych rzeczy zosta\u0142em stworzony\u00a0\u00a0<\/strong><\/h3>\n<\/li>\n<\/ol>\n<h3 style=\"text-align: justify;\">Drug\u0105 lekcj\u0105, jak\u0105 daje nam od \u015bw. Stanis\u0142aw, jest pobo\u017cno\u015b\u0107. By\u0142a to pobo\u017cno\u015b\u0107, kt\u00f3ra wymaga\u0142a swoistego m\u0119stwa. Mimo i\u017c spotyka\u0142 si\u0119 z brakiem zrozumienia, w \u015brodowisku koleg\u00f3w nie wstydzi\u0142 si\u0119 modlitwy i medytacji.\u00a0 Powtarza\u0142, \u017ce \u201etrzeba wi\u0119cej podoba\u0107 si\u0119 Bogu, ni\u017c bratu\u201d. Wychowany w kulturze renesansu, za swoj\u0105 \u017cyciow\u0105 dewiz\u0119 obra\u0142 wyznanie: \u201eDo wy\u017cszych rzeczy zosta\u0142em stworzony i dla nich winienem \u017cy\u0107\u201d Ad maiora natus sum. Nie by\u0142o w tych s\u0142owach pychy ani pogardy dla tego, co ma\u0142e ale \u015bwiadomo\u015b\u0107 godno\u015bci cz\u0142owieka i t\u0119sknota za tym, co \u015bwi\u0119te i doskona\u0142e.<\/h3>\n<h3 style=\"text-align: justify;\">Ucz\u0105c si\u0119 w Wiedniu, Stanis\u0142aw mieszka\u0142 na stancji w domu\u00a0 nale\u017c\u0105cym do protestanta. By\u0142y to czasy szczeg\u00f3lnych napi\u0119\u0107 pomi\u0119dzy protestantami a katolikami b\u0119d\u0105ce skutkami reformacji. Stanis\u0142aw z b\u00f3lem dostrzega\u0142, jak negowana jest prawda o Eucharystii i kult Matki Bo\u017cej. Im wi\u0119cej jednak widzia\u0142 nadu\u017cy\u0107, tym bardziej tajemnice te stawa\u0142y si\u0119 mu drogie.<\/h3>\n<h3 style=\"text-align: justify;\">St\u0105d wyp\u0142ywa trzecia lekcja \u015bw. Stanis\u0142awa na dzisiejsze czasy: wezwanie do wiernego trwania przy katolickiej prawdzie \u017cycia, nawet w\u00f3wczas, gdy ca\u0142y \u015bwiat wok\u00f3\u0142 pr\u00f3buje jej zaprzeczy\u0107. M\u0119stwo nie polega na zbrojnej walce czy traktowaniu innych jako nieprzyjaci\u00f3\u0142, ale na tym, \u017ce my sami pozostajemy wierni i pomagamy innym w trwaniu w wierno\u015bci. Z im wi\u0119ksz\u0105 oboj\u0119tno\u015bci\u0105 lub nienawi\u015bci\u0105 spotyka si\u0119 chrze\u015bcija\u0144ska mi\u0142o\u015b\u0107 i prawda, tym gorliwiej powinni\u015bmy nimi \u017cy\u0107.<\/h3>\n<ol style=\"text-align: justify;\" start=\"3\">\n<li>\n<h3><strong> Wierno\u015b\u0107 powo\u0142aniu<\/strong><\/h3>\n<\/li>\n<\/ol>\n<h3 style=\"text-align: justify;\">Decyzja Stanis\u0142awa o wst\u0105pieniu do zakonu jezuit\u00f3w spotka\u0142a si\u0119 z ostrym sprzeciwem jego rodzic\u00f3w. Uwa\u017cali, \u017ce maj\u0105 lepszy pomys\u0142 na jego \u017cycie. Niestety, takie postawy nie nale\u017c\u0105 do rzadko\u015bci tak\u017ce i dzi\u015b. Stanis\u0142aw odkry\u0142 powo\u0142anie i chcia\u0142 na nie odpowiedzie\u0107 za wszelk\u0105 cen\u0119. Potrafi\u0142 walczy\u0107 o realizacj\u0119 woli Bo\u017cej w swoim \u017cyciu. Rozumia\u0142, \u017ce kiedy musi wybiera\u0107 mi\u0119dzy wol\u0105 rodzic\u00f3w, presj\u0105 \u015brodowiska a wol\u0105 Boga, powinien s\u0142ucha\u0107 Boga. Ten siedemnastoletni ch\u0142opak opu\u015bci\u0142 Wiede\u0144, przeszed\u0142 pieszo ponad 600 km, \u017ceby wreszcie spe\u0142ni\u0107 swoje marzenie i dotrze\u0107 do Dylingi w Bawarii, do prze\u0142o\u017conego jezuit\u00f3w i tam wst\u0105pi\u0107 do zakonu. Dylinga okaza\u0142a si\u0119 dla niego jednak trudnym do\u015bwiadczeniem. Nikt bowiem nie wita\u0142 go tam z otwartymi ramionami. Przyj\u0119to go na pr\u00f3b\u0119 i pos\u0142ano go do sprz\u0105tania pokoi oraz pomocy w kuchni. Stanis\u0142aw jednak zwyci\u0119\u017cy\u0142. Musia\u0142 zaimponowa\u0107 starszym braciom swoj\u0105 determinacj\u0105, skoro prze\u0142o\u017cony napisa\u0142 o nim: \u201eSpodziewam si\u0119 po nim rzeczy wielkich\u201d. Kolejna lekcja \u015bw. Stanis\u0142awa jest dla nas wezwaniem do sumiennego wykonywania obowi\u0105zk\u00f3w, czyli do tego, co Jezus nazywa \u201ewierno\u015bci\u0105 w rzeczach ma\u0142ych\u201d (por. Mt 25,21).<\/h3>\n<ol style=\"text-align: justify;\" start=\"4\">\n<li>\n<h3><strong> T\u0119sknota za niebem<\/strong><\/h3>\n<\/li>\n<\/ol>\n<h3 style=\"text-align: justify;\">Ostatnim etapem \u017cycia Stanis\u0142awa by\u0142 pobyt w Rzymie. Po dotarciu do Wiecznego Miasta by\u0142 szcz\u0119\u015bliwy, cho\u0107 nadal odbiera\u0142 od ojca listy pe\u0142ne gr\u00f3\u017ab. \u015aluby zakonne z\u0142o\u017cy\u0142 maj\u0105c 18 lat. Poruszony s\u0142owami rekolekcjonisty, \u017ce ka\u017cdy miesi\u0105c bracia winni sp\u0119dza\u0107 tak, jakby to by\u0142 ostatni miesi\u0105c w ich \u017cyciu, Stanis\u0142aw wyzna\u0142, \u017ce ma przed sob\u0105 tylko jeden miesi\u0105c \u017cycia. We wspomnienie \u015bw. Wawrzy\u0144ca \u2013 10 sierpnia \u2013 napisa\u0142 list do Matki Bo\u017cej z pro\u015bb\u0105 o wyjednanie mu \u0142aski \u015bmierci w \u015bwi\u0119to jej Wniebowzi\u0119cia. Jeszcze tego samego dnia zachorowa\u0142, a 15 sierpnia 1568 r. zmar\u0142. To jeszcze jedna lekcja dla nas: jak t\u0119skni\u0107 za niebem i jak \u017cy\u0107 tu i teraz, by \u017cy\u0107 w wieczno\u015bci. Rozumia\u0142 to doskonale Cyprian Kamil Norwid, gdy wpatrzony w rzymski gr\u00f3b \u015bw. Stanis\u0142awa, pisa\u0142:<\/h3>\n<h3 style=\"text-align: justify;\">\u201eA ty si\u0119 odwa\u017c \u015bwi\u0119tym stan\u0105\u0107 Pana<\/h3>\n<h3 style=\"text-align: justify;\">A ty si\u0119 odwa\u017c stan\u0105\u0107 jeden sam<\/h3>\n<h3 style=\"text-align: justify;\">By\u0107 \u015bwi\u0119tym &#8211; to nie zl\u0119k\u0142y powsta\u0107 z wschodem<\/h3>\n<h3 style=\"text-align: justify;\">To ogromnym by\u0107, przytomnym by\u0107!\u201d<\/h3>\n<h3 style=\"text-align: justify;\">(C.K. Norwid: \u201eA ty si\u0119 odwa\u017c\u201d)<\/h3>\n<ol style=\"text-align: justify;\" start=\"5\">\n<li>\n<h3><strong> \u201eKostka\u201d znaczy \u201ewi\u0119cej\u201d<\/strong><\/h3>\n<\/li>\n<\/ol>\n<h3 style=\"text-align: justify;\">Oto prawdziwe wezwanie na ten rok dla Was, M\u0142odzi Przyjaciele, Rodzice i Wychowawcy: \u201eKostka\u201d znaczy \u201ewi\u0119cej!\u201d \u017byj\u0105c w XXI wieku nie powt\u00f3rzymy dok\u0142adnie czyn\u00f3w \u015bw. Stanis\u0142awa Kostki. Naszym zadaniem jest raczej zrozumienie ducha tego \u015bwi\u0119tego, kt\u00f3ry nie da\u0142 si\u0119 zwie\u015b\u0107 mira\u017cowi wygodnego \u017cycia, zabezpieczonego maj\u0105tkiem rodzic\u00f3w. Mia\u0142 odwag\u0119 przeciwstawi\u0107 si\u0119 panuj\u0105cym modom i naciskom grupy. Nie chcia\u0142 ani imponowa\u0107, ani uczyni\u0107 z \u017cycia jednej wielkiej rozrywki. By\u0142 siln\u0105 osobowo\u015bci\u0105, mia\u0142 swoj\u0105 klas\u0119 i styl. Do ko\u0144ca zachowa\u0142 wolno\u015b\u0107. To nie by\u0142 m\u0142ody cz\u0142owiek, kt\u00f3ry nie wie, po co \u017cyje, jest znudzony i apatyczny, \u017c\u0105daj\u0105cy od innych, a nie daj\u0105cy nic z siebie. Nie pozwala\u0142 sobie na eksperymenty w poszukiwaniu szcz\u0119\u015bcia. Wiedzia\u0142, \u017ce ten \u015bwiat nie zaspokoi jego t\u0119sknot, \u017ce pr\u0119dzej czy p\u00f3\u017aniej poczu\u0142by si\u0119 w nim oszukany lub zawiedziony. Wiedzia\u0142, \u017ce charakter &#8211; to nie tylko sprawa dziedziczenia cech po przodkach, nie tylko wp\u0142yw \u015brodowiska, ale rzetelna praca nad sob\u0105. Wiedzia\u0142 te\u017c, \u017ce stawa\u0107 si\u0119 dojrza\u0142ym cz\u0142owiekiem, to podejmowa\u0107 trud rozwoju. Nie by\u0142 mi\u0119czakiem, kt\u00f3ry m\u00f3wi: taki ju\u017c jestem, a z\u0142o usprawiedliwia s\u0142abo\u015bci\u0105, obwinia innych, oskar\u017ca warunki i histori\u0119. By\u0142 czujnym ogrodnikiem wyrywaj\u0105cym chwasty s\u0142abo\u015bci i grzechu, aby wyros\u0142y pi\u0119kne kwiaty i owoce. Uwierzy\u0142 w mi\u0142o\u015b\u0107 Boga i ca\u0142ym sob\u0105 na ni\u0105 odpowiedzia\u0142.<\/h3>\n<ol style=\"text-align: justify;\" start=\"6\">\n<li>\n<h3><strong> Zaproszenie<\/strong><\/h3>\n<\/li>\n<\/ol>\n<h3 style=\"text-align: justify;\">Niech prze\u017cywany zatem w tym duchu Rok \u015awi\u0119tego Stanis\u0142awa Kostki stanie si\u0119 czasem, w kt\u00f3rym b\u0119dziemy od siebie wi\u0119cej wymaga\u0107. Mo\u017ce to by\u0107 zerwanie z lenistwem duchowym i intelektualnym, zerwanie z na\u0142ogiem, zachowanie trze\u017awo\u015bci, modlitwa za nauczyciela lub ksi\u0119dza, adopcja dziecka pocz\u0119tego albo post w konkretnej intencji. Zapraszamy Was r\u00f3wnie\u017c \u2013 na poziomie parafii, duszpasterstw, ruch\u00f3w, seminari\u00f3w i zgromadze\u0144 zakonnych \u2013 do pog\u0142\u0119biania refleksji na temat \u017cycia \u015bw. Stanis\u0142awa i wyzwa\u0144 stoj\u0105cych przed m\u0142odymi katolikami w Polsce.<\/h3>\n<h3 style=\"text-align: justify;\">Bierzcie przyk\u0142ad ze \u015bw. Stanis\u0142awa Kostki, przygotowuj\u0105c si\u0119 do sakramentu bierzmowania. Apelujcie wraz z nami do ludzi kultury i \u015brodk\u00f3w spo\u0142ecznego przekazu, aby przez ciekawe filmy, przedstawienia teatralne, audycje i inne formy przekazu przywracali pami\u0119\u0107 o Stanis\u0142awie. Pielgrzymujcie do Rostkowa \u2013 miejsca jego narodzin i do Przasnysza \u2013 miejsca jego chrztu, a tak\u017ce do katedry p\u0142ockiej z jej pi\u0119knym o\u0142tarzem tego \u015bwi\u0119tego oraz grobowcami w\u0142adc\u00f3w Polski i Mazowsza. M\u0142odzi mobilizujcie waszych rodzic\u00f3w i duszpasterzy, by nie bali si\u0119 wymaga\u0107 od was i od siebie \u201erzeczy wi\u0119kszych\u201d.<\/h3>\n<h3 style=\"text-align: justify;\">Z serca Wam b\u0142ogos\u0142awimy na ca\u0142y rok 2018, kt\u00f3ry b\u0119dziemy prze\u017cywa\u0107 razem z \u015bw. Stanis\u0142awem Kostk\u0105, patronem dzieci i m\u0142odzie\u017cy.<\/h3>\n<p>Podpisali:<\/p>\n<p><em>Pasterze Ko\u015bcio\u0142a w Polsce<br \/>\nobecni na 377. Zebraniu Plenarnym KEP<br \/>\nw Lublinie, w dniu 14 pa\u017adziernika 2017 r.<\/em><\/p>\n","protected":false},"excerpt":{"rendered":"<p>\u00a0 \u00a0 \u00a0 \u00a0 \u00a0 \u00a0 \u00a0 \u00a0 \u00a0 \u00a0 \u00a0 \u00a0 Umi\u0142owani w Panu Siostry i Bracia! Rok 2018 jest obchodzony w Ko\u015bciele w Polsce jako Rok \u015awi\u0119tego Stanis\u0142awa Kostki. Ten m\u0142ody polski szlachcic podobnie jak Samuel us\u0142ysza\u0142 Boga, wo\u0142aj\u0105cego go po imieniu. I jak Samuel odpowiedzia\u0142: \u201eM\u00f3w, Panie, bo s\u0142uga Tw\u00f3j s\u0142ucha!\u201d(1 Sm &hellip; <\/p>\n<p><a class=\"more-link btn\" href=\"https:\/\/parafiasmardzewo.pl\/?p=4227\">Kontynuuj czytanie<\/a><\/p>\n","protected":false},"author":2,"featured_media":0,"comment_status":"open","ping_status":"open","sticky":false,"template":"","format":"standard","meta":[],"categories":[6],"tags":[],"_links":{"self":[{"href":"https:\/\/parafiasmardzewo.pl\/index.php?rest_route=\/wp\/v2\/posts\/4227"}],"collection":[{"href":"https:\/\/parafiasmardzewo.pl\/index.php?rest_route=\/wp\/v2\/posts"}],"about":[{"href":"https:\/\/parafiasmardzewo.pl\/index.php?rest_route=\/wp\/v2\/types\/post"}],"author":[{"embeddable":true,"href":"https:\/\/parafiasmardzewo.pl\/index.php?rest_route=\/wp\/v2\/users\/2"}],"replies":[{"embeddable":true,"href":"https:\/\/parafiasmardzewo.pl\/index.php?rest_route=%2Fwp%2Fv2%2Fcomments&post=4227"}],"version-history":[{"count":3,"href":"https:\/\/parafiasmardzewo.pl\/index.php?rest_route=\/wp\/v2\/posts\/4227\/revisions"}],"predecessor-version":[{"id":4230,"href":"https:\/\/parafiasmardzewo.pl\/index.php?rest_route=\/wp\/v2\/posts\/4227\/revisions\/4230"}],"wp:attachment":[{"href":"https:\/\/parafiasmardzewo.pl\/index.php?rest_route=%2Fwp%2Fv2%2Fmedia&parent=4227"}],"wp:term":[{"taxonomy":"category","embeddable":true,"href":"https:\/\/parafiasmardzewo.pl\/index.php?rest_route=%2Fwp%2Fv2%2Fcategories&post=4227"},{"taxonomy":"post_tag","embeddable":true,"href":"https:\/\/parafiasmardzewo.pl\/index.php?rest_route=%2Fwp%2Fv2%2Ftags&post=4227"}],"curies":[{"name":"wp","href":"https:\/\/api.w.org\/{rel}","templated":true}]}}