{"id":4272,"date":"2018-02-09T20:43:34","date_gmt":"2018-02-09T19:43:34","guid":{"rendered":"http:\/\/parafiasmardzewo.pl\/?p=4272"},"modified":"2018-02-10T21:01:07","modified_gmt":"2018-02-10T20:01:07","slug":"dekret-2","status":"publish","type":"post","link":"https:\/\/parafiasmardzewo.pl\/?p=4272","title":{"rendered":"ROK \u015aW. STANIS\u0141AWA KOSTKI"},"content":{"rendered":"<h3 style=\"text-align: justify;\">I. W\u00a0 zwi\u0105zku z\u00a0 obchodzonym Rokiem \u015bw. Stanis\u0142awa Kostki, kieruj\u0105c si\u0119\u00a0duchowym dobrem wiernych, powo\u0142uj\u0105c si\u0119 na\u00a0dekrety Penitencjarii\u00a0Apostolskiej z\u00a0dnia\u00a01 grudnia\u00a02017 r., ustanawiam miejsca \u015bwi\u0119te, w\u00a0kt\u00f3rych\u00a0wierni mog\u0105 uzyska\u0107 odpust zupe\u0142ny przez nawiedzenie, indywidualne lub\u00a0w\u00a0grupie pielgrzymkowej, w\u00a0czasie trwania Roku \u015bw. Stanis\u0142awa Kostki (od\u00a01<br \/>\nstycznia do\u00a031 grudnia\u00a02018 r.)<\/h3>\n<h3><strong>Do tych\u00a0<\/strong><strong>miejsc nale\u017c\u0105:\u00a0<\/strong><strong>Sanktuarium \u015bw. Stanis\u0142awa Kostki w Rostkowie, Bazylika Katedralna w P\u0142ocku i m. in.\u00a0<span style=\"color: #ff0000;\">Ko\u015bci\u00f3\u0142 parafii \u015bw. Stanis\u0142awa Kostki w Smardzewie.<\/span>\u00a0<\/strong><\/h3>\n<h3>II. Do\u00a0uzyskania odpustu podczas nawiedzenia ko\u015bcio\u0142a lub kaplicy wymagane<br \/>\ns\u0105:<\/h3>\n<ul style=\"text-align: justify;\">\n<li>\n<h3>uczestnictwo we Mszy \u015bw. lub nabo\u017ce\u0144stwie ku czci \u015bw. Stanis\u0142awa Kostki lub modlitwa do\u00a0Boga przed\u00a0obrazem \u015bw. Stanis\u0142awa Kostki zako\u0144czona: Modlitw\u0105 Pa\u0144sk\u0105, Wyznaniem Wiary i\u00a0wezwaniami do\u00a0NMP i\u00a0\u015bw. Stanis\u0142awa Kostki. Trzeba jednak:<\/h3>\n<\/li>\n<li>\n<h3>by\u0107 w stanie \u0142aski u\u015bwi\u0119caj\u0105cej,<\/h3>\n<\/li>\n<li>\n<h3>nie mie\u0107 przywi\u0105zania do\u00a0jakiegokolwiek grzechu,<\/h3>\n<\/li>\n<li>\n<h3>przyj\u0105\u0107 Komuni\u0119 \u015bw.,<\/h3>\n<\/li>\n<li>\n<h3>pomodli\u0107 si\u0119 w\u00a0intencjach Ojca \u015awi\u0119tego, jako wyraz jedno\u015bci z\u00a0Ko\u015bcio\u0142em.<\/h3>\n<\/li>\n<\/ul>\n<h3 style=\"text-align: justify;\">III. Odpust zupe\u0142ny mo\u017cna uzyska\u0107 jeden raz dziennie pod\u00a0warunkami wy\u017cej wymienionymi ofiaruj\u0105c go w\u00a0intencji w\u0142asnej lub za\u00a0zmar\u0142ych.<\/h3>\n<h3 style=\"text-align: justify;\">IV. Wierni, kt\u00f3rzy z\u00a0powodu staro\u015bci lub powa\u017cnej choroby nie mog\u0105 opuszcza\u0107\u00a0domu, mog\u0105 r\u00f3wnie\u017c otrzyma\u0107 odpust zupe\u0142ny w\u00a0Roku \u015bw. Stanis\u0142awa Kostki\u00a0pod\u00a0zwyk\u0142ymi warunkami, je\u015bli tylko maj\u0105 intencj\u0119 otrzymania odpustu i\u00a0je\u015bli\u00a0duchowo \u0142\u0105cz\u0105 si\u0119 w\u00a0prze\u017cywaniu nabo\u017ce\u0144stw jubileuszowych ofiaruj\u0105c swoje<br \/>\nmodlitwy i\u00a0cierpienia mi\u0142osiernemu Bogu.<\/h3>\n<h4>\u2020 Piotr Libera &#8211; Biskup P\u0142ocki<\/h4>\n<h4>P\u0142ock, dnia\u00a027 grudnia\u00a02017 r<\/h4>\n","protected":false},"excerpt":{"rendered":"<p>I. W\u00a0 zwi\u0105zku z\u00a0 obchodzonym Rokiem \u015bw. Stanis\u0142awa Kostki, kieruj\u0105c si\u0119\u00a0duchowym dobrem wiernych, powo\u0142uj\u0105c si\u0119 na\u00a0dekrety Penitencjarii\u00a0Apostolskiej z\u00a0dnia\u00a01 grudnia\u00a02017 r., ustanawiam miejsca \u015bwi\u0119te, w\u00a0kt\u00f3rych\u00a0wierni mog\u0105 uzyska\u0107 odpust zupe\u0142ny przez nawiedzenie, indywidualne lub\u00a0w\u00a0grupie pielgrzymkowej, w\u00a0czasie trwania Roku \u015bw. Stanis\u0142awa Kostki (od\u00a01 stycznia do\u00a031 grudnia\u00a02018 r.) Do tych\u00a0miejsc nale\u017c\u0105:\u00a0Sanktuarium \u015bw. Stanis\u0142awa Kostki w Rostkowie, Bazylika Katedralna w &hellip; <\/p>\n<p><a class=\"more-link btn\" href=\"https:\/\/parafiasmardzewo.pl\/?p=4272\">Kontynuuj czytanie<\/a><\/p>\n","protected":false},"author":1,"featured_media":4273,"comment_status":"open","ping_status":"open","sticky":false,"template":"","format":"standard","meta":[],"categories":[6],"tags":[],"_links":{"self":[{"href":"https:\/\/parafiasmardzewo.pl\/index.php?rest_route=\/wp\/v2\/posts\/4272"}],"collection":[{"href":"https:\/\/parafiasmardzewo.pl\/index.php?rest_route=\/wp\/v2\/posts"}],"about":[{"href":"https:\/\/parafiasmardzewo.pl\/index.php?rest_route=\/wp\/v2\/types\/post"}],"author":[{"embeddable":true,"href":"https:\/\/parafiasmardzewo.pl\/index.php?rest_route=\/wp\/v2\/users\/1"}],"replies":[{"embeddable":true,"href":"https:\/\/parafiasmardzewo.pl\/index.php?rest_route=%2Fwp%2Fv2%2Fcomments&post=4272"}],"version-history":[{"count":8,"href":"https:\/\/parafiasmardzewo.pl\/index.php?rest_route=\/wp\/v2\/posts\/4272\/revisions"}],"predecessor-version":[{"id":4291,"href":"https:\/\/parafiasmardzewo.pl\/index.php?rest_route=\/wp\/v2\/posts\/4272\/revisions\/4291"}],"wp:featuredmedia":[{"embeddable":true,"href":"https:\/\/parafiasmardzewo.pl\/index.php?rest_route=\/wp\/v2\/media\/4273"}],"wp:attachment":[{"href":"https:\/\/parafiasmardzewo.pl\/index.php?rest_route=%2Fwp%2Fv2%2Fmedia&parent=4272"}],"wp:term":[{"taxonomy":"category","embeddable":true,"href":"https:\/\/parafiasmardzewo.pl\/index.php?rest_route=%2Fwp%2Fv2%2Fcategories&post=4272"},{"taxonomy":"post_tag","embeddable":true,"href":"https:\/\/parafiasmardzewo.pl\/index.php?rest_route=%2Fwp%2Fv2%2Ftags&post=4272"}],"curies":[{"name":"wp","href":"https:\/\/api.w.org\/{rel}","templated":true}]}}