{"id":4314,"date":"2018-02-24T14:24:31","date_gmt":"2018-02-24T13:24:31","guid":{"rendered":"http:\/\/parafiasmardzewo.pl\/?p=4314"},"modified":"2021-12-29T21:23:42","modified_gmt":"2021-12-29T20:23:42","slug":"list-do-parafian-i-wszystkich-czcicieli-matki-bozej-smardzewskiej","status":"publish","type":"post","link":"https:\/\/parafiasmardzewo.pl\/?p=4314","title":{"rendered":"List do Parafian i Wszystkich Czcicieli Matki Bo\u017cej Smardzewskiej"},"content":{"rendered":"<h3 style=\"text-align: center;\"><strong>List do Parafian i Wszystkich Czcicieli<\/strong><\/h3>\n<h3 style=\"text-align: center;\"><strong>Matki Bo\u017cej Smardzewskiej<\/strong><\/h3>\n<h3 style=\"text-align: justify;\"><strong>\u00a0 \u00a0<\/strong>Ponad 300 lat temu w Smardzewie \u2013 w\u00f3wczas ma\u0142ej wsi nale\u017c\u0105cej do parafii Sarbiewo \u2013 zbudowano drewnian\u0105 kaplic\u0119, w kt\u00f3rej umieszczono cudowny wizerunek Matki Bo\u017cej Smardzewskiej (kopi\u0119 cudownego wizerunku Matki Bo\u017cej Boche\u0144skiej). Od tamtego czasu smardzewianie i wierni z okolicznych miejscowo\u015bci oddawali cze\u015b\u0107 Maryi w Jej cudownym obrazie. \u015awiadcz\u0105 o tym liczne wota znajduj\u0105ce si\u0119 przy nim do dzi\u015b (wiele z nich zagin\u0119\u0142o w czasach wojennych). Jednym z najcenniejszych jest\u00a0 wotum ofiarowane w 1711 roku w pierwsz\u0105 niedziel\u0119 wrze\u015bnia przez bp. Ludwika Za\u0142uskiego, ordynariusza diecezji p\u0142ockiej, kt\u00f3ry przyby\u0142 w\u00f3wczas do Smardzewa, aby konsekrowa\u0107 w nim pierwszy ko\u015bci\u00f3\u0142. Podczas tej uroczysto\u015bci odda\u0142 pod opiek\u0119 Matki Bo\u017cej Smardzewskiej i Jej Syna p\u0142ock\u0105 diecezj\u0119, ca\u0142e Mazowsze i Rzeczpospolit\u0105. Od tamtego czasu Smardzewska Pani nawiedzana by\u0142a przez rzesze p\u0105tnik\u00f3w. Ko\u015bci\u00f3\u0142 jednak z biegiem lat niszcza\u0142. Dopiero w 1752 roku Teresa z Zieli\u0144skich Radzimi\u0144ska ufundowa\u0142a now\u0105, okaza\u0142\u0105 \u015bwi\u0105tyni\u0119 z modrzewiowego drewna. Konsekrowa\u0142 j\u0105 8 listopada 1772 roku bp Jan Dembowski, sufragan kujawski. Przetrwa\u0142a a\u017c do wybuchu pierwszej wojny \u015bwiatowej.<\/h3>\n<h3 style=\"text-align: justify;\">\u00a0 \u00a017 lipca 1915 roku wkroczy\u0142a do Smardzewa armia niemiecka, a wycofuj\u0105ce si\u0119 st\u0105d wojsko carskie (od 1815 roku diecezja p\u0142ocka by\u0142a pod zaborem rosyjskim) podpali\u0142o ko\u015bci\u00f3\u0142. Na szcz\u0119\u015bcie miejscowa dziedziczka Wiktoria Morawska zd\u0105\u017cy\u0142a z niego wynie\u015b\u0107 cudowny obraz, kt\u00f3ry czcimy do dnia dzisiejszego.<\/h3>\n<h3 style=\"text-align: justify;\">\u00a0 \u00a0Od 1930 roku trwa\u0142a w Smardzewie budowa murowanej \u015bwi\u0105tyni wed\u0142ug projektu architekt\u00f3w Jerzego Raczy\u0144skiego i Juliusza \u017bukowskiego. Dopiero w roku 1945, po wyzwoleniu Polski spod okupacji hitlerowskiej, smardzewianie uko\u0144czyli jej budow\u0119. Liczyli w\u00f3wczas na powstanie w Smardzewie parafii. Przeciwstawia\u0142y si\u0119 jednak temu w\u0142adze komunistyczne. 1 stycznia 1967 roku powsta\u0142 jedynie O\u015brodek Duszpasterski, do kt\u00f3rego oddelegowany by\u0142 wikariusz sarbiewski ks. Marian Pikus (zmar\u0142 10 maja 1968 roku). Jego nast\u0119pcami byli ksi\u0119\u017ca: Stanis\u0142aw Kowalczyk i Antoni Mami\u0144ski (na okres przej\u015bciowy) oraz\u00a0 Kazimierz Przyby\u0142owski, kt\u00f3ry zosta\u0142 pierwszym proboszczem erygowanej przez\u00a0 bp. Bogdana Sikorskiego \u2013 2 lutego 1980 roku \u2013 parafii pod wezwaniem \u015bw. Stanis\u0142awa Kostki. Nast\u0119pnymi gospodarzami parafii byli ksi\u0119\u017ca: J\u00f3zef B\u0142aszczak i Jan Koz\u0142owski. Obecnie proboszczem smardzewskim jest ni\u017cej podpisany ks. Henryk Dymek.<\/h3>\n<h3 style=\"text-align: justify;\">\u00a0 \u00a0Bardzo wa\u017cnym wydarzeniem w czasie trwania mojej pos\u0142ugi duszpasterskiej w smardzewskiej parafii by\u0142o ustanowienie przez obecnego ordynariusza p\u0142ockiego bp. Piotra Liber\u0119 \u2013 15 sierpnia 2011 roku \u2013 Diecezjalnego Sanktuarium Matki Bo\u017cej R\u00f3\u017ca\u0144cowej. Po czterech latach od tego wydarzenia zwr\u00f3ci\u0142em si\u0119 z pro\u015bb\u0105 do naszego Pasterza, aby ukoronowa\u0142 obraz Matki Bo\u017cej Smardzewskiej koronami papieskimi. Na pocz\u0105tku tego roku odni\u00f3s\u0142 si\u0119 do mojej pro\u015bby z aprobat\u0105. Uroczysto\u015b\u0107 koronacyjna ma si\u0119 odby\u0107 \u2013 15 sierpnia 2019 roku.<\/h3>\n<h3 style=\"text-align: justify;\"><strong>\u00a0 \u00a0D<\/strong>rodzy Parafianie i Czciciele Smardzewskiej Pani! Bardzo si\u0119 cieszymy, oczekuj\u0105c na koronacj\u0119 Maryi w Jej cudownym\u00a0 obrazie. Czujemy si\u0119 r\u00f3wnie\u017c\u00a0\u00a0 zobowi\u0105zani, aby si\u0119 do uroczysto\u015bci koronacyjnych odpowiednio przygotowa\u0107 \u2013 pod wzgl\u0119dem organizacyjnym, duszpasterskim, a nade wszytko\u00a0 duchowym.\u00a0 Aby owocnie prze\u017cy\u0107 t\u0119 wyj\u0105tkow\u0105 uroczysto\u015b\u0107, proponuj\u0119 m.in.:\u00a0 * W ka\u017cd\u0105 pierwsz\u0105 niedziel\u0119 miesi\u0105ca, po ka\u017cdej Mszy \u015bwi\u0119tej, b\u0119dziemy modli\u0107 si\u0119 o dobre owoce koronacji wizerunku Matki Bo\u017cej Smardzewskiej.<\/h3>\n<ul style=\"text-align: justify;\">\n<li>\n<h3>W drug\u0105 niedziel\u0119 miesi\u0105ca przed sum\u0105 b\u0119dziemy modli\u0107 si\u0119 na r\u00f3\u017ca\u0144cu w intencji parafian i pielgrzym\u00f3w przybywaj\u0105cych do naszego sanktuarium w ci\u0105gu roku. R\u00f3\u017caniec b\u0119d\u0105 odmawia\u0142y cz\u0142onkinie parafialnych k\u00f3\u0142 r\u00f3\u017ca\u0144cowych, ale zach\u0119cam wszystkich parafian, aby w\u0142\u0105czyli si\u0119 do tej modlitwy. Pierwszy R\u00f3\u017caniec (11 marca) poprowadz\u0105 cz\u0142onkinie ko\u0142a r\u00f3\u017ca\u0144cowego z Koliszewa.<\/h3>\n<\/li>\n<li>\n<h3>W \u015brody i soboty b\u0119dziemy odmawia\u0107 R\u00f3\u017caniec po Mszy \u015bwi\u0119tej; przynajmniej dwie tajemnice przed obrazem Matki Bo\u017cej \u2013 jeden dziesi\u0105tek w intencji pielgrzym\u00f3w, a drugi w intencji dzieci i m\u0142odzie\u017cy naszej diecezji. Szczeg\u00f3lnie w te dni b\u0119dziemy modli\u0107 si\u0119 o powo\u0142ania kap\u0142a\u0144skie do Seminarium Duchownego w P\u0142ocku.<\/h3>\n<\/li>\n<li>\n<h3>O owocne prze\u017cycie koronacji obrazu Smardzewskiej Pani b\u0119dziemy modli\u0107 si\u0119 r\u00f3wnie\u017c w czasie nabo\u017ce\u0144stw: pasyjnych (Droga Krzy\u017cowa, Gorzkie \u017bale), majowych i fatimskich.<\/h3>\n<\/li>\n<li>\n<h3>Jest przygotowana <strong><em>Ksi\u0119ga Dar\u00f3w Duchowych<\/em><\/strong>, w kt\u00f3rej parafianie i pielgrzymi mog\u0105 wpisywa\u0107 swoje postanowienia jako dary duchowe dla Matki Bo\u017cej. Przyk\u0142adowo: <em>Postanawiam pojedna\u0107 si\u0119 z kim\u015b bliskim z mojej rodziny, s\u0105siadem, koleg\u0105 czy kole\u017cank\u0105 z pracy. Postanawiam uwolni\u0107 si\u0119 od uzale\u017cnienia (od alkoholu, innych substancji psychoaktywnych, internetu, od ogl\u0105dania pornografii czy\u00a0 hazardowego grania).<\/em> <em>Postanawiam lepiej wykonywa\u0107 moje obowi\u0105zki wobec rodziny (rodzic\u00f3w, m\u0119\u017ca, \u017cony, matki, ojca). Zobowi\u0105zuj\u0119 si\u0119 do modlitwy w intencji: Ko\u015bcio\u0142a, Ojczyzny, misji \u015bwi\u0119tych, powo\u0142a\u0144 do kap\u0142a\u0144stwa i \u017cycia zakonnego itp.\u00a0 Postanawiam co najmniej raz w tygodniu przeczyta\u0107 fragment Pisma \u015awi\u0119tego czy artyku\u0142 z prasy katolickiej. <\/em>Mo\u017cna te\u017c zrobi\u0107 postanowienie modlitwy za zmar\u0142ych: rodzic\u00f3w, bliskich czy dalszych krewnych i znajomych.<\/h3>\n<\/li>\n<\/ul>\n<h3 style=\"text-align: justify;\">Do <em>Ksi\u0119gi Dar\u00f3w Duchowych<\/em>\u00a0 mo\u017cna wpisa\u0107 si\u0119 osobi\u015bcie lub przes\u0142a\u0107 postanowienia na adres e-mail: henryk.dym@op.pl<\/h3>\n<h3 style=\"text-align: justify;\">\u00a0 \u00a0Opr\u00f3cz\u00a0 wspomnianych dar\u00f3w duchowych mo\u017cna z\u0142o\u017cy\u0107 cho\u0107by niewielk\u0105 ofiar\u0119 pieni\u0119\u017cn\u0105 na koron\u0119 \u2013 kt\u00f3r\u0105 b\u0119dzie koronowany obraz Smardzewskiej Pani \u2013 i na potrzeby zwi\u0105zane z organizacj\u0105 naszego diecezjalnego \u015bwi\u0119ta. Osobom, kt\u00f3re ju\u017c z\u0142o\u017cy\u0142y ofiar\u0119 na ten cel, sk\u0142adam serdeczne B\u00f3g zap\u0142a\u0107.<\/h3>\n<h3 style=\"text-align: justify; padding-left: 60px;\"><em><strong>Dlaczego koronujemy obrazy Matki Bo\u017cej i \u015bwi\u0119tych?<\/strong><\/em><\/h3>\n<h3 style=\"text-align: justify;\">\u00a0 \u00a0Koronacje Maryjnych obraz\u00f3w (tak\u017ce figur) s\u0105 jednym z licznych przejaw\u00f3w czci wzgl\u0119dem Matki Naj\u015bwi\u0119tszej i Dzieci\u0105tka Jezus. Wyros\u0142y one z g\u0142\u0119bokiej wiary i pobo\u017cno\u015bci wiernych, kt\u00f3rzy pragn\u0105 w ten spos\u00f3b wyrazi\u0107 prawd\u0119, \u017ce Maryja jest Kr\u00f3low\u0105,\u00a0 poniewa\u017c jest Matk\u0105 Chrystusa Kr\u00f3la. Ju\u017c w pierwszych wiekach chrze\u015bcija\u0144stwa ukazywano posta\u0107 Maryi w kr\u00f3lewskiej koronie. Arty\u015bci cz\u0119sto przedstawiali Matk\u0119 Bo\u017c\u0105 siedz\u0105c\u0105 na kr\u00f3lewskim tronie, ozdobion\u0105 insygniami w\u0142adzy kr\u00f3lewskiej, otoczon\u0105 orszakiem Anio\u0142\u00f3w i \u015awi\u0119tych. Na Zachodzie dopiero od ko\u0144ca XVI wieku pobo\u017cni chrze\u015bcijanie \u2013 duchowni i \u015bwieccy \u2013 zacz\u0119li szerzy\u0107 zwyczaj koronowania wizerunk\u00f3w Naj\u015bwi\u0119tszej Maryi Panny. W Polsce za\u015b pierwsza uroczysta koronacja koronami papieskimi (na mocy pozwolenia Kapitu\u0142y Watyka\u0144skiej) mia\u0142a miejsce 8 wrze\u015bnia 1717 roku na Jasnej G\u00f3rze, kiedy to ukoronowano obraz Matki Bo\u017cej Cz\u0119stochowskiej.<\/h3>\n<h3 style=\"text-align: justify;\">\u00a0 \u00a0Obecne przepisy odnosz\u0105ce si\u0119 do koronowania wizerunk\u00f3w Matki Naj\u015bwi\u0119tszej podkre\u015blaj\u0105, \u017ce koronowane mog\u0105 by\u0107 tylko obrazy \u201e\u0142askami s\u0142yn\u0105ce\u201d, kt\u00f3rych\u00a0 miejsca, gdzie s\u0105 czczone, sta\u0142y si\u0119 o\u015brodkami kultu liturgicznego, szko\u0142\u0105 prawdziwej pobo\u017cno\u015bci i chrze\u015bcija\u0144skiej gorliwo\u015bci. Obrz\u0119du koronacji dokonuje z regu\u0142y biskup diecezjalny, ale w odniesieniu do obraz\u00f3w w o\u015brodkach o du\u017cym znaczeniu ko\u015bcielnym, narodowym czy regionalnym, mo\u017ce by\u0107 dokonana koronacja \u201ew imieniu i powag\u0105 papie\u017ca\u201d. Akt ten \u015bwiadczy o randze danego wizerunku i sanktuarium. Ukoronowanie drogocennym diademem obrazu Maryjnego to tak\u017ce uznanie Stolicy Apostolskiej, \u017ce cze\u015b\u0107 oddawana Maryi w znaku tego obrazu jest zgodna z nauczaniem Magisterium Ko\u015bcio\u0142a i stanowi wyraz kultu katolickiego.<\/h3>\n<h3 style=\"text-align: justify;\">\u00a0 \u00a0Matka Bo\u017ca Smardzewska i Jezus, kt\u00f3rego Ona trzyma na r\u0119kach, maj\u0105 ju\u017c korony. Zostan\u0105 one odnowione, ponownie poz\u0142ocone, a nad obrazem zostanie umieszczona jeszcze jedna korona, kt\u00f3ra w czasie planowanej uroczysto\u015bci zostanie pob\u0142ogos\u0142awiona i po\u015bwi\u0119cona. Wszystkich Parafian i P\u0105tnik\u00f3w, kt\u00f3rzy przybywaj\u0105 do naszego sanktuarium polecam opiece i wstawiennictwu Smardzewskiej Pani.<\/h3>\n<hr \/>\n<h5 style=\"text-align: rigth;\"><strong>Proboszcz i kustosz Sanktuarium<br \/>\nMatki Bo\u017cej R\u00f3\u017ca\u0144cowej<br \/>\nKs. Henryk Dymek<\/strong><\/h5>\n<h5 style=\"text-align: right;\">Smardzewo, Popielec<br \/>14 lutego 2018 roku<\/h5>\n","protected":false},"excerpt":{"rendered":"<p>List do Parafian i Wszystkich Czcicieli Matki Bo\u017cej Smardzewskiej \u00a0 \u00a0Ponad 300 lat temu w Smardzewie \u2013 w\u00f3wczas ma\u0142ej wsi nale\u017c\u0105cej do parafii Sarbiewo \u2013 zbudowano drewnian\u0105 kaplic\u0119, w kt\u00f3rej umieszczono cudowny wizerunek Matki Bo\u017cej Smardzewskiej (kopi\u0119 cudownego wizerunku Matki Bo\u017cej Boche\u0144skiej). Od tamtego czasu smardzewianie i wierni z okolicznych miejscowo\u015bci oddawali cze\u015b\u0107 Maryi w &hellip; <\/p>\n<p><a class=\"more-link btn\" href=\"https:\/\/parafiasmardzewo.pl\/?p=4314\">Kontynuuj czytanie<\/a><\/p>\n","protected":false},"author":2,"featured_media":1790,"comment_status":"open","ping_status":"open","sticky":false,"template":"","format":"standard","meta":[],"categories":[6],"tags":[],"_links":{"self":[{"href":"https:\/\/parafiasmardzewo.pl\/index.php?rest_route=\/wp\/v2\/posts\/4314"}],"collection":[{"href":"https:\/\/parafiasmardzewo.pl\/index.php?rest_route=\/wp\/v2\/posts"}],"about":[{"href":"https:\/\/parafiasmardzewo.pl\/index.php?rest_route=\/wp\/v2\/types\/post"}],"author":[{"embeddable":true,"href":"https:\/\/parafiasmardzewo.pl\/index.php?rest_route=\/wp\/v2\/users\/2"}],"replies":[{"embeddable":true,"href":"https:\/\/parafiasmardzewo.pl\/index.php?rest_route=%2Fwp%2Fv2%2Fcomments&post=4314"}],"version-history":[{"count":21,"href":"https:\/\/parafiasmardzewo.pl\/index.php?rest_route=\/wp\/v2\/posts\/4314\/revisions"}],"predecessor-version":[{"id":4339,"href":"https:\/\/parafiasmardzewo.pl\/index.php?rest_route=\/wp\/v2\/posts\/4314\/revisions\/4339"}],"wp:featuredmedia":[{"embeddable":true,"href":"https:\/\/parafiasmardzewo.pl\/index.php?rest_route=\/wp\/v2\/media\/1790"}],"wp:attachment":[{"href":"https:\/\/parafiasmardzewo.pl\/index.php?rest_route=%2Fwp%2Fv2%2Fmedia&parent=4314"}],"wp:term":[{"taxonomy":"category","embeddable":true,"href":"https:\/\/parafiasmardzewo.pl\/index.php?rest_route=%2Fwp%2Fv2%2Fcategories&post=4314"},{"taxonomy":"post_tag","embeddable":true,"href":"https:\/\/parafiasmardzewo.pl\/index.php?rest_route=%2Fwp%2Fv2%2Ftags&post=4314"}],"curies":[{"name":"wp","href":"https:\/\/api.w.org\/{rel}","templated":true}]}}