{"id":4357,"date":"2018-03-10T18:46:40","date_gmt":"2018-03-10T17:46:40","guid":{"rendered":"http:\/\/parafiasmardzewo.pl\/?p=4357"},"modified":"2018-03-10T18:54:35","modified_gmt":"2018-03-10T17:54:35","slug":"program-rekolekcji-wielkopostnych-w-dniach-16-18-iii-2018","status":"publish","type":"post","link":"https:\/\/parafiasmardzewo.pl\/?p=4357","title":{"rendered":"PROGRAM REKOLEKCJI WIELKOPOSTNYCH W DNIACH 16 &#8211; 18 III 2018"},"content":{"rendered":"<h3><strong><span style=\"color: #ff0000;\">Pi\u0105tek \u2013<span style=\"color: #0000ff;\"> 16<\/span> marca<\/span><\/strong><\/h3>\n<h3>godz. 9.00 Msza \u015bw. z kazaniem dla ludzi starszych i chorych.<\/h3>\n<h3>godz. 11.00 Msza \u015bw. z udzia\u0142em dzieci.<\/h3>\n<h3>godz. 17.00 Droga krzy\u017cowa.<\/h3>\n<h3>godz. 17.30 Msza \u015bw. z kazaniem og\u00f3lnym.<\/h3>\n<h3><span style=\"color: #ff0000;\">\u00a0<strong>Sobota \u2013 <span style=\"color: #0000ff;\">17<\/span> marca<\/strong><\/span><\/h3>\n<h3>godz. 9.00 Msza \u015bw. z kazaniem og\u00f3lnym.<\/h3>\n<h3>godz. 11.00 Msza \u015bw. z udzia\u0142em dzieci.<\/h3>\n<h3>godz.17.00 Msza \u015bw. z kazaniem og\u00f3lnym; po Mszy \u015bw. nauka stanowa dla m\u0142odzie\u017cy ( kandydaci do bierzmowania)<\/h3>\n<h3><strong><span style=\"color: #ff0000;\">\u00a0Niedziela \u2013 <span style=\"color: #0000ff;\">18<\/span> marca<\/span><\/strong><\/h3>\n<h3>godz. 9.00 Msza \u015bw. z kazaniem og\u00f3lnym.<\/h3>\n<h3>godz. 10.45 Msza \u015bw. z kazaniem og\u00f3lnym.<\/h3>\n<h3>godz. 16.00 Msza \u015bwi\u0119ta z kazaniem og\u00f3lnym<\/h3>\n<h3><strong><em>Wyjazd do chorych w sobot\u0119 od godz. 14.00.\u00a0 \u00a0 \u00a0 \u00a0 \u00a0 \u00a0 \u00a0 \u00a0 \u00a0 \u00a0 \u00a0 \u00a0 \u00a0 \u00a0 \u00a0 \u00a0 \u00a0 \u00a0 \u00a0 \u00a0 \u00a0 \u00a0 \u00a0 \u00a0 \u00a0 \u00a0 \u00a0 \u00a0 \u00a0 \u00a0 \u00a0 \u00a0 \u00a0 \u00a0\u00a0<\/em><\/strong><strong><em>Spowied\u017a w pi\u0105tek i sobot\u0119 p\u00f3\u0142 godziny przed ka\u017cdym nabo\u017ce\u0144stwem.<\/em><\/strong><\/h3>\n<h3><span style=\"color: #ff0000;\"><strong><em>Przygotowanie mieszkania chorego na przybycie kap\u0142ana\u00a0<\/em><\/strong><\/span><\/h3>\n<ol>\n<li>\n<h3><em> St\u00f3\u0142 nakryty bia\u0142ym obrusem, a na nim postawiony krzy\u017c (pasyjka) i dwie zapalone \u015bwiece.<\/em><\/h3>\n<\/li>\n<li>\n<h3>Na stole umie\u015bci\u0107 naczynie z wod\u0105 \u015bwi\u0119con\u0105, kropid\u0142o, szklank\u0119 z wod\u0105 i \u0142y\u017ck\u0119.<\/h3>\n<\/li>\n<li>\n<h3><em> Na talerzyku po\u0142o\u017cy\u0107 sk\u00f3rk\u0119 chleba, odrobin\u0119 soli i kilka kulek waty.<\/em><\/h3>\n<\/li>\n<li>\n<h3><em> Je\u017celi kap\u0142an przybywa do chorego tylko z Komuni\u0105 \u015bw. wtedy na st\u00f3\u0142 nakryty bia\u0142ym obrusem, stawiamy krzy\u017c, obok dwie zapalone \u015bwiece i naczynie z wod\u0105 \u015bwi\u0119con\u0105 oraz kropid\u0142o.<\/em><\/h3>\n<\/li>\n<\/ol>\n<h3><em>\u00a0<\/em><em>Wszyscy domownicy (a nawet s\u0105siedzi) powinni wzi\u0105\u0107 udzia\u0142 w obrz\u0119dzie namaszczenia chorego. Po przybyciu kap\u0142ana z Naj\u015bwi\u0119tszym Sakramentem domownicy wychodz\u0105 z zapalonymi gromnicami (wskazany jest \u015bpiew pie\u015bni eucharystycznych) przed dom na powitanie Chrystusa Eucharystycznego.<\/em><\/h3>\n<h3><em>Kierowca wioz\u0105cy kap\u0142ana z Naj\u015bwi\u0119tszym Sakramentem powinien zachowa\u0107 milczenie (nie w\u0142\u0105cza\u0107 radia, nie pali\u0107 papieros\u00f3w)<\/em><\/h3>\n<h3><strong><em>Katolicy, kt\u00f3rzy zaniedbuj\u0105 wezwa\u0107 kap\u0142ana do chorego, pope\u0142niaj\u0105 grzech ci\u0119\u017cki, poniewa\u017c chorego nara\u017caj\u0105 na utrat\u0119 wiecznego zbawienia.<\/em><\/strong><\/h3>\n<h3><em>\u00a0<\/em><\/h3>\n","protected":false},"excerpt":{"rendered":"<p>Pi\u0105tek \u2013 16 marca godz. 9.00 Msza \u015bw. z kazaniem dla ludzi starszych i chorych. godz. 11.00 Msza \u015bw. z udzia\u0142em dzieci. godz. 17.00 Droga krzy\u017cowa. godz. 17.30 Msza \u015bw. z kazaniem og\u00f3lnym. \u00a0Sobota \u2013 17 marca godz. 9.00 Msza \u015bw. z kazaniem og\u00f3lnym. godz. 11.00 Msza \u015bw. z udzia\u0142em dzieci. godz.17.00 Msza \u015bw. z &hellip; <\/p>\n<p><a class=\"more-link btn\" href=\"https:\/\/parafiasmardzewo.pl\/?p=4357\">Kontynuuj czytanie<\/a><\/p>\n","protected":false},"author":2,"featured_media":3305,"comment_status":"open","ping_status":"open","sticky":false,"template":"","format":"standard","meta":[],"categories":[6],"tags":[],"_links":{"self":[{"href":"https:\/\/parafiasmardzewo.pl\/index.php?rest_route=\/wp\/v2\/posts\/4357"}],"collection":[{"href":"https:\/\/parafiasmardzewo.pl\/index.php?rest_route=\/wp\/v2\/posts"}],"about":[{"href":"https:\/\/parafiasmardzewo.pl\/index.php?rest_route=\/wp\/v2\/types\/post"}],"author":[{"embeddable":true,"href":"https:\/\/parafiasmardzewo.pl\/index.php?rest_route=\/wp\/v2\/users\/2"}],"replies":[{"embeddable":true,"href":"https:\/\/parafiasmardzewo.pl\/index.php?rest_route=%2Fwp%2Fv2%2Fcomments&post=4357"}],"version-history":[{"count":3,"href":"https:\/\/parafiasmardzewo.pl\/index.php?rest_route=\/wp\/v2\/posts\/4357\/revisions"}],"predecessor-version":[{"id":4360,"href":"https:\/\/parafiasmardzewo.pl\/index.php?rest_route=\/wp\/v2\/posts\/4357\/revisions\/4360"}],"wp:featuredmedia":[{"embeddable":true,"href":"https:\/\/parafiasmardzewo.pl\/index.php?rest_route=\/wp\/v2\/media\/3305"}],"wp:attachment":[{"href":"https:\/\/parafiasmardzewo.pl\/index.php?rest_route=%2Fwp%2Fv2%2Fmedia&parent=4357"}],"wp:term":[{"taxonomy":"category","embeddable":true,"href":"https:\/\/parafiasmardzewo.pl\/index.php?rest_route=%2Fwp%2Fv2%2Fcategories&post=4357"},{"taxonomy":"post_tag","embeddable":true,"href":"https:\/\/parafiasmardzewo.pl\/index.php?rest_route=%2Fwp%2Fv2%2Ftags&post=4357"}],"curies":[{"name":"wp","href":"https:\/\/api.w.org\/{rel}","templated":true}]}}