{"id":4546,"date":"2018-05-12T20:33:33","date_gmt":"2018-05-12T18:33:33","guid":{"rendered":"http:\/\/parafiasmardzewo.pl\/?p=4546"},"modified":"2018-05-21T20:22:02","modified_gmt":"2018-05-21T18:22:02","slug":"program-uroczystosci-odpustowych-w-smardzewie-19-21-maja-2018","status":"publish","type":"post","link":"https:\/\/parafiasmardzewo.pl\/?p=4546","title":{"rendered":"Program uroczysto\u015bci odpustowych w Smardzewie 19-21 maja 2018"},"content":{"rendered":"<h3><strong>19 maja (sobota)<\/strong><\/h3>\n<h3>20.30 \u2013 R\u00f3\u017caniec<\/h3>\n<h3>21.00 \u2013 Apel Jasnog\u00f3rski<\/h3>\n<h3><strong>20 maja (niedziela)<\/strong><\/h3>\n<h3>9.00 \u2013 Msza \u015bw. z kazaniem<\/h3>\n<h3>10.30 \u2013 Powitanie pielgrzym\u00f3w<\/h3>\n<h3>12.00 \u2013 Msza \u015bw. z kazaniem. Adoracja i procesja Eucharystyczna. B\u0142ogos\u0142awie\u0144stwo<\/h3>\n<h3>17.00 \u2013 Msza \u015bw. z kazaniem<\/h3>\n<h3><strong>21 maja (poniedzia\u0142ek)<\/strong><\/h3>\n<h3><strong><em>\u015awi\u0119to Naj\u015bwi\u0119tszej Maryi Panny \u2013 Matki Ko\u015bcio\u0142a<\/em><\/strong>.<\/h3>\n<h3>9.30\u00a0 &#8212;\u00a0 R\u00f3\u017caniec<\/h3>\n<h3>10.00 \u2013 Msza \u015bw. z kazaniem dla ludzi chorych i starszych. Namaszczenie chorych<\/h3>\n<h3>16.00 \u2013 Msza \u015bw. z kazaniem. Pielgrzymka z P\u0142o\u0144ska<\/h3>\n<h3><strong>\u00a0\u00a0\u00a0 13 maja\u00a0\u00a0\u00a0 <\/strong><\/h3>\n<h3>NABO\u017bE\u0143STWO FATIMSKIE \u2013 <strong>GODZ. 19.00<\/strong><\/h3>\n<h3>Msza \u015bwi\u0119ta z kazaniem<\/h3>\n<h3>R\u00f3\u017caniec z pro\u015bbami do Matki Bo\u017cej<\/h3>\n<h3>Procesja z Naj\u015bwi\u0119tszym Sakramentem<\/h3>\n<h3>i figur\u0105 Matki Bo\u017cej Fatimskiej<\/h3>\n<p>&nbsp;<\/p>\n","protected":false},"excerpt":{"rendered":"<p>19 maja (sobota) 20.30 \u2013 R\u00f3\u017caniec 21.00 \u2013 Apel Jasnog\u00f3rski 20 maja (niedziela) 9.00 \u2013 Msza \u015bw. z kazaniem 10.30 \u2013 Powitanie pielgrzym\u00f3w 12.00 \u2013 Msza \u015bw. z kazaniem. Adoracja i procesja Eucharystyczna. B\u0142ogos\u0142awie\u0144stwo 17.00 \u2013 Msza \u015bw. z kazaniem 21 maja (poniedzia\u0142ek) \u015awi\u0119to Naj\u015bwi\u0119tszej Maryi Panny \u2013 Matki Ko\u015bcio\u0142a. 9.30\u00a0 &#8212;\u00a0 R\u00f3\u017caniec 10.00 \u2013 &hellip; <\/p>\n<p><a class=\"more-link btn\" href=\"https:\/\/parafiasmardzewo.pl\/?p=4546\">Kontynuuj czytanie<\/a><\/p>\n","protected":false},"author":2,"featured_media":2012,"comment_status":"open","ping_status":"open","sticky":false,"template":"","format":"standard","meta":[],"categories":[6],"tags":[],"_links":{"self":[{"href":"https:\/\/parafiasmardzewo.pl\/index.php?rest_route=\/wp\/v2\/posts\/4546"}],"collection":[{"href":"https:\/\/parafiasmardzewo.pl\/index.php?rest_route=\/wp\/v2\/posts"}],"about":[{"href":"https:\/\/parafiasmardzewo.pl\/index.php?rest_route=\/wp\/v2\/types\/post"}],"author":[{"embeddable":true,"href":"https:\/\/parafiasmardzewo.pl\/index.php?rest_route=\/wp\/v2\/users\/2"}],"replies":[{"embeddable":true,"href":"https:\/\/parafiasmardzewo.pl\/index.php?rest_route=%2Fwp%2Fv2%2Fcomments&post=4546"}],"version-history":[{"count":1,"href":"https:\/\/parafiasmardzewo.pl\/index.php?rest_route=\/wp\/v2\/posts\/4546\/revisions"}],"predecessor-version":[{"id":4547,"href":"https:\/\/parafiasmardzewo.pl\/index.php?rest_route=\/wp\/v2\/posts\/4546\/revisions\/4547"}],"wp:featuredmedia":[{"embeddable":true,"href":"https:\/\/parafiasmardzewo.pl\/index.php?rest_route=\/wp\/v2\/media\/2012"}],"wp:attachment":[{"href":"https:\/\/parafiasmardzewo.pl\/index.php?rest_route=%2Fwp%2Fv2%2Fmedia&parent=4546"}],"wp:term":[{"taxonomy":"category","embeddable":true,"href":"https:\/\/parafiasmardzewo.pl\/index.php?rest_route=%2Fwp%2Fv2%2Fcategories&post=4546"},{"taxonomy":"post_tag","embeddable":true,"href":"https:\/\/parafiasmardzewo.pl\/index.php?rest_route=%2Fwp%2Fv2%2Ftags&post=4546"}],"curies":[{"name":"wp","href":"https:\/\/api.w.org\/{rel}","templated":true}]}}