{"id":4855,"date":"2018-07-28T22:04:01","date_gmt":"2018-07-28T20:04:01","guid":{"rendered":"http:\/\/parafiasmardzewo.pl\/?p=4855"},"modified":"2018-07-28T22:09:36","modified_gmt":"2018-07-28T20:09:36","slug":"zacheta-biskupa-plockiego-przed-wyruszeniem-37-pieszej-pielgrzymki-diecezji-plockiej-na-jasna-gore","status":"publish","type":"post","link":"https:\/\/parafiasmardzewo.pl\/?p=4855","title":{"rendered":"ZACH\u0118TA BISKUPA P\u0141OCKIEGO PRZED WYRUSZENIEM 37. PIESZEJ PIELGRZYMKI DIECEZJI P\u0141OCKIEJ NA JASN\u0104 G\u00d3R\u0118"},"content":{"rendered":"<h3 style=\"text-align: center;\">Umi\u0142owani Diecezjanie! Drodzy Jasnog\u00f3rscy Pielgrzymi!<\/h3>\n<h3 style=\"text-align: justify;\">\u00a0 \u00a0 Za\u00a0kilka tygodni, po\u00a0raz trzydziesty si\u00f3dmy wyruszy z\u00a0P\u0142ocka na\u00a0Jasn\u0105 G\u00f3r\u0119 Piesza Pielgrzymka Diecezji P\u0142ockiej. Ten rok obchodzimy jako Rok \u015bw. Stanis\u0142awa Kostki, w\u00a0zwi\u0105zku z\u00a0okr\u0105g\u0142\u0105\u00a0450. rocznic\u0105 jego \u015bmierci. W\u015br\u00f3d wielu ciekawych i\u00a0godnych na\u015bladowania cech \u015awi\u0119tego z\u00a0Rostkowa, warto zwr\u00f3ci\u0107 uwag\u0119 na\u00a0to, \u017ce jego \u017cyciu wa\u017cn\u0105 rol\u0119 odegra\u0142o piesze pielgrzymowanie. Aby osi\u0105gn\u0105\u0107 swoje \u017cyciowe cele i\u00a0marzenia, wyrusza\u0142 w\u00a0drog\u0119. Uczy nas Stanis\u0142aw, \u017ce do\u00a0osi\u0105gni\u0119cia pragnie\u0144 potrzeba nieraz du\u017cego wysi\u0142ku, tak\u017ce fizycznego, trzeba pokonania w\u0142asnych s\u0142abo\u015bci. Ta wspomniana cecha \u015bw. Stanis\u0142awa niech stanie si\u0119 zach\u0119t\u0105 do\u00a0podj\u0119cia trudu tegorocznego pielgrzymowania na\u00a0Jasn\u0105 G\u00f3r\u0119. Niech towarzyszy nam my\u015bl, \u017ce do\u00a0wielkich rzeczy w\u00a0\u017cyciu dochodzi si\u0119 przez wysi\u0142ek, trud, czasem b\u00f3l.<\/h3>\n<h3 style=\"text-align: justify;\">\u00a0 \u00a0Cieszy mnie, jako Biskupa P\u0142ockiego fakt, \u017ce co roku s\u0105 ch\u0119tni do\u00a0podejmowania dzie\u0142a pieszej w\u0119dr\u00f3wki. Wierz\u0119, \u017ce ten trud jest nagradzany duchowymi \u0142askami dla samych pielgrzym\u00f3w, ich rodzin i\u00a0ca\u0142ej diecezji. Mam nadziej\u0119, \u017ce przyk\u0142ad Pielgrzyma \u2013\u00a0\u015bwi\u0119tego Stanis\u0142awa, zach\u0119ci kolejnych ludzi, zw\u0142aszcza m\u0142odych, do\u00a0w\u0119dr\u00f3wki na\u00a0Jasn\u0105 G\u00f3r\u0119. Pielgrzymowanie do\u00a0naszego narodowego Sanktuarium to podr\u00f3\u017c do\u00a0Maryi, naszej Matki. B\u0119d\u0105 nam w\u00a0niej towarzyszy\u0142y relikwie \u015bw. Stanis\u0142awa Kostki, wielkiego czciciela Matki Bo\u017cej. Do\u00a0Niej mo\u017cna zanie\u015b\u0107 to wszystko, co jest w\u00a0naszych sercach \u2013\u00a0troski i\u00a0rado\u015bci \u2013\u00a0Jej zawierzy\u0107, Jej pozostawi\u0107. Pielgrzymka uczy zaufania, mi\u0142o\u015bci do\u00a0Matki Bo\u017cej.<\/h3>\n<h3 style=\"text-align: justify;\">\u00a0 \u00a0Nie l\u0119kajmy si\u0119 podj\u0105\u0107 tego duchowego i\u00a0fizycznego wysi\u0142ku. Wszystkim pielgrzymom w\u0119druj\u0105cym na\u00a0Jasn\u0105 G\u00f3r\u0119 oraz wspieraj\u0105cym ich pielgrzymom duchowym, udzielam z\u00a0serca pasterskiego b\u0142ogos\u0142awie\u0144stwa i\u00a0zapewniam o\u00a0mojej modlitwie.<\/h3>\n<h4 style=\"text-align: right;\">P\u0142ock, dnia\u00a011 czerwca\u00a02018 r.<\/h4>\n<h4 style=\"text-align: right;\">Wasz Biskup Piotr<\/h4>\n","protected":false},"excerpt":{"rendered":"<p>Umi\u0142owani Diecezjanie! Drodzy Jasnog\u00f3rscy Pielgrzymi! \u00a0 \u00a0 Za\u00a0kilka tygodni, po\u00a0raz trzydziesty si\u00f3dmy wyruszy z\u00a0P\u0142ocka na\u00a0Jasn\u0105 G\u00f3r\u0119 Piesza Pielgrzymka Diecezji P\u0142ockiej. Ten rok obchodzimy jako Rok \u015bw. Stanis\u0142awa Kostki, w\u00a0zwi\u0105zku z\u00a0okr\u0105g\u0142\u0105\u00a0450. rocznic\u0105 jego \u015bmierci. W\u015br\u00f3d wielu ciekawych i\u00a0godnych na\u015bladowania cech \u015awi\u0119tego z\u00a0Rostkowa, warto zwr\u00f3ci\u0107 uwag\u0119 na\u00a0to, \u017ce jego \u017cyciu wa\u017cn\u0105 rol\u0119 odegra\u0142o piesze pielgrzymowanie. Aby osi\u0105gn\u0105\u0107 &hellip; <\/p>\n<p><a class=\"more-link btn\" href=\"https:\/\/parafiasmardzewo.pl\/?p=4855\">Kontynuuj czytanie<\/a><\/p>\n","protected":false},"author":1,"featured_media":4856,"comment_status":"open","ping_status":"open","sticky":false,"template":"","format":"standard","meta":[],"categories":[6],"tags":[],"_links":{"self":[{"href":"https:\/\/parafiasmardzewo.pl\/index.php?rest_route=\/wp\/v2\/posts\/4855"}],"collection":[{"href":"https:\/\/parafiasmardzewo.pl\/index.php?rest_route=\/wp\/v2\/posts"}],"about":[{"href":"https:\/\/parafiasmardzewo.pl\/index.php?rest_route=\/wp\/v2\/types\/post"}],"author":[{"embeddable":true,"href":"https:\/\/parafiasmardzewo.pl\/index.php?rest_route=\/wp\/v2\/users\/1"}],"replies":[{"embeddable":true,"href":"https:\/\/parafiasmardzewo.pl\/index.php?rest_route=%2Fwp%2Fv2%2Fcomments&post=4855"}],"version-history":[{"count":6,"href":"https:\/\/parafiasmardzewo.pl\/index.php?rest_route=\/wp\/v2\/posts\/4855\/revisions"}],"predecessor-version":[{"id":4862,"href":"https:\/\/parafiasmardzewo.pl\/index.php?rest_route=\/wp\/v2\/posts\/4855\/revisions\/4862"}],"wp:featuredmedia":[{"embeddable":true,"href":"https:\/\/parafiasmardzewo.pl\/index.php?rest_route=\/wp\/v2\/media\/4856"}],"wp:attachment":[{"href":"https:\/\/parafiasmardzewo.pl\/index.php?rest_route=%2Fwp%2Fv2%2Fmedia&parent=4855"}],"wp:term":[{"taxonomy":"category","embeddable":true,"href":"https:\/\/parafiasmardzewo.pl\/index.php?rest_route=%2Fwp%2Fv2%2Fcategories&post=4855"},{"taxonomy":"post_tag","embeddable":true,"href":"https:\/\/parafiasmardzewo.pl\/index.php?rest_route=%2Fwp%2Fv2%2Ftags&post=4855"}],"curies":[{"name":"wp","href":"https:\/\/api.w.org\/{rel}","templated":true}]}}