{"id":5091,"date":"2018-09-15T19:44:43","date_gmt":"2018-09-15T17:44:43","guid":{"rendered":"http:\/\/parafiasmardzewo.pl\/?p=5091"},"modified":"2018-09-15T19:44:43","modified_gmt":"2018-09-15T17:44:43","slug":"list-biskupa-plockiego-prezentujacy-przeslanie-ii-synodu-mlodych-diecezji-plockiej","status":"publish","type":"post","link":"https:\/\/parafiasmardzewo.pl\/?p=5091","title":{"rendered":"LIST BISKUPA P\u0141OCKIEGO PREZENTUJ\u0104CY PRZES\u0141ANIE II SYNODU M\u0141ODYCH DIECEZJI P\u0141OCKIEJ"},"content":{"rendered":"<h4 style=\"text-align: center;\"><strong>\u201eB\u00d3G JEST ZAWSZE M\u0141ODY\u201d<\/strong><\/h4>\n<h4 style=\"text-align: left; padding-left: 30px;\">Siostry i Bracia w Chrystusie Panu,<\/h4>\n<h4 style=\"text-align: left; padding-left: 30px;\">Umi\u0142owani Diecezjanie!<\/h4>\n<h4><\/h4>\n<h4 style=\"text-align: justify;\">Pytanie Jezusa z dzisiejszej Ewangelii \u201eZa kogo mnie uwa\u017cacie?\u201d, stawia nasz Mistrz przez wieki wszystkim swoim wyznawcom. Oczekuje od nich nie tylko s\u0142ownych, nawet najpi\u0119kniejszych deklaracji, ale przede wszystkim na\u015bladowania Go i towarzyszenia Mu. Oczekuje wiary, nadziei i mi\u0142o\u015bci oraz oddania \u017cycia dla wsp\u00f3lnoty Ko\u015bcio\u0142a, kt\u00f3ry jest Jego mistycznym Cia\u0142em. Jestem przekonany, \u017ce tak patrzy na powo\u0142anie chrze\u015bcijanina m\u0142odzie\u017c naszej diecezji. 31 sierpnia i 1 wrze\u015bnia 2018 roku jej przedstawiciele spotkali si\u0119 w P\u0142ocku razem ze swym biskupem na II Synodzie M\u0142odych. Te dwa dni by\u0142y w celebrowanym przez nas Roku \u015bw. Stanis\u0142awa Kostki, prawdziwym \u015bwi\u0119tem wiary i m\u0142odo\u015bci. Pokaza\u0142y jak wa\u017cn\u0105 i wielk\u0105 rol\u0119 ma do spe\u0142nienia m\u0142oda wsp\u00f3lnota Ko\u015bcio\u0142a P\u0142ockiego. Podczas tego spotkania m\u0142odzie\u017c wraz z duszpasterzami wypracowa\u0142a \u201ePrzes\u0142anie II Synodu M\u0142odych\u201d. Ca\u0142y tekst tego wymagaj\u0105cego \u201ePrzes\u0142ania\u201d znajdziecie w mediach drukowanych i elektronicznych. Ja natomiast, dzie\u0144 po pielgrzymce dzieci i m\u0142odzie\u017cy do Rostkowa, w niedziel\u0119 otwieraj\u0105c\u0105 Triduum przed tegoroczn\u0105 uroczysto\u015bci\u0105 liturgiczn\u0105 \u015bw. Stanis\u0142awa Kostki, patrona naszej diecezji, przekazuj\u0119 Wam, Kochani Diecezjanie, g\u0142\u00f3wne w\u0105tki przes\u0142ania stanis\u0142awowego Synodu M\u0142odych:<\/h4>\n<div>\n<div class=\"textLayer\">\n<h4 style=\"text-align: justify;\"><strong>Przes\u0142anie II Synodu M\u0142odych Diecezji P\u0142ockiej<\/strong><\/h4>\n<h4 style=\"text-align: justify;\">\u00a7 1. \u201eB\u0119dziesz s\u0142ucha\u0142 g\u0142osu Pana, Boga twego, przestrzegaj\u0105c jego polece\u0144 i postanowie\u0144\u201d (Pwt 10,10). Wezwania S\u0142owa Bo\u017cego brzmi\u0105 przez wieki. W 450. rocznic\u0119 \u015bmierci \u015bw. Stanis\u0142awa Kostki, w 100. rocznic\u0119 odzyskania przez Polsk\u0119 niepodleg\u0142o\u015bci odpowiadamy na \u201eg\u0142os Pana\u201d, gromadz\u0105c si\u0119 na II Synodzie M\u0142odych Diecezji P\u0142ockiej. Pragniemy naszym biskupom, naszym kap\u0142anom, naszym r\u00f3wie\u015bnikom i wszystkim ludziom, kt\u00f3rzy podzielaj\u0105 nasz\u0105 trosk\u0119 o Ko\u015bci\u00f3\u0142, przekaza\u0107 przes\u0142anie zawieraj\u0105ce przemy\u015blenia i postulaty dotycz\u0105ce \u017cycia Ko\u015bcio\u0142a i duszpasterstwa m\u0142odzie\u017cy.<\/h4>\n<h4 style=\"text-align: justify;\"><strong>\u015awi\u0119ty Ko\u015bci\u00f3\u0142 \u2013 sakramenty i S\u0142owo Bo\u017ce<\/strong><\/h4>\n<h4 style=\"text-align: justify;\">\u00a7 2. Ewangelizacja naszych r\u00f3wie\u015bnik\u00f3w stanowi pierwsze i podstawowe wyzwanie. Wiara nie powinna opiera\u0107 si\u0119 przecie\u017c jedynie na przyzwyczajeniu czy nawet najlepszej tradycji. Powinna stanowi\u0107 \u015bwiadomy wyb\u00f3r, bo tylko wierz\u0105cy z wyboru mog\u0105 dalej sami \u015bwiadczy\u0107 \u017cyciem o prawdziwo\u015bci swoich przekona\u0144. W\u0142a\u015bciw\u0105 okazj\u0119 do po\u015bwi\u0119conego wierze wysi\u0142ku stanowi\u0105 rekolekcje. Rekolekcje szkolne powinny odbywa\u0107 si\u0119 w szko\u0142ach, a w czasie rekolekcji parafialnych nale\u017cy zapewni\u0107 specjalnego rekolekcjonist\u0119 pracuj\u0105cego z m\u0142odymi. Prosimy o rozpowszechnianie praktyki wyjazdowych rekolekcji poprzedzaj\u0105cych przyj\u0119cie sakramentu Bierzmowania. Wydaje si\u0119 to by\u0107 najskuteczniejszym sposobem przygotowania do niego.<\/h4>\n<div style=\"text-align: justify;\">\n<div>\u00a7 3. Msza \u015bw. jest centrum \u017cycia chrze\u015bcija\u0144skiego. Dla ka\u017cdego chrze\u015bcijanina powinna by\u0107 naturaln\u0105 cz\u0119\u015bci\u0105 prze\u017cywania niedzieli. Pragniemy, by duchowo\u015bci mszalnej i eucharystycznej uczyli nas rodzice, a kap\u0142ani ugruntowywali j\u0105 i poszerzali poprzez katechezy. \u017byjemy otoczeni ha\u0142asem, dlatego potrzebujemy Mszy \u015bw. jako miejsca i czasu ciszy i refleksji. Chcemy, by zaczyna\u0142o si\u0119 to ju\u017c przed Msz\u0105 \u015bw. i by w skupienie wprowadzali nas kap\u0142ani. Msze \u015bw. dla m\u0142odych stanowi\u0105 najbardziej oczywist\u0105 form\u0119 duszpasterstwa m\u0142odzie\u017cy, dlatego nale\u017cy nie tylko ich nie zaniedbywa\u0107, ale stara\u0107 si\u0119 o jak najstaranniejsze przygotowanie i godn\u0105 opraw\u0119 liturgiczn\u0105 i muzyczn\u0105, w kt\u00f3r\u0105 anga\u017cowa\u0107 si\u0119 b\u0119d\u0105 tak cz\u0142onkowie grup religijnych, jak i inni m\u0142odzi. Msza taka powinna by\u0107 sprawowana w dogodnych godzinach, najlepiej wieczornych. Przygotowuj\u0105cy j\u0105 powinni unika\u0107 skrajno\u015bci: bylejako\u015bci i rutyny z jednej strony, a dziwactwa i bezmy\u015blnego schlebiania duchowi \u015bwiecko\u015bci z drugiej. Istotn\u0105 cz\u0119\u015b\u0107 Mszy \u015bw. stanowi\u0105 kazania: chcemy kaza\u0144 kr\u00f3tkich, prostych, biblijnych, m\u00f3wionych poprawn\u0105 polszczyzn\u0105, zwi\u0105zanych z okre\u015blonymi tematami, przygotowanych starannie w dialogu z nami i w odpowiedzi na nasze pytania, w\u0105tpliwo\u015bci i potrzeby.<\/div>\n<div><\/div>\n<div>\u00a7 4. Spowied\u017a \u015bw. stanowi drugi, po Eucharystii, filar chrze\u015bcija\u0144skiego \u017cycia. Wierzymy, \u017ce Spowied\u017a \u015bw. musi odbywa\u0107 si\u0119 z zaanga\u017cowaniem po obu stronach, co znaczy, \u017ce penitent powinien m\u00f3c zadawa\u0107 pytania, a kap\u0142an musi by\u0107 zainteresowany sytuacj\u0105 penitenta i dok\u0142ada\u0107 wszelkich stara\u0144, by spotka\u0142 si\u0119 z Bogiem mi\u0142osiernym. Spowied\u017a \u015bw. powinna odbywa\u0107 si\u0119 przed Msz\u0105 \u015bw., a nie w jej trakcie, tak by unika\u0107 rozprosze\u0144. S\u0105dzimy, \u017ce u\u017cyteczne by\u0142oby og\u0142aszanie sta\u0142ych dy\u017cur\u00f3w spowiedniczych (okre\u015blaj\u0105cych godziny spowiadania i osob\u0119 spowiadaj\u0105cego), co pomaga\u0142oby w znajdowaniu sta\u0142ego spowiednika.<\/div>\n<div><\/div>\n<div>\u00a7 5. Temat katechezy szkolnej powraca przy ka\u017cdej dyskusji o stosunku m\u0142odych do religii. \u015awiadomi powagi i trudno\u015bci tego zagadnienia prosimy, by katecheci nie lekcewa\u017cyli katechezy, starannie przygotowywali si\u0119 do zaj\u0119\u0107 i solidnie je prowadzili. Swoje spotkania powinni skupia\u0107 na pracy ewangelizacyjnej. Apelujemy te\u017c o \u015bcis\u0142\u0105 wsp\u00f3\u0142prac\u0119 szko\u0142y i parafii \u2013 w tak nie\u0142atwych czasach trzeba ewangelizowa\u0107 i katechizowa\u0107 wszelkimi mo\u017cliwymi \u015brodkami.<\/div>\n<h4><strong>M\u00f3j Ko\u015bci\u00f3\u0142 \u2013 parafia<\/strong><\/h4>\n<h4>\u00a7 6. Ko\u015bcio\u0142em, kt\u00f3ry na co dzie\u0144 troszczy si\u0119 o nasz\u0105 relacj\u0119 z Bogiem \u2013 a przecie\u017c tak\u017ce Ko\u015bcio\u0142em, o kt\u00f3ry my powinni\u015bmy troszczy\u0107 si\u0119 na co dzie\u0144 \u2013 s\u0105 nasze wsp\u00f3lnoty parafialne. Chcemy, by m\u0142odzie\u017c mia\u0142a w nich swoje miejsce i sw\u00f3j g\u0142os. \u017byczyliby\u015bmy te\u017c sobie wi\u0119kszej przejrzysto\u015bci finansowej w dzia\u0142aniu parafii, usun\u0119\u0142oby to atmosfer\u0119 niejasno\u015bci i pomog\u0142o zdobywa\u0107 \u015brodki na duszpasterstwo m\u0142odzie\u017cy, kt\u00f3re nie jest przecie\u017c \u017ar\u00f3d\u0142em korzy\u015bci materialnych lecz przestrzeni\u0105 inwestowania tych \u015brodk\u00f3w. Chcemy te\u017c zaproponowa\u0107 naszym duszpasterzom r\u00f3\u017cne, bardziej szczeg\u00f3\u0142owe pomys\u0142y: wolontariat m\u0142odzie\u017cy do opieki nad ma\u0142ymi dzie\u0107mi w czasie Mszy \u015bw.; w\u0142\u0105czanie wiernych w liturgi\u0119 poprzez cz\u0119stsze procesje z darami, na przyk\u0142ad z udzia\u0142em os\u00f3b sk\u0142adaj\u0105cych si\u0119 na intencj\u0119 mszaln\u0105; inicjatywy integruj\u0105ce wsp\u00f3lnot\u0119 (np. dzielenie si\u0119 op\u0142atkiem przed pasterk\u0105); organizowanie szkole\u0144, podczas kt\u00f3rych ksi\u0119\u017ca b\u0119d\u0105 mogli zapozna\u0107 si\u0119 ze specyfik\u0105 r\u00f3\u017cnych organizacji i grup parafialnych, wreszcie dekanalne spotkania m\u0142odzie\u017cy. Te ostatnie, organizowane na przyk\u0142ad dwa razy w roku, pomog\u0142yby pozna\u0107 si\u0119 m\u0142odym, \u017cyj\u0105cym w s\u0105siednich parafiach.<\/h4>\n<h4>\u00a7 8. Od kap\u0142an\u00f3w \u2013 nie tylko od ich pracy, ale te\u017c od ich nastawienia, ich po\u015bwi\u0119cenia, ich charakteru zale\u017cy atmosfera we wsp\u00f3lnocie parafialnej. Chcemy, by ksi\u0119\u017ca, ludzcy i serdeczni, byli bardziej dost\u0119pni dla wiernych. By budzili nasze zaufanie i ufali nam, czego objawem by\u0142oby dzielenie si\u0119 odpowiedzialno\u015bci\u0105 za \u017cycie parafii. Oczekujemy te\u017c realnej i systematycznej kontroli ich pracy duszpasterskiej. Chcieliby\u015bmy, by nasi ksi\u0119\u017ca nie byli materialistami. Niedopuszczalna jest hipokryzja i prowadzenie przez ksi\u0119\u017cy podw\u00f3jnego \u017cycia. Przecie\u017c ksi\u0119\u017ca sami powinni szanowa\u0107 swoje powo\u0142anie i nie uchyla\u0107 si\u0119 od obowi\u0105zk\u00f3w swojego stanu. Dostrzegamy problem w komunikacji pomi\u0119dzy \u015bwieckimi a duchownymi oraz pomi\u0119dzy samymi duchownymi.<\/h4>\n<div>\n<h4>\u00a7 9. Grupy i wsp\u00f3lnoty parafialne s\u0105 lub przynajmniej powinny by\u0107 \u201esol\u0105 parafialnej ziemi\u201d. Dlatego powinny by\u0107 otwarte na ludzi i udziela\u0107 si\u0119 w dzia\u0142alno\u015bci spo\u0142ecznej, wychowawczej i charytatywnej. W ten spos\u00f3b b\u0119d\u0105 mog\u0142y nie tylko \u015bwiadczy\u0107 o wierze, ale te\u017c wychowywa\u0107 swoich cz\u0142onk\u00f3w i wszystkich parafian do bycia dobrymi chrze\u015bcijanami i obywatelami. Parafia powinna si\u0119 zatroszczy\u0107 o godne miejsce spotka\u0144 dla grup m\u0142odzie\u017cowych. Odpowiedzialno\u015b\u0107 za \u017cycie<\/h4>\n<h4>\u00a7 10. Prosimy rodzic\u00f3w i duszpasterzy o zrozumienie dla specyfiki m\u0142odo\u015bci oraz o wspieranie w realizowaniu naszych pomys\u0142\u00f3w. Duszpasterzy prosimy tak\u017ce, by przez kazania i wsp\u00f3\u0142prac\u0119 pomagali naszym rodzicom w wychowywaniu nas. Chcemy naszemu \u017cyciu nadawa\u0107 sens poprzez s\u0142u\u017cb\u0119 bli\u017anim i wsp\u00f3lnocie. Jeste\u015bmy gotowi do po\u015bwi\u0119ce\u0144, by to osi\u0105gn\u0105\u0107. Prosimy, by parafia pobudza\u0142a nas do brania odpowiedzialno\u015bci za nasze \u017cycie, zw\u0142aszcza \u017cycie duchowe, przez budzenie wra\u017cliwo\u015bci i \u015bwiadomo\u015bci wagi przyjmowania sakrament\u00f3w \u015bw., kt\u00f3re straci\u0142y warto\u015b\u0107 dla wielu naszych r\u00f3wie\u015bnik\u00f3w.<\/h4>\n<h4>\u00a7 11. Powa\u017cnym problemem odzieraj\u0105cym z godno\u015bci dziecka Bo\u017cego jest pornografia, obecna powszechnie w mediach. Uprzedmiotowienie cz\u0142owieka powoduje konieczno\u015b\u0107 bardziej zaanga\u017cowanej obrony warto\u015bci \u017cycia ludzkiego. W diecezjalnym duszpasterstwie m\u0142odzie\u017cy powinna istnie\u0107 funkcja referenta do spraw prolife, nale\u017cy promowa\u0107 Marsze dla \u017bycia i Rodziny. W ka\u017cdej parafii powinien by\u0107 obchodzony Dzie\u0144 \u015awi\u0119to\u015bci \u017bycia. Cieszyliby\u015bmy si\u0119, gdyby w wi\u0119kszych miastach powsta\u0142y o\u015brodki nios\u0105ce pomoc psychologiczno-pastoraln\u0105 na wz\u00f3r p\u0142ockiej \u201eMetanoi\u201d. M\u0142odzie\u017c powinna w\u0142\u0105cza\u0107 si\u0119 w dzia\u0142ania prolife, zdobywa\u0107 rzeteln\u0105 wiedz\u0119, by g\u0142osi\u0107 konferencje i dyskutowa\u0107.<\/h4>\n<h4>\u00a7 12. Internet sta\u0142 si\u0119 nieod\u0142\u0105czn\u0105 cz\u0119\u015bci\u0105 naszego \u017cycia. Si\u0119gamy do niego, nie tylko gdy potrzebujemy informacji, ale te\u017c by odpocz\u0105\u0107 i zaspokaja\u0107 nasze potrzeby, r\u00f3wnie\u017c potrzeb\u0119 spotkania z drugim. Proponujemy te\u017c, by w internecie pojawia\u0142y si\u0119 warto\u015bciowe kazania, konferencje i rekolekcje.<\/h4>\n<div>\n<h4>\u00a7 13. M\u0142odo\u015b\u0107 to czas poszukiwania autorytet\u00f3w. Chrystus cz\u0119sto bywa dzisiaj niew\u0142a\u015bciwie rozumiany jako ten, kt\u00f3ry stawia wymagania przekraczaj\u0105ce mo\u017cliwo\u015bci m\u0142odego cz\u0142owieka, dlatego zachodzi nagl\u0105ca potrzeba jeszcze wyra\u017aniejszego \u015bwiadectwa os\u00f3b, kt\u00f3re w p\u00f3j\u015bciu za nim odnalaz\u0142y rado\u015b\u0107 i sens. Chcieliby\u015bmy normalno\u015b\u0107 wiary ukaza\u0107 jako co\u015b atrakcyjnego i pokaza\u0107, \u017ce B\u00f3g przychodzi do nas w ka\u017cdej sytuacji.<\/h4>\n<h4>\u00a7 14. Synod, kt\u00f3ry tworzymy, ma przedstawi\u0107 aktualne, realne, skuteczne i adekwatne porady, jak dociera\u0107 z or\u0119dziem Ewangelii do nas i naszych r\u00f3wie\u015bnik\u00f3w. To trudne zadanie wymaga ci\u0105g\u0142ego namys\u0142u i powtarzanej od nowa dla ka\u017cdego pokolenia refleksji. Rozumiemy oczywi\u015bcie, \u017ce nie wszystkie postulaty b\u0119dzie mo\u017cna spe\u0142ni\u0107 natychmiast, a spe\u0142nienie wielu mo\u017ce napotka\u0107 du\u017ce, czasem nieprzezwyci\u0119\u017calne trudno\u015bci, wierzymy jednak, \u017ce g\u0142os naszego pokolenia mo\u017ce by\u0107 drogowskazem dla naszych Biskup\u00f3w i naszych kap\u0142an\u00f3w.<\/h4>\n<h4>Wstawiennictwu \u015bw. Stanis\u0142awa Kostki, naszego \u015bwi\u0119tego patrona i r\u00f3wie\u015bnika, polecamy nasz\u0105 diecezj\u0119, naszych pasterzy i siebie samych.<\/h4>\n<\/div>\n<\/div>\n<\/div>\n<\/div>\n<\/div>\n","protected":false},"excerpt":{"rendered":"<p>\u201eB\u00d3G JEST ZAWSZE M\u0141ODY\u201d Siostry i Bracia w Chrystusie Panu, Umi\u0142owani Diecezjanie! Pytanie Jezusa z dzisiejszej Ewangelii \u201eZa kogo mnie uwa\u017cacie?\u201d, stawia nasz Mistrz przez wieki wszystkim swoim wyznawcom. Oczekuje od nich nie tylko s\u0142ownych, nawet najpi\u0119kniejszych deklaracji, ale przede wszystkim na\u015bladowania Go i towarzyszenia Mu. Oczekuje wiary, nadziei i mi\u0142o\u015bci oraz oddania \u017cycia dla &hellip; <\/p>\n<p><a class=\"more-link btn\" href=\"https:\/\/parafiasmardzewo.pl\/?p=5091\">Kontynuuj czytanie<\/a><\/p>\n","protected":false},"author":1,"featured_media":4856,"comment_status":"open","ping_status":"open","sticky":false,"template":"","format":"standard","meta":[],"categories":[6],"tags":[],"_links":{"self":[{"href":"https:\/\/parafiasmardzewo.pl\/index.php?rest_route=\/wp\/v2\/posts\/5091"}],"collection":[{"href":"https:\/\/parafiasmardzewo.pl\/index.php?rest_route=\/wp\/v2\/posts"}],"about":[{"href":"https:\/\/parafiasmardzewo.pl\/index.php?rest_route=\/wp\/v2\/types\/post"}],"author":[{"embeddable":true,"href":"https:\/\/parafiasmardzewo.pl\/index.php?rest_route=\/wp\/v2\/users\/1"}],"replies":[{"embeddable":true,"href":"https:\/\/parafiasmardzewo.pl\/index.php?rest_route=%2Fwp%2Fv2%2Fcomments&post=5091"}],"version-history":[{"count":1,"href":"https:\/\/parafiasmardzewo.pl\/index.php?rest_route=\/wp\/v2\/posts\/5091\/revisions"}],"predecessor-version":[{"id":5092,"href":"https:\/\/parafiasmardzewo.pl\/index.php?rest_route=\/wp\/v2\/posts\/5091\/revisions\/5092"}],"wp:featuredmedia":[{"embeddable":true,"href":"https:\/\/parafiasmardzewo.pl\/index.php?rest_route=\/wp\/v2\/media\/4856"}],"wp:attachment":[{"href":"https:\/\/parafiasmardzewo.pl\/index.php?rest_route=%2Fwp%2Fv2%2Fmedia&parent=5091"}],"wp:term":[{"taxonomy":"category","embeddable":true,"href":"https:\/\/parafiasmardzewo.pl\/index.php?rest_route=%2Fwp%2Fv2%2Fcategories&post=5091"},{"taxonomy":"post_tag","embeddable":true,"href":"https:\/\/parafiasmardzewo.pl\/index.php?rest_route=%2Fwp%2Fv2%2Ftags&post=5091"}],"curies":[{"name":"wp","href":"https:\/\/api.w.org\/{rel}","templated":true}]}}