{"id":5182,"date":"2018-10-08T10:26:14","date_gmt":"2018-10-08T08:26:14","guid":{"rendered":"http:\/\/parafiasmardzewo.pl\/?p=5182"},"modified":"2018-10-11T22:28:54","modified_gmt":"2018-10-11T20:28:54","slug":"homilia-smardzewo-v-pielgrzymka-kol-zywego-rozanca-6-10-2018-r","status":"publish","type":"post","link":"https:\/\/parafiasmardzewo.pl\/?p=5182","title":{"rendered":"HOMILIA BPA PIOTRA LIBERY &#8211; SMARDZEWO &#8211; V PIELGRZYMKA K\u00d3\u0141 \u017bYWEGO R\u00d3\u017bA\u0143CA 6.10.2018 r."},"content":{"rendered":"<p align=\"justify\"><span style=\"font-size: large;\"><span style=\"color: #222222;\"><span style=\"font-family: Arial, Helvetica, sans-serif;\"><br \/>\nCzcigodny Ksi\u0119\u017ce Kanoniku Henryku, Kustoszu Diecezjalnego Sanktuarium Matki Bo\u017cej R\u00f3\u017ca\u0144cowej, gorliwie przygotowuj\u0105cy swoj\u0105 parafi\u0119 do zbli\u017caj\u0105cej si\u0119 koronacji Obrazu Pani Smardzewskiej,<\/span><\/span><\/span><\/p>\n<p align=\"justify\"><span style=\"font-size: large;\"><span style=\"color: #222222;\"><span style=\"font-family: Arial, Helvetica, sans-serif;\">Czcigodni Ksi\u0119\u017ca, Opiekunowie i Animatorzy K\u00f3\u0142 R\u00f3\u017ca\u0144cowych,<\/span><\/span><\/span><\/p>\n<p align=\"justify\"><span style=\"font-size: large;\"><span style=\"color: #222222;\"><span style=\"font-family: Arial, Helvetica, sans-serif;\">Drodzy Zelatorzy i Zelatorki oraz Cz\u0142onkinie i Cz\u0142onkowie K\u00f3\u0142 R\u00f3\u017ca\u0144cowych naszej Diecezji, Kochana m\u0142odzie\u017cy z KSM-u Diecezji P\u0142ockiej!<\/span><\/span><\/span><\/p>\n<p align=\"justify\"><span style=\"font-size: large;\"><span style=\"color: #222222;\"><span style=\"font-family: Arial, Helvetica, sans-serif;\">Siostry i Bracia, Czciciele Matki Bo\u017cej,<\/span><\/span><\/span><\/p>\n<p align=\"justify\"><span style=\"font-size: large;\"><span style=\"color: #222222;\"><span style=\"font-family: Arial, Helvetica, sans-serif;\">Witam Was bardzo serdecznie i pozdrawiam na naszej V Diecezjalnej Pielgrzymce K\u00f3\u0142 R\u00f3\u017ca\u0144cowych:\u00a0<\/span><\/span><span style=\"color: #222222;\"><span style=\"font-family: Arial, Helvetica, sans-serif;\"><i><b>Niech b\u0119dzie pochwalony Jezus Chrystus!<\/b><\/i><\/span><\/span><\/span><\/p>\n<p align=\"justify\"><span style=\"font-size: large;\"><span style=\"color: #222222;\"><span style=\"font-family: Arial, Helvetica, sans-serif;\">Pozw\u00f3lcie, \u017ce moje dzisiejsze rozwa\u017canie\u00a0<\/span><\/span><span style=\"color: #222222;\"><span style=\"font-family: Arial, Helvetica, sans-serif;\"><b>opr\u0119 na s\u0142owach prostej, a jak\u017ce g\u0142\u0119bokiej pie\u015bni!\u00a0<\/b><\/span><\/span><span style=\"color: #222222;\"><span style=\"font-family: Arial, Helvetica, sans-serif;\">Chyba wszyscy j\u0105 znamy, wszyscy lubimy j\u0105 \u015bpiewa\u0107.<\/span><\/span><\/span><\/p>\n<p align=\"justify\"><span style=\"font-size: large;\"><span style=\"color: #222222;\"><span style=\"font-family: Arial, Helvetica, sans-serif;\"><b>Jak paciorki r\u00f3\u017ca\u0144ca przesuwaj\u0105 si\u0119 chwile,Nasze smutki, rado\u015bci i blaski.A ty Bogu je zanie\u015b, po\u0142\u0105czone w r\u00f3\u017caniec,\u015awi\u0119ta Panno Maryjo, pe\u0142na \u0142aski!<\/b><\/span><\/span><span style=\"color: #222222;\"><span style=\"font-family: Arial, Helvetica, sans-serif;\">\u00a0<\/span><\/span><\/span><\/p>\n<p align=\"justify\"><span style=\"font-size: large;\"><span style=\"color: #222222;\"><span style=\"font-family: Arial, Helvetica, sans-serif;\">Dlaczego tak lubimy te s\u0142owa, t\u0119 melodi\u0119? Bo my jeste\u015bmy z tych, co potrafi\u0105 w\u0142\u0105cza\u0107 swoje codzienne \u201e<\/span><\/span><span style=\"color: #222222;\"><span style=\"font-family: Arial, Helvetica, sans-serif;\"><b>smutki, rado\u015bci i blaski<\/b><\/span><\/span><span style=\"color: #222222;\"><span style=\"font-family: Arial, Helvetica, sans-serif;\">\u201d w paciorki r\u00f3\u017ca\u0144ca. Jeste\u015bmy z tych, co wierz\u0105, \u017ce \u015awi\u0119ta Panna, pe\u0142na \u0142aski, naprawd\u0119 zanosi je Dobremu Bogu! I jeste\u015bmy z tych,\u00a0<\/span><\/span><span style=\"color: #222222;\"><span style=\"font-family: Arial, Helvetica, sans-serif;\"><b>kt\u00f3ry nie wstydz\u0105 si\u0119 by\u0107 \u201eprostaczkami\u201d z dzisiejszej Ewangelii,<\/b><\/span><\/span><span style=\"color: #222222;\"><span style=\"font-family: Arial, Helvetica, sans-serif;\">To w\u0142a\u015bnie za nich s\u0142awi Ojca Niebieskiego, za nich dzi\u0119kuje Jezus: \u201e<\/span><\/span><span style=\"color: #222222;\"><span style=\"font-family: Arial, Helvetica, sans-serif;\"><b>Wys\u0142awiam Ci\u0119, Ojcze,Panie nieba i ziemi, \u017ce zakry\u0142e\u015b te rzeczy przed m\u0105drymi i roztropnymi, a objawi\u0142e\u015b je prostaczkom<\/b><\/span><\/span><span style=\"color: #222222;\"><span style=\"font-family: Arial, Helvetica, sans-serif;\">\u201d.<\/span><\/span><\/span><\/p>\n<p align=\"justify\"><span style=\"font-size: large;\"><span style=\"color: #222222;\"><span style=\"font-family: Arial, Helvetica, sans-serif;\">Nie, nie wstydzimy si\u0119, wi\u0119cej &#8211; jeste\u015bmy dumni, bo w \u015bwietle tych s\u0142\u00f3w Pana Jezusa widzimy lepiej od przem\u0105drza\u0142ych, od pusz\u0105cych si\u0119, od celebryt\u00f3w, znanych tylko z tego, \u017ce s\u0105 znani.<\/span><\/span><span style=\"color: #222222;\"><span style=\"font-family: Arial, Helvetica, sans-serif;\"><b>To dlatego \u2013 m\u00f3wi Jezus &#8211; szcz\u0119\u015bliwe s\u0105 nasze oczy! A ja dodam: i d\u0142onie trzymaj\u0105ce r\u00f3\u017caniec!<\/b><\/span><\/span><span style=\"color: #222222;\"><span style=\"font-family: Arial, Helvetica, sans-serif;\">W Ko\u015bciele, to nie g\u0142o\u015bne akcje, nie wielkie reformy s\u0105 najwa\u017cniejsze, ale modlitwa, pe\u0142na ufno\u015bci modlitwa! Bo w Ko\u015bciele od zaufania Bogu i Maryi wszystko musi si\u0119 zaczyna\u0107! Ufna modlitwa \u2013 a czym, je\u015bli nie tak\u0105 modlitw\u0105 jest r\u00f3\u017caniec \u2013 jest, obok \u015bwi\u0119to\u015bci, znakiem rozpoznawczym cz\u0142owieka wierz\u0105cego, znakiem rozpoznawczym Ko\u015bcio\u0142a!\u00a0<\/span><\/span><span style=\"color: #222222;\"><span style=\"font-family: Arial, Helvetica, sans-serif;\"><b>Tylu mamy dzisiaj naprawiaczy Ko\u015bcio\u0142a!<\/b><\/span><\/span><span style=\"color: #222222;\"><span style=\"font-family: Arial, Helvetica, sans-serif;\">Owszem, jest co naprawia\u0107! Ale ja, gdy nie widz\u0119 w r\u0119ku takiego reformatora \u2013 reformatora Ko\u015bcio\u0142a, reformatora ksi\u0119\u017cy, seminarium \u2013\u00a0<\/span><\/span><span style=\"color: #222222;\"><span style=\"font-family: Arial, Helvetica, sans-serif;\"><u>r\u00f3\u017ca\u0144ca, to mu nie wierz\u0119!<\/u><\/span><\/span><\/span><\/p>\n<p align=\"justify\"><span style=\"font-size: large;\"><span style=\"color: #222222;\"><span style=\"font-family: Arial, Helvetica, sans-serif;\">Wiecie, \u017ce ten rok, Rok 2018, Rok 100-lecia Jubileuszu Odzyskania Niepodleg\u0142o\u015bci, jest w naszej Ojczy\u017anie obchodzony jako\u00a0<\/span><\/span><span style=\"color: #222222;\"><span style=\"font-family: Arial, Helvetica, sans-serif;\"><b>Rok \u015awi\u0119tego Stanis\u0142awa Kostki<\/b><\/span><\/span><span style=\"color: #222222;\"><span style=\"font-family: Arial, Helvetica, sans-serif;\">, najbardziej znanego po \u015bw. Siostrze Faustynie i \u015bw. Janie Pawle II, polskiego \u015bwi\u0119tego. \u015awi\u0119tego st\u0105d, z Mazowsza, z naszej diecezji. Jak on szed\u0142 przez Austri\u0119, Niemcy, W\u0142ochy, przez Alpy i Dolomity, do Rzymu, aby w czasach reformacji ratowa\u0107 Ko\u015bci\u00f3\u0142, odnawia\u0107 Ko\u015bci\u00f3\u0142. A jak by\u0142 przy tym zakochany w Maryi ten nasz \u015awi\u0119ty Ziomek! Ona zreszt\u0105 nie pozostawa\u0142a mu d\u0142u\u017cna. Opowiadaj\u0105 \u015bwiadkowie \u017cycia \u015bw. Stanis\u0142awa, \u017ce w grudniu 1566 roku, w Wiedniu, podczas choroby, ujrza\u0142 Maryj\u0119 z Dzieci\u0105tkiem Jezus, kt\u00f3re Pani niebios z\u0142o\u017cy\u0142a w jego r\u0119ce, polecaj\u0105c mu przy tym, aby wst\u0105pi\u0142 do Towarzystwa Jezusowego, do jezuit\u00f3w. By\u0142 to prze\u0142om w chorobie \u2013 gdy rano ks. Jan Bili\u0144ski, wychowawca Stanis\u0142awa, wszed\u0142 do jego pokoju, zasta\u0142 go ca\u0142kowicie zdrowym. \u015awi\u0119ty z Rostkowa opowiedzia\u0142 mu ca\u0142e zdarzenie i mimo \u017ce lekarze orzekli, by nie wychodzi\u0142 z domu, poszed\u0142 do pobliskiego ko\u015bcio\u0142a karmelita\u0144skiego pod wezwaniem Matki Bo\u017cej, gdzie co dzie\u0144 uczestniczy\u0142 we Mszy \u015awi\u0119tej i przyst\u0119powa\u0142 do Komunii, by podzi\u0119kowa\u0107 za \u0142ask\u0119 zdrowia.<\/span><\/span><\/span><\/p>\n<p align=\"justify\"><span style=\"font-size: large;\"><span style=\"color: #222222;\"><span style=\"font-family: Arial, Helvetica, sans-serif;\"><b>My tak\u017ce mamy ma\u0142e zwiastowania,My te\u017c czekamy Twego nawiedzenia,My te\u017c Jezusa z dr\u017ceniem serc szukamy.W tajemnicach radosnych m\u00f3dl si\u0119 za nami!<\/b><\/span><\/span><span style=\"color: #222222;\"><span style=\"font-family: Arial, Helvetica, sans-serif;\">Tak brzmi druga strofa naszej pie\u015bni. Zgromadzili\u015bmy si\u0119 w tym roku na naszej pielgrzymce pod has\u0142em:\u00a0\u201e<\/span><\/span><span style=\"color: #222222;\"><span style=\"font-family: Arial, Helvetica, sans-serif;\"><b>\u017bycie jest cudem\u201d. Dzi\u0119kuj\u0119 bardzo Pani redaktor Dorocie \u0141osiewicz za z\u0142o\u017cone dzi\u015b \u015bwiadectwo. Zgromadzili\u015bmy si\u0119 w intencji naszych rodzin. Chcemy w ten spos\u00f3b\u00a0<\/b><\/span><\/span><span style=\"color: #222222;\"><span style=\"font-family: Arial, Helvetica, sans-serif;\">odpowiedzie\u0107 na pro\u015bb\u0119 Papie\u017ca Franciszka z Dublina, aby modli\u0107 si\u0119 za rodziny. To zreszt\u0105 tak\u017ce podpowiada nam dzisiejsze s\u0142owo Bo\u017ce:\u00a0<\/span><\/span><span style=\"color: #222222;\"><span style=\"font-family: Arial, Helvetica, sans-serif;\"><b>Hiob za swoj\u0105 wierno\u015b\u0107 po\u015br\u00f3d do\u015bwiadcze\u0144 cieszy si\u0119 dorodnym potomstwem i rodzinnym szcz\u0119\u015bciem<\/b><\/span><\/span><span style=\"color: #222222;\"><span style=\"font-family: Arial, Helvetica, sans-serif;\">. W zdecydowanej wi\u0119kszo\u015bci jeste\u015bcie tutaj \u017conami, mamami, babciami, wdowami. Jeste\u015bcie m\u0119\u017cami, ojcami, dziadkami, wdowcami. Jakie to pi\u0119kne, cho\u0107 trudne powo\u0142anie! Podzi\u0119kujecie za nie dzisiaj Panu Bogu,\u00a0<\/span><\/span><span style=\"color: #222222;\"><span style=\"font-family: Arial, Helvetica, sans-serif;\"><b>podzi\u0119kujcie z swoj\u0105 rodzin\u0119 \u2013 mo\u017ce trudn\u0105, mo\u017ce czasem chropowat\u0105, ale Wasz\u0105<\/b><\/span><\/span><span style=\"color: #222222;\"><span style=\"font-family: Arial, Helvetica, sans-serif;\">. A jak ju\u017c niewiele mo\u017cna, bo wyfrun\u0119li z gniazda, bo si\u0119 ten czy \u00f3w pogubi\u0142, to wiecie dobrze, \u017ce zostaje jeszcze r\u00f3\u017caniec i s\u0142owa: \u201e<\/span><\/span><span style=\"color: #222222;\"><span style=\"font-family: Arial, Helvetica, sans-serif;\"><b>Synku, co dzie\u0144 za Ciebie m\u00f3wi\u0119 dziesi\u0105tk\u0119, m\u00f3wi\u0119 cz\u0105stk\u0119 r\u00f3\u017ca\u0144ca, pami\u0119taj!<\/b><\/span><\/span><span style=\"color: #222222;\"><span style=\"font-family: Arial, Helvetica, sans-serif;\">\u201d. Pozw\u00f3lcie, \u017ce jedno zdanie, kt\u00f3re przed chwil\u0105 tu pad\u0142o, jeszcze raz powt\u00f3rz\u0119: \u201e<\/span><\/span><span style=\"color: #222222;\"><span style=\"font-family: Arial, Helvetica, sans-serif;\"><b>jeste\u015bcie m\u0119\u017cami, ojcami, dziadkami, wdowcami<\/b><\/span><\/span><span style=\"color: #222222;\"><span style=\"font-family: Arial, Helvetica, sans-serif;\">\u201d. Chc\u0119 to bardzo podkre\u015bli\u0107 \u2013\u00a0<\/span><\/span><span style=\"color: #222222;\"><span style=\"font-family: Arial, Helvetica, sans-serif;\"><b>r\u00f3\u017caniec jest tak\u017ce modlitw\u0105 m\u0119\u017cczyzn!\u00a0<\/b><\/span><\/span><span style=\"color: #222222;\"><span style=\"font-family: Arial, Helvetica, sans-serif;\">Pami\u0119tacie, jak \u015bw. Jan Pawe\u0142 wspomina\u0142, \u017ce cz\u0119sto widzia\u0142 swojego ojca, oficera, jak noc\u0105, na kolanach odmawia\u0142 r\u00f3\u017caniec. Jak sam Papie\u017c niemal zawsze mia\u0142 w r\u0119ku r\u00f3\u017caniec? Bardzo spodoba\u0142 mi si\u0119 tytu\u0142 ca\u0142ego jutrzejszego \u201e<\/span><\/span><span style=\"color: #222222;\"><span style=\"font-family: Arial, Helvetica, sans-serif;\"><b>Go\u015bcia Niedzielnego<\/b><\/span><\/span><span style=\"color: #222222;\"><span style=\"font-family: Arial, Helvetica, sans-serif;\">\u201d \u2013 \u201e<\/span><\/span><span style=\"color: #222222;\"><span style=\"font-family: Arial, Helvetica, sans-serif;\"><b>M\u0119ska modlitwa<\/b><\/span><\/span><span style=\"color: #222222;\"><span style=\"font-family: Arial, Helvetica, sans-serif;\">\u201d. Ja bym zatytu\u0142owa\u0142: \u201e<\/span><\/span><span style=\"color: #222222;\"><span style=\"font-family: Arial, Helvetica, sans-serif;\"><b>R\u00f3\u017caniec \u2013 tak\u017ce m\u0119ska modlitwa<\/b><\/span><\/span><span style=\"color: #222222;\"><span style=\"font-family: Arial, Helvetica, sans-serif;\">\u201d. Ale niech b\u0119dzie! Wzrusza, gdy pisz\u0105 tam, jak\u00a0<\/span><\/span><span style=\"color: #222222;\"><span style=\"font-family: Arial, Helvetica, sans-serif;\"><b>aktor Marcin Kwa\u015bny<\/b><\/span><\/span><span style=\"color: #222222;\"><span style=\"font-family: Arial, Helvetica, sans-serif;\">, odtw\u00f3rca g\u0142\u00f3wnej roli w filmie \u201e<\/span><\/span><span style=\"color: #222222;\"><span style=\"font-family: Arial, Helvetica, sans-serif;\"><b>Pilecki<\/b><\/span><\/span><span style=\"color: #222222;\"><span style=\"font-family: Arial, Helvetica, sans-serif;\">\u201d (znacie go te\u017c z r\u00f3\u017cnych seriali), odmawia co dzie\u0144 przynajmniej dziesi\u0105tk\u0119 r\u00f3\u017ca\u0144ca. \u017be potrzebuje tej modlitwy do wyciszenia si\u0119, do rozwa\u017cania tego, co najwa\u017cniejsze. I \u017ce nosi r\u00f3\u017caniec zawsze ze sob\u0105, to taka jego\u00a0\u201e<\/span><\/span><span style=\"color: #222222;\"><span style=\"font-family: Arial, Helvetica, sans-serif;\"><b>tajemnicza bro\u0144\u201d<\/b><\/span><\/span><span style=\"color: #222222;\"><span style=\"font-family: Arial, Helvetica, sans-serif;\">. Tak, potrzebujemy tej \u201e<\/span><\/span><span style=\"color: #222222;\"><span style=\"font-family: Arial, Helvetica, sans-serif;\"><b>tajemniczej broni<\/b><\/span><\/span><span style=\"color: #222222;\"><span style=\"font-family: Arial, Helvetica, sans-serif;\">\u201d, potrzebujemy tego wyciszenia, bo tyle mamy w naszym \u017cyciu \u201e<\/span><\/span><span style=\"color: #222222;\"><span style=\"font-family: Arial, Helvetica, sans-serif;\"><b>ma\u0142ych zwiastowa\u0144<\/b><\/span><\/span><span style=\"color: #222222;\"><span style=\"font-family: Arial, Helvetica, sans-serif;\">\u201d, nie zawsze przecie\u017c radosnych, tyle wa\u017cnych nawiedze\u0144, tyle pragnie\u0144 i poszukiwa\u0144. Dlatego &#8211; \u201e<\/span><\/span><span style=\"color: #222222;\"><span style=\"font-family: Arial, Helvetica, sans-serif;\"><b>w tajemnicach radosnych m\u00f3dl si\u0119 za nami!<\/b><\/span><\/span><span style=\"color: #222222;\"><span style=\"font-family: Arial, Helvetica, sans-serif;\">\u201d<\/span><\/span><span style=\"color: #222222;\"><span style=\"font-family: Arial, Helvetica, sans-serif;\"><b>Z Ducha narodzeni \u0142ask\u0105 chrztu \u015bwi\u0119tegoDo ciebie wo\u0142amy, s\u0142u\u017cebnico Pana,Gdy\u017c na Twoje s\u0142owa Jezus cuda czyni,W tajemnicach \u015bwiat\u0142a m\u00f3dl si\u0119 za nami!<\/b><\/span><\/span><\/span><\/p>\n<p align=\"justify\"><span style=\"color: #222222;\"><span style=\"font-family: Arial, Helvetica, sans-serif;\"><span style=\"font-size: large;\">T\u0119 zwrotk\u0119 naszej pie\u015bni dodano, gdy \u015bw. Jan Pawe\u0142 II w\u0142\u0105czy\u0142 do r\u00f3\u017ca\u0144ca\u201e<b>Tajemnice \u015bwiat\u0142a\u201d.<\/b>M\u0105dr\u0105 zwrotk\u0119! Przypomina nam ona, \u017ce jeste\u015bmy narodzeni \u0142ask\u0105 Chrztu do zaprowadzania Kr\u00f3lestwa Bo\u017cego w naszych rodzinach i naszym otoczeniu, do nawracana si\u0119 i przemienienia, do czerpania si\u0142 z Komunii \u015awi\u0119tej w naszym parafialnym Wieczerniku. Wezwani do nowego \u017cycia w Chrystusie!<\/span><\/span><\/span><\/p>\n<p align=\"justify\"><span style=\"font-size: large;\"><span style=\"color: #222222;\"><span style=\"font-family: Arial, Helvetica, sans-serif;\">Wzruszy\u0142o mnie, gdy wyczyta\u0142em &#8211; Drogi Ksi\u0119\u017ce Kustoszu Henryku &#8211; jak mocne, no, w\u0142a\u015bnie takie\u00a0<\/span><\/span><span style=\"color: #222222;\"><span style=\"font-family: Arial, Helvetica, sans-serif;\"><b>m\u0119skie postanowienia mog\u0105 Twoi parafianie i pielgrzymi \u2013 tak\u017ce pielgrzymi &#8211; wpisywa\u0107 jako dary duchowe dla Matki Bo\u017cej Smardzewskiej przed koronacj\u0105<\/b><\/span><\/span><span style=\"color: #222222;\"><span style=\"font-family: Arial, Helvetica, sans-serif;\">:<\/span><\/span><\/span><\/p>\n<p align=\"justify\"><span style=\"color: #222222;\">\u201e<\/span><span style=\"font-size: large;\"><span style=\"color: #222222;\"><span style=\"font-family: Arial, Helvetica, sans-serif;\"><i><b>Postanawiam pojedna\u0107 si\u0119 z kim\u015b bliskim z mojej rodziny, s\u0105siadem, koleg\u0105 czy kole\u017cank\u0105 z pracy<\/b><\/i><\/span><\/span><span style=\"color: #222222;\"><span style=\"font-family: Arial, Helvetica, sans-serif;\">\u201d<\/span><\/span><span style=\"color: #222222;\"><span style=\"font-family: Arial, Helvetica, sans-serif;\"><i>. Jakie to dobre! \u201e<\/i><\/span><\/span><span style=\"color: #222222;\"><span style=\"font-family: Arial, Helvetica, sans-serif;\"><i><b>Postanawiam uwolni\u0107 si\u0119 od uzale\u017cnienia (od alkoholu, innych substancji psychoaktywnych, internetu, od ogl\u0105dania pornografii czy\u00a0hazardowego grania)<\/b><\/i><\/span><\/span><span style=\"color: #222222;\"><span style=\"font-family: Arial, Helvetica, sans-serif;\">\u201d<\/span><\/span><span style=\"color: #222222;\"><span style=\"font-family: Arial, Helvetica, sans-serif;\"><i>.<\/i><\/span><\/span><span style=\"color: #222222;\"><span style=\"font-family: Arial, Helvetica, sans-serif;\">Jakie to potrzebne! \u201e<\/span><\/span><span style=\"color: #222222;\"><span style=\"font-family: Arial, Helvetica, sans-serif;\"><i><b>Postanawiam lepiej wykonywa\u0107 moje obowi\u0105zki wobec rodziny (rodzic\u00f3w, m\u0119\u017ca, \u017cony, matki, ojca)<\/b><\/i><\/span><\/span><span style=\"color: #222222;\"><span style=\"font-family: Arial, Helvetica, sans-serif;\">\u201d<\/span><\/span><span style=\"color: #222222;\"><span style=\"font-family: Arial, Helvetica, sans-serif;\"><i>.Jakie to wa\u017cne!I bra\u0107 r\u00f3\u017caniec do r\u0119ki \u2013 dodaj\u0119 od siebie \u2013 \u017ceby\u00a0<\/i><\/span><\/span><span style=\"color: #222222;\"><span style=\"font-family: Arial, Helvetica, sans-serif;\"><b>uczy\u0107 si\u0119 cierpliwo\u015bci&#8230;<\/b><\/span><\/span><span style=\"color: #222222;\"><span style=\"font-family: Arial, Helvetica, sans-serif;\">Cierpliwo\u015bci wobec siebie, wobec dzieciak\u00f3w i wnuk\u00f3w, wobec s\u0105siad\u00f3w i wsp\u00f3\u0142pracownik\u00f3w, wobec naszych kochanych polityk\u00f3w, znowu tak mocno dziel\u0105cych si\u0119, tak przerzucaj\u0105cych si\u0119 obietnicami przed wyborami. Nie denerwujmy si\u0119 na nich! We\u017amy lepiej r\u00f3\u017caniec do r\u0119ki i pom\u00f3dlmy si\u0119 o rozs\u0105dek! R\u00f3\u017caniec, to dziesi\u0105tek za dziesi\u0105tkiem, zdrowa\u015bka za zdrowa\u015bk\u0105 &#8211;\u00a0<\/span><\/span><span style=\"color: #222222;\"><span style=\"font-family: Arial, Helvetica, sans-serif;\"><b>wspania\u0142a nauka cierpliwo\u015bci<\/b><\/span><\/span><span style=\"color: #222222;\"><span style=\"font-family: Arial, Helvetica, sans-serif;\">. Je\u015bli posi\u0105dziemy ten dar, on b\u0119dzie procentowa\u0107, wyciszy, poprawi kontakty w ma\u0142\u017ce\u0144stwie i rodzinie, zbli\u017cy do Pana Boga, kt\u00f3remu da si\u0119 czas na dzia\u0142anie.<\/span><\/span><\/span><\/p>\n<p align=\"justify\"><span style=\"color: #222222;\"><span style=\"font-family: Arial, Helvetica, sans-serif;\"><span style=\"font-size: large;\"><b>Ty te\u017c p\u0142aka\u0142a\u015b i dozna\u0142a\u015b trwogi,I jak nikt pozna\u0142a\u015b nasze ludzkie drogi,Gdy nas mrok otoczy, nie jeste\u015bmy sami,W tajemnicach bolesnych m\u00f3dl si\u0119 za nami!<\/b>\u00a0Jak cz\u0119sto my, Ksi\u0119\u017ca, s\u0142yszymy: \u201e<b>Ojcze, m\u0142odo\u015b\u0107 tak szybko min\u0119\u0142a. Budowali\u015bmy si\u0119 (tak si\u0119 m\u00f3wi na Mazowszu), sadzili\u015bmy drzewa, rodzi\u0142y si\u0119 dzieci&#8230; A dzisiaj cz\u0142owiek tak szybko si\u0119 zestarza\u0142! Dzieci gdzie\u015b si\u0119 pogubi\u0142y, kto\u015b tam si\u0119 rozwi\u00f3d\u0142, tu czy tam wpl\u0105ta\u0142 si\u0119 alkohol, cho\u0107 chcieli\u015bmy jak najlepiej wychowa\u0107, da\u0107 przyk\u0142ad!\u201d\u00a0<\/b>Znam ten b\u00f3l! Ale pami\u0119taj &#8211; Siostro, Bracie &#8211; to z woli Pana Boga jeste\u015b matk\u0105, ojcem! I On widzi, \u017ce chcia\u0142a\u015b, chcia\u0142e\u015b! I wie, \u017ce to wielki trud! Pyta si\u0119 dziennikarz ksi\u0119dza &#8211; szefa kapelan\u00f3w wi\u0119ziennictwa w Polsce, czy jego praca w\u015br\u00f3d wi\u0119\u017ani\u00f3w jest trudna. A ksi\u0105dz kapelan na to:\u00a0\u201e<b>Panie Redaktorze, trudne to jest dzisiaj wychowanie dzieci!\u201d.<\/b>\u00a0W\u0142a\u015bnie &#8211; trudne to jest dzisiaj wychowanie dzieci! Kochani, podejmujmy ten trud, to dzie\u0142o, mo\u017ce najwi\u0119ksze dzie\u0142o Waszego \u017cycia \u2013 dzie\u0142o wychowania dzieci i m\u0142odzie\u017cy! Kontynuujcie wspania\u0142\u0105 tradycj\u0119 mazowieckich dom\u00f3w &#8211; tradycj\u0119 wychowania naszej m\u0142odzie\u017cy do: mi\u0142o\u015bci, szlachetno\u015bci, odpowiedzialno\u015bci, patriotyzmu, codziennej modlitwy i cotygodniowej Mszy \u015bwi\u0119tej; do solidarno\u015bci ze s\u0142abszymi, karno\u015bci i szacunku dla dzie\u0142a stworzenia; do zmagania si\u0119 z pokusami i na\u0142ogami. Jeszcze raz wr\u00f3c\u0119 do \u015bw. Stanis\u0142awa Kostki. Wiecie dobrze, \u017ce rodzice mieli co do niego inne, swoje plany! Ale wychowali go na m\u0142odego, m\u0119\u017cnego szlachcica, zakochanego w Matce Bo\u017cej i nieustraszonego w obronie Ko\u015bcio\u0142a!\u00a0<b>Wychowali go DOBRZE!<\/b>\u00a0My te\u017c, w naszym pokoleniu, chciejmy dobrze wychowywa\u0107! Bo wiemy, \u017ce:\u00a0<b>My tak\u017ce mamy sw\u0105 Ojczyzn\u0119 w niebie,Tam w pe\u0142nym blasku zobaczymy Ciebie,Tam w pe\u0142nym s\u0142o\u0144cu wszyscy si\u0119 spotkamy.W tajemnicach chwalebnych m\u00f3dl si\u0119 za nami!<\/b>Amen!<\/span><\/span><\/span><\/p>\n","protected":false},"excerpt":{"rendered":"<p>Czcigodny Ksi\u0119\u017ce Kanoniku Henryku, Kustoszu Diecezjalnego Sanktuarium Matki Bo\u017cej R\u00f3\u017ca\u0144cowej, gorliwie przygotowuj\u0105cy swoj\u0105 parafi\u0119 do zbli\u017caj\u0105cej si\u0119 koronacji Obrazu Pani Smardzewskiej, Czcigodni Ksi\u0119\u017ca, Opiekunowie i Animatorzy K\u00f3\u0142 R\u00f3\u017ca\u0144cowych, Drodzy Zelatorzy i Zelatorki oraz Cz\u0142onkinie i Cz\u0142onkowie K\u00f3\u0142 R\u00f3\u017ca\u0144cowych naszej Diecezji, Kochana m\u0142odzie\u017cy z KSM-u Diecezji P\u0142ockiej! Siostry i Bracia, Czciciele Matki Bo\u017cej, Witam Was bardzo &hellip; <\/p>\n<p><a class=\"more-link btn\" href=\"https:\/\/parafiasmardzewo.pl\/?p=5182\">Kontynuuj czytanie<\/a><\/p>\n","protected":false},"author":1,"featured_media":5143,"comment_status":"open","ping_status":"open","sticky":false,"template":"","format":"standard","meta":[],"categories":[6],"tags":[],"_links":{"self":[{"href":"https:\/\/parafiasmardzewo.pl\/index.php?rest_route=\/wp\/v2\/posts\/5182"}],"collection":[{"href":"https:\/\/parafiasmardzewo.pl\/index.php?rest_route=\/wp\/v2\/posts"}],"about":[{"href":"https:\/\/parafiasmardzewo.pl\/index.php?rest_route=\/wp\/v2\/types\/post"}],"author":[{"embeddable":true,"href":"https:\/\/parafiasmardzewo.pl\/index.php?rest_route=\/wp\/v2\/users\/1"}],"replies":[{"embeddable":true,"href":"https:\/\/parafiasmardzewo.pl\/index.php?rest_route=%2Fwp%2Fv2%2Fcomments&post=5182"}],"version-history":[{"count":8,"href":"https:\/\/parafiasmardzewo.pl\/index.php?rest_route=\/wp\/v2\/posts\/5182\/revisions"}],"predecessor-version":[{"id":5191,"href":"https:\/\/parafiasmardzewo.pl\/index.php?rest_route=\/wp\/v2\/posts\/5182\/revisions\/5191"}],"wp:featuredmedia":[{"embeddable":true,"href":"https:\/\/parafiasmardzewo.pl\/index.php?rest_route=\/wp\/v2\/media\/5143"}],"wp:attachment":[{"href":"https:\/\/parafiasmardzewo.pl\/index.php?rest_route=%2Fwp%2Fv2%2Fmedia&parent=5182"}],"wp:term":[{"taxonomy":"category","embeddable":true,"href":"https:\/\/parafiasmardzewo.pl\/index.php?rest_route=%2Fwp%2Fv2%2Fcategories&post=5182"},{"taxonomy":"post_tag","embeddable":true,"href":"https:\/\/parafiasmardzewo.pl\/index.php?rest_route=%2Fwp%2Fv2%2Ftags&post=5182"}],"curies":[{"name":"wp","href":"https:\/\/api.w.org\/{rel}","templated":true}]}}