{"id":5287,"date":"2018-11-30T22:44:45","date_gmt":"2018-11-30T21:44:45","guid":{"rendered":"http:\/\/parafiasmardzewo.pl\/?p=5287"},"modified":"2018-11-30T22:44:45","modified_gmt":"2018-11-30T21:44:45","slug":"list-pasterski-biskupa-plockiego-piotra-libery-na-zakonczenie-roku-sw-stanislawa-kostki-i-niedziela-adwentu-2-grudnia-2018-r","status":"publish","type":"post","link":"https:\/\/parafiasmardzewo.pl\/?p=5287","title":{"rendered":"LIST PASTERSKI BISKUPA P\u0141OCKIEGO PIOTRA LIBERY NA ZAKO\u0143CZENIE ROKU \u015aW. STANIS\u0141AWA KOSTKI (I NIEDZIELA ADWENTU, 2 GRUDNIA 2018 R.)"},"content":{"rendered":"<h3 style=\"text-align: justify;\"><em>\u201ePan m\u00f3wi: &lt;Oto nadchodz\u0105 dni, kiedy wype\u0142ni\u0119 pomy\u015bln\u0105 zapowied\u017a, jak\u0105 obwie\u015bci\u0142em&gt;\u201d (Jr 33,14 [I Czyt.]).<\/em><\/h3>\n<h3 style=\"text-align: justify;\">Umi\u0142owani Bracia i Siostry!<br \/>\n1. Dzisiejsz\u0105 niedziel\u0105 rozpoczynamy ostatni miesi\u0105c 2018 roku. Jak\u017ce wa\u017cnego roku! By\u0142 to przecie\u017c i wci\u0105\u017c jeszcze jest Rok 100-lecia Odzyskania Niepodleg\u0142o\u015bci. Zastanawia\u0142em si\u0119, jak mog\u0142aby i powinna go uczci\u0107 nasza Diecezja, nasza Ojczyzna. I przypomnia\u0142em sobie, \u017ce w tym w\u0142a\u015bnie roku mija 450 lat od \u015bmierci na rzymskim Kwirynale \u015bw. Stanis\u0142awa Kostki, \u015awi\u0119tego z mazowieckiego Rostkowa, z naszej Diecezji! Zwr\u00f3ci\u0142em si\u0119 wi\u0119c do Episkopatu Polski, aby og\u0142osi\u0107 Rok Jubileuszu Odzyskania Niepodleg\u0142o\u015bci &#8211; Rokiem \u015bw. Stanis\u0142awa Kostki. I tak si\u0119 sta\u0142o! Z tej okazji poniek\u0105d on sam \u2013 przez peregrynacj\u0119 relikwii &#8211; nawiedzi\u0142 ka\u017cd\u0105 wsp\u00f3lnot\u0119 parafialn\u0105 naszej Diecezji. Z tej te\u017c okazji Papie\u017c Franciszek skierowa\u0142 na moje r\u0119ce przes\u0142anie do ca\u0142ego Ko\u015bcio\u0142a P\u0142ockiego, a kard. Stanis\u0142aw Dziwisz przewodniczy\u0142 g\u0142\u00f3wnym obchodom diecezjalnym Roku Stanis\u0142awowego w Rostkowie. Z tej wreszcie okazji odby\u0142 si\u0119 II Synod M\u0142odych Diecezji P\u0142ockiej, a do Rostkowa i Przasnysza zawita\u0142a, liczniej ni\u017c zwykle, m\u0142odzie\u017c i dzieci w ramach swojej dorocznej pielgrzymki, oraz wspania\u0142a grupa m\u0142odzie\u017cy polonijnej. We wrze\u015bniu, pierwszy raz w historii Diecezji, w P\u0142ocku mia\u0142o miejsce Zebranie Plenarne Konferencji Episkopatu Polski. Wiem, \u017ce Pasterze Ko\u015bcio\u0142a w Polsce wyje\u017cd\u017cali od nas zachwyceni urokiem Wzg\u00f3rza Tumskiego i Katedry, a tak\u017ce nasz\u0105 mazowieck\u0105 go\u015bcinno\u015bci\u0105. Razem z biskupem Miros\u0142awem oraz p\u0105tnicz\u0105 kompani\u0105 kap\u0142an\u00f3w i \u015bwieckich pielgrzymowali\u015bmy do grobu \u015bw. Stanis\u0142awa na Kwirynale. Wy\u017csze Seminarium Duchowne po\u015bwi\u0119ci\u0142o \u015awi\u0119temu z Rostkowa swoje doroczne sympozjum z prelegentami z Watykanu i ca\u0142ej Polski. Opublikowano wa\u017cne pozycje ksi\u0105\u017ckowe, Poczta Polska wyda\u0142a znaczek upami\u0119tniaj\u0105cy \u015bw. Stanis\u0142awa, a zarazem inicjuj\u0105cy seri\u0119 zatytu\u0142owan\u0105 \u201e\u015awi\u0119ci Patronowie Ojczyzny\u201d. By\u0142o te\u017c wiele innych wydarze\u0144 w naszych parafiach, miastach i osadach, szko\u0142ach, oddzia\u0142ach Akcji Katolickiej, ko\u0142ach KSM-u i dru\u017cynach harcerskich a\u017c po wymowne zako\u0144czenie tego Roku w Rypinie. Bogu Najwy\u017cszemu, \u015bw. Stanis\u0142awowi i tak wielu spo\u015br\u00f3d Was niech b\u0119d\u0105 za to dzi\u0119ki!<\/h3>\n<h3 style=\"text-align: justify;\">2. <em>\u201eDaj mi pozna\u0107, Twoje drogi, Panie, naucz mnie chodzi\u0107 Twoimi \u015bcie\u017ckami\u201d (Ps 25,4 [Psalm responsoryjny])<\/em>.<br \/>\nKto potrafi zliczy\u0107 dobre postanowienia, dojrza\u0142e spowiedzi, pi\u0119kne odruchy serc, pragn\u0105cych p\u00f3j\u015b\u0107 \u015bladami tego, kt\u00f3ry by\u0142 \u2013 jak \u015bpiewaj\u0105 dzieci i nie tylko dzieci \u2013 \u201em\u0142ody jak my, weso\u0142y jak my,\/ prosta jest jego droga.\/ Szuka\u0142 jak my,\/ gor\u0119cej ni\u017c my,\/ nad wszystko kocha\u0142 Boga\u201d? I kto potrafi wyrazi\u0107 to, jak bardzo \u015bw. Stanis\u0142aw pom\u00f3g\u0142 nam w tych dniach spojrze\u0107 g\u0142\u0119biej na nasze dzieje ojczyste i prze\u017cy\u0107 Jubileusz Odzyskania Niepodleg\u0142o\u015bci? Przecie\u017c to jego wstawiennictwu przypisywano liczne uzdrowienia, a przede wszystkim zwyci\u0119stwo nad Turkami pod Chocimiem i pod Beresteczkiem. To on ju\u017c w 1671 roku, jeszcze jako b\u0142ogos\u0142awiony, zosta\u0142 og\u0142oszony patronem naszej Ojczyzny. W szlacheckich dworkach Mazowsza m\u00f3wiono o Stanis\u0142awie: \u201enasz \u015bwi\u0119ty&#8221;, \u201eko\u015b\u0107 z ko\u015bci i krew z krwi&#8221;, \u201epatron Sarmat\u00f3w\u201d. Niesieni t\u0105 tradycj\u0105 i pami\u0119ci\u0105, stan\u0119li\u015bmy do obchod\u00f3w 100-lecia Odzyskania Niepodleg\u0142o\u015bci. Ile dzi\u0119kczynnych zgromadze\u0144 \u2013 Mszy \u015awi\u0119tych i nabo\u017ce\u0144stw \u2013 odby\u0142o si\u0119 w te dni w naszych \u015bwi\u0105tyniach! Jak potrafili\u015bmy si\u0119 pi\u0119knie jednoczy\u0107, dzi\u0119kuj\u0105c Bogu, Kr\u00f3lowej Korony Polskiej i \u015bw. Stanis\u0142awowi za wolno\u015b\u0107 i niepodleg\u0142o\u015b\u0107! Oby\u015bmy trwali w tym duchu! \u201ePolsko, Ojczyzno moja \u2013 powtarzam za Janem Paw\u0142em Wielkim &#8211; umiej by\u0107 wdzi\u0119czna za wolno\u015b\u0107 i niepodleg\u0142o\u015b\u0107!\u201d.<\/h3>\n<h3 style=\"text-align: justify;\">3. <em>\u201eNabierzcie ducha i podnie\u015bcie g\u0142owy, poniewa\u017c zbli\u017ca si\u0119 wasze odkupienie\u201d (\u0141k 21,28 [Ewangelia]).<\/em><br \/>\nPrzes\u0142anie Roku \u015bw. Stanis\u0142awa Kostki dotyczy przede wszystkim m\u0142odych pokole\u0144 Polak\u00f3w. Bardzo bym pragn\u0105\u0142, Drodzy M\u0142odzi Przyjaciele, \u017ceby\u015bcie u\u015bwiadomili sobie, \u017ce Wasz Patron \u017cy\u0142 wielkim, staro\u017cytnym idea\u0142em: Ad maiora natus sum&#8230; \u201eDo wy\u017cszych rzeczy jestem zrodzony\u201d. \u017beby\u015bcie si\u0119 tej dewizy nauczyli na religii na pami\u0119\u0107, tak\u017ce po \u0142acinie! I \u017ceby\u015bcie wiedzieli, \u017ce w ca\u0142o\u015bci brzmi ona: \u201eJestem wielki i urodzony do wi\u0119kszych rzeczy, ni\u017c bycie niewolnikiem w\u0142asnego cia\u0142a\u201d. To wci\u0105\u017c aktualne has\u0142o! Dzisiaj mo\u017ce szczeg\u00f3lnie aktualne! Nie chodzi o to, \u017ceby\u015b wzrasta\u0142a, wzrasta\u0142 w przekonaniu o w\u0142asnej wielko\u015bci, czy w oboj\u0119tno\u015bci lub selfizmie! Ale o to, \u017ceby\u015bcie potrafili wyzwala\u0107 si\u0119 z tylu form wsp\u00f3\u0142czesnego niewolnictwa: cia\u0142a, oczu i mira\u017cy wirtualnego \u015bwiata. To nieprawda, \u017ce Stanis\u0142aw ucieka\u0142 od ludzi. Stanis\u0142aw nie ucieka\u0142. On wybra\u0142 Mi\u0142o\u015b\u0107, Mi\u0142o\u015b\u0107 przez wielkie \u201eM\u201d. Wybra\u0142 j\u0105 i jej broni\u0142! Gdy czyta\u0142em najstarsz\u0105 po\u015bwi\u0119con\u0105 \u015awi\u0119temu poezj\u0119 \u2013 napisany w 1570 roku, a wi\u0119c zaledwie dwa lata po jego \u015bmierci, poemat Grzegorza z Sambora, zauwa\u017cy\u0142em, \u017ce autor najcz\u0119\u015bciej nazywa go: \u201eobro\u0144c\u0105\u201d, \u201e\u017co\u0142nierzem Bo\u017cym\u201d, \u201enowozaci\u0119\u017cnym rycerzem\u201d. Tak widzieli go wsp\u00f3\u0142cze\u015bni i tak by\u0142o! Przecie\u017c przeszed\u0142 1600 kilometr\u00f3w przez Austri\u0119, p\u00f3\u0142nocne Niemcy i W\u0142ochy, przez Dolomity i Apeniny, do Rzymu, aby u boku papie\u017ca broni\u0107 tego, co by\u0142 dla niego naj\u015bwi\u0119tsze! Ty te\u017c potrafisz stawa\u0107 w obronie tych, kt\u00f3rych kochasz! Stanis\u0142aw to w\u0142a\u015bnie potrafi\u0142! I tak zosta\u0142 \u015bwi\u0119tym. Bo cz\u0142owiek staje si\u0119 tym, co kocha. Gdy kocha Boga, a w Bogu innych, staje si\u0119 \u015bwi\u0119ty. Chciejcie by\u0107 \u015bwi\u0119tymi, nie wstyd\u017acie si\u0119 tego! B\u0119dziemy wspomaga\u0107 Was w tej drodze. Od dzisiaj \u2013 jako owoc tego Roku &#8211; w kilkunastu miastach naszej Diecezji zaczynaj\u0105 dzia\u0142a\u0107 \u201ekonfesjona\u0142y m\u0142odych\u201d. Zasi\u0105d\u0105 w nich maj\u0105cy dla Was czas i rozumiej\u0105cy Wasze problemy ojcowie duchowni. Zadbamy te\u017c o to, \u017ceby\u015bcie przygotowuj\u0105c si\u0119 do sakramentu dojrza\u0142o\u015bci, bierzmowania mogli odbywa\u0107 kilkudniowe, wyjazdowe rekolekcje. A to dopiero pocz\u0105tek!<\/h3>\n<h3 style=\"text-align: justify;\">4. <em>\u201eUwa\u017cajcie na siebie, aby wasze serca nie by\u0142y oci\u0119\u017ca\u0142e\u201d (\u0141k 21,34 [Ewangelia]).<\/em><br \/>\nKochani Rodzice! Wiecie dobrze, \u017ce rodzice Stanis\u0142awa mieli co do niego w\u0142asne plany. Ch\u0119tnie posadziliby go na jakim\u015b wa\u017cnym urz\u0119dzie u boku kr\u00f3la czy na znacz\u0105cej kasztelanii. Ledwie \u015awi\u0119ty przyby\u0142 do Rzymu i odprawi\u0142, jak ka\u017ce obyczaj ojc\u00f3w jezuit\u00f3w, 30-dniowe rekolekcje, przyby\u0142 kurier z listem od Jana Kostki, kasztelana zakroczymskiego. Ojciec Stanis\u0142awa zarzuca\u0142 mu, \u017ce znies\u0142awi\u0142 dom, przechodz\u0105c niemal p\u00f3\u0142 Europy pieszo w ubiorze \u017cebraka; \u017ce okry\u0142 ha\u0144b\u0105 jego herb. Grozi\u0142, \u017ce je\u015bli si\u0119 nie opami\u0119ta, odnajdzie go i sprowadzi, ale nie w z\u0142otym \u0142a\u0144cuchu, lecz w \u017celaznych kajdanach. Zabola\u0142o to, naprawd\u0119 zabola\u0142o \u015awi\u0119tego! Jego odpowied\u017a by\u0142a jednak stanowcza: skoro B\u00f3g da\u0142 mi \u0142ask\u0119 powo\u0142ania, to b\u0119d\u0119 wierny! Wierz\u0119, \u017ce za spraw\u0105 Stanis\u0142awa co\u015b podobnego powt\u00f3rzy\u0142o si\u0119 ostatnio w naszej Diecezji. Po kilku latach posuchy, gdy wielu ksi\u0119\u017cy podj\u0119\u0142o post w tej intencji, gdy w niebo pop\u0142yn\u0119\u0142y \u201epowo\u0142aniowe r\u00f3\u017ca\u0144ce\u201d, kilkunastu m\u0142odych m\u0119\u017cczyzn odpowiedzia\u0142o na g\u0142os Pana i przygotowuje si\u0119 do s\u0142u\u017cby Bogu i ludziom w Seminarium!<\/h3>\n<h3 style=\"text-align: justify;\">5. <em>\u201ePan niech pomno\u017cy liczb\u0119 wasz\u0105 i niech spot\u0119guje wasz\u0105 wzajemn\u0105 mi\u0142o\u015b\u0107; aby serca wasze utwierdzone zosta\u0142y jako nienaganne w \u015bwi\u0119to\u015bci wobec Boga, Ojca naszego, na przyj\u015bcie Pana naszego Jezusa\u201d (1 Tes 3,12-13 [II Czyt.]).<\/em><br \/>\nW dzisiejsz\u0105 niedziel\u0119 rozpoczynamy Adwent. I rozpoczynamy nowy rok liturgiczny \u2013 obch\u00f3d tajemnic Bo\u017cych w \u015bwi\u0119tych znakach Ko\u015bcio\u0142a i naszych sercach. B\u0119dzie to tak\u017ce nowy rok duszpasterski, kt\u00f3ry \u2013 zgodnie ze wskazaniem Episkopatu Polski \u2013 odbywa si\u0119 pod has\u0142em: \u201eW mocy Bo\u017cego Ducha\u201d. Oznacza ono, \u017ce mamy prze\u017cy\u0107 na nowo nasze powo\u0142anie do ewangelizacji, do misji w swoich rodzinach i wsz\u0119dzie, gdzie pracujemy, uczymy si\u0119, odpoczywamy! Misji w mocy Bo\u017cego Ducha! Je\u015bli tak, to nie wolno nam tak\u017ce \u017cegna\u0107 si\u0119 ze \u015bw. Stanis\u0142awem. W tym Duchu prosz\u0119 Ci\u0119, nasz \u015awi\u0119ty Patronie:<br \/>\n&#8211; Ty, kt\u00f3ry ka\u017cdego dnia, tak\u017ce w chorobie i dalekiej podr\u00f3\u017cy, szuka\u0142e\u015b \u015bwi\u0105tyni, Mszy i Komunii \u015awi\u0119tej, ucz nas zaradza\u0107 duchowemu zoboj\u0119tnieniu i anoreksji eucharystycznej tylu ochrzczonych! Niech nasze ko\u015bcio\u0142y nie pustoszej\u0105! Tyle dr\u00f3g przemierzamy co dzie\u0144! Co to jednak za drogi, co nie wiod\u0105 do ko\u015bcio\u0142a? Jak mo\u017ce chrze\u015bcijanin prze\u017cy\u0107 niedziel\u0119 bez Mszy \u015awi\u0119tej, bez Komunii \u015awi\u0119tej! Nie, nie mo\u017ce!<br \/>\n&#8211; Ty, kt\u00f3ry bola\u0142e\u015b nad niezrozumieniem ze strony Twoich rodzic\u00f3w w godzinie, gdy wype\u0142nia\u0142e\u015b Jezusowe wo\u0142anie: P\u00f3jd\u017a za mn\u0105!, ucz wszystkie wsp\u00f3\u0142czesne \u201ematki syn\u00f3w Zebeduszowych\u201d i wszystkich wsp\u00f3\u0142czesnych Jan\u00f3w Kostk\u00f3w, \u017ceby nie odwodzili swoich dzieci z drogi powo\u0142ania do kap\u0142a\u0144stwa, do \u017cycia konsekrowanego! \u017beby o t\u0119 zdolno\u015b\u0107 ofiarowania i darowania swych dzieci Bogu potrafili si\u0119 modli\u0107!<br \/>\n&#8211; Ty, kt\u00f3ry w swoim powo\u0142aniu by\u0142e\u015b szlachetny i czysty, b\u0105d\u017a wzorem dla wszystkich kap\u0142an\u00f3w, aby byli jak Ty szlachetni i czy\u015bci, bo takimi pragnie ich widzie\u0107 nasz spracowany, w trudzie szarego \u017cycia wychowuj\u0105cy swe potomstwo, lud. Bo do takich kap\u0142an\u00f3w ma on \u015bwi\u0119te prawo!<br \/>\n\u015awi\u0119ty Stanis\u0142awie Kostko z Rostkowa, sk\u0142adam w Twoje \u015bwi\u0119te, czyste d\u0142onie dzie\u0144 dzisiejszy i przysz\u0142o\u015b\u0107 naszego Ko\u015bcio\u0142a P\u0142ockiego! B\u0105d\u017a wci\u0105\u017c naszym Mocarnym Ziomkiem i b\u0142ogos\u0142aw nam! Amen!<\/h3>\n<h3 style=\"text-align: justify;\">P\u0142ock, Uroczysto\u015b\u0107 Jezusa Chrystusa Kr\u00f3la Wszech\u015bwiata, 25 listopada 2018 r.<\/h3>\n<h4 style=\"text-align: right;\"><em>Wasz biskup Piot<\/em><\/h4>\n","protected":false},"excerpt":{"rendered":"<p>\u201ePan m\u00f3wi: &lt;Oto nadchodz\u0105 dni, kiedy wype\u0142ni\u0119 pomy\u015bln\u0105 zapowied\u017a, jak\u0105 obwie\u015bci\u0142em&gt;\u201d (Jr 33,14 [I Czyt.]). Umi\u0142owani Bracia i Siostry! 1. Dzisiejsz\u0105 niedziel\u0105 rozpoczynamy ostatni miesi\u0105c 2018 roku. Jak\u017ce wa\u017cnego roku! By\u0142 to przecie\u017c i wci\u0105\u017c jeszcze jest Rok 100-lecia Odzyskania Niepodleg\u0142o\u015bci. Zastanawia\u0142em si\u0119, jak mog\u0142aby i powinna go uczci\u0107 nasza Diecezja, nasza Ojczyzna. I przypomnia\u0142em &hellip; <\/p>\n<p><a class=\"more-link btn\" href=\"https:\/\/parafiasmardzewo.pl\/?p=5287\">Kontynuuj czytanie<\/a><\/p>\n","protected":false},"author":1,"featured_media":4856,"comment_status":"open","ping_status":"open","sticky":false,"template":"","format":"standard","meta":[],"categories":[6],"tags":[],"_links":{"self":[{"href":"https:\/\/parafiasmardzewo.pl\/index.php?rest_route=\/wp\/v2\/posts\/5287"}],"collection":[{"href":"https:\/\/parafiasmardzewo.pl\/index.php?rest_route=\/wp\/v2\/posts"}],"about":[{"href":"https:\/\/parafiasmardzewo.pl\/index.php?rest_route=\/wp\/v2\/types\/post"}],"author":[{"embeddable":true,"href":"https:\/\/parafiasmardzewo.pl\/index.php?rest_route=\/wp\/v2\/users\/1"}],"replies":[{"embeddable":true,"href":"https:\/\/parafiasmardzewo.pl\/index.php?rest_route=%2Fwp%2Fv2%2Fcomments&post=5287"}],"version-history":[{"count":1,"href":"https:\/\/parafiasmardzewo.pl\/index.php?rest_route=\/wp\/v2\/posts\/5287\/revisions"}],"predecessor-version":[{"id":5288,"href":"https:\/\/parafiasmardzewo.pl\/index.php?rest_route=\/wp\/v2\/posts\/5287\/revisions\/5288"}],"wp:featuredmedia":[{"embeddable":true,"href":"https:\/\/parafiasmardzewo.pl\/index.php?rest_route=\/wp\/v2\/media\/4856"}],"wp:attachment":[{"href":"https:\/\/parafiasmardzewo.pl\/index.php?rest_route=%2Fwp%2Fv2%2Fmedia&parent=5287"}],"wp:term":[{"taxonomy":"category","embeddable":true,"href":"https:\/\/parafiasmardzewo.pl\/index.php?rest_route=%2Fwp%2Fv2%2Fcategories&post=5287"},{"taxonomy":"post_tag","embeddable":true,"href":"https:\/\/parafiasmardzewo.pl\/index.php?rest_route=%2Fwp%2Fv2%2Ftags&post=5287"}],"curies":[{"name":"wp","href":"https:\/\/api.w.org\/{rel}","templated":true}]}}