{"id":5419,"date":"2019-02-16T14:42:59","date_gmt":"2019-02-16T13:42:59","guid":{"rendered":"http:\/\/parafiasmardzewo.pl\/?p=5419"},"modified":"2019-02-16T17:35:10","modified_gmt":"2019-02-16T16:35:10","slug":"apel-biskupa-plockiego-o-wsparcie-dziela-rozbudowy-sanktuarium-bozego-milosierdzia","status":"publish","type":"post","link":"https:\/\/parafiasmardzewo.pl\/?p=5419","title":{"rendered":"APEL BISKUPA P\u0141OCKIEGO O WSPARCIE DZIE\u0141A ROZBUDOWY SANKTUARIUM BO\u017bEGO MI\u0141OSIERDZIA"},"content":{"rendered":"<p><strong>\u00a0 \u00a0 \u00a0 \u00a0 \u00a0 \u00a0 \u00a0 \u00a0 \u00a0 \u00a0 \u00a0 \u00a0Umi\u0142owani Diecezjanie!\u00a0\u00a0\u00a0\u00a0\u00a0\u00a0\u00a0\u00a0\u00a0\u00a0\u00a0\u00a0\u00a0\u00a0\u00a0\u00a0\u00a0\u00a0\u00a0\u00a0\u00a0\u00a0\u00a0\u00a0\u00a0\u00a0\u00a0\u00a0\u00a0\u00a0\u00a0\u00a0\u00a0\u00a0\u00a0\u00a0\u00a0\u00a0\u00a0\u00a0\u00a0\u00a0\u00a0\u00a0\u00a0\u00a0\u00a0\u00a0\u00a0\u00a0\u00a0\u00a0\u00a0\u00a0\u00a0\u00a0\u00a0\u00a0\u00a0\u00a0\u00a0\u00a0\u00a0\u00a0\u00a0\u00a0\u00a0\u00a0\u00a0\u00a0\u00a0\u00a0\u00a0\u00a0\u00a0\u00a0\u00a0\u00a0\u00a0\u00a0\u00a0\u00a0\u00a0\u00a0\u00a0\u00a0\u00a0\u00a0\u00a0\u00a0\u00a0\u00a0\u00a0\u00a0\u00a0\u00a0\u00a0\u00a0\u00a0\u00a0\u00a0\u00a0\u00a0\u00a0\u00a0\u00a0\u00a0\u00a0\u00a0\u00a0\u00a0\u00a0\u00a0\u00a0\u00a0\u00a0\u00a0\u00a0\u00a0\u00a0\u00a0\u00a0\u00a0\u00a0\u00a0\u00a0\u00a0\u00a0\u00a0\u00a0\u00a0\u00a0\u00a0\u00a0\u00a0\u00a0\u00a0\u00a0\u00a0 <\/strong><\/p>\n<p>Min\u0119\u0142o ju\u017c 80 lat od\u00a0\u015bmierci (5 pa\u017adziernika 1938 r.) niezwyk\u0142ej mistyczki, Aposto\u0142ki Bo\u017cego Mi\u0142osierdzia \u2013 \u015bwi\u0119tej siostry Faustyny Kowalskiej, kt\u00f3ra w\u00a0P\u0142ocku 22 lutego 1931 roku, mia\u0142a wizj\u0119 Jezusa Mi\u0142osiernego oraz otrzyma\u0142a polecenie namalowania obrazu, a\u00a0nast\u0119pnie polecenie ustanowienia \u015bwi\u0119ta Mi\u0142osierdzia Bo\u017cego w\u00a0pierwsz\u0105 niedziel\u0119 po\u00a0Wielkanocy. Or\u0119dzie o\u00a0Bo\u017cym Mi\u0142osierdziu, jako najwi\u0119kszym przymiocie Boga \u2013 jak objawi\u0142 Jezus siostrze Faustynie \u2013\u00a0zdoby\u0142o serca wiernych na\u00a0ca\u0142ym \u015bwiecie. Dzi\u015b miejsca kultu zwi\u0105zane z\u00a0or\u0119dziem Jezusa Mi\u0142osiernego i\u00a0z\u00a0siostr\u0105 Faustyn\u0105 ciesz\u0105 si\u0119 zainteresowaniem wielu pielgrzym\u00f3w nie tylko z\u00a0Polski, ale ca\u0142ego \u015bwiata. Maj\u0105c na\u00a0uwadze trosk\u0119, aby \u201ep\u0142ockie Betlejem Mi\u0142osierdzia\u201d by\u0142o miejscem, gdzie wierni b\u0119d\u0105 mogli w\u00a0godnych warunkach modli\u0107 si\u0119 o\u00a0Bo\u017ce Mi\u0142osierdzie i\u00a0go do\u015bwiadcza\u0107, gor\u0105co popieram prowadzone od\u00a0kilku lat przez Siostry Matki Bo\u017cej Mi\u0142osierdzia dzie\u0142o rozbudowy diecezjalnego Sanktuarium Bo\u017cego Mi\u0142osierdzia w\u00a0P\u0142ocku. Dnia 19 kwietnia 2009 r., w\u00a0\u015bwi\u0119to Mi\u0142osierdzia Bo\u017cego, po\u015bwi\u0119ci\u0142em kamie\u0144 w\u0119gielny z\u00a0Golgoty i\u00a0plac pod\u00a0rozbudow\u0119 Sanktuarium Bo\u017cego Mi\u0142osierdzia przy\u00a0Starym Rynku 14\/18 w\u00a0P\u0142ocku. Dzi\u015b ciesz\u0119 si\u0119 widz\u0105c mury i\u00a0wznosz\u0105c\u0105 si\u0119 ku niebu wie\u017c\u0119 Sanktuarium, zwan\u0105 wie\u017c\u0105 Mi\u0142osierdzia, dok\u0142adnie w\u00a0miejscu objawie\u0144 Jezusa. Potrzeby s\u0105 jeszcze ogromne. Obecnie trwaj\u0105 wysi\u0142ki, aby wykona\u0107 dach na\u00a0\u015bwi\u0105tyni. Zwracam si\u0119 zatem z\u00a0gor\u0105c\u0105 pro\u015bb\u0105 do\u00a0wszystkich diecezjan, kap\u0142an\u00f3w i\u00a0wiernych \u015bwieckich, o\u00a0wielkoduszne wsparcie dzie\u0142a rozbudowy Sanktuarium, w\u00a0najbli\u017csz\u0105 niedziel\u0119 24 lutego br. Niech pomoc Siostrom w\u00a0tym dziele b\u0119dzie znakiem naszej wielkoduszno\u015bci. Oby\u015bmy jak najszybciej, z\u00a0Bo\u017c\u0105 pomoc\u0105, mogli uczestniczy\u0107 w\u00a0po\u015bwi\u0119ceniu nowej \u015bwi\u0105tyni i\u00a0pos\u0142u\u017cy\u0107 si\u0119 s\u0142owami z\u00a0wizji Faustyny: \u201eDzi\u015b widzia\u0142am (&#8230;) wielkie mn\u00f3stwo ludzi by\u0142o na\u00a0zewn\u0105trz i\u00a0w\u00a0\u015bwi\u0105tyni, a\u00a0strumienie wychodz\u0105ce z\u00a0najlito\u015bciwszego Serca Jezusa sp\u0142ywa\u0142y na\u00a0wszystkich\u201d (Dz. 1689). Ju\u017c teraz sk\u0142adam wszystkim serdeczne \u201eB\u00f3g zap\u0142a\u0107!\u201d za\u00a0materialne wsparcie tej szlachetnej inicjatywy.<\/p>\n<p>P\u0142ock, dnia 5 lutego 2019 r. \u2020 Piotr Libera Biskup P\u0142ocki<\/p>\n","protected":false},"excerpt":{"rendered":"<p>\u00a0 \u00a0 \u00a0 \u00a0 \u00a0 \u00a0 \u00a0 \u00a0 \u00a0 \u00a0 \u00a0 \u00a0Umi\u0142owani Diecezjanie!\u00a0\u00a0\u00a0\u00a0\u00a0\u00a0\u00a0\u00a0\u00a0\u00a0\u00a0\u00a0\u00a0\u00a0\u00a0\u00a0\u00a0\u00a0\u00a0\u00a0\u00a0\u00a0\u00a0\u00a0\u00a0\u00a0\u00a0\u00a0\u00a0\u00a0\u00a0\u00a0\u00a0\u00a0\u00a0\u00a0\u00a0\u00a0\u00a0\u00a0\u00a0\u00a0\u00a0\u00a0\u00a0\u00a0\u00a0\u00a0\u00a0\u00a0\u00a0\u00a0\u00a0\u00a0\u00a0\u00a0\u00a0\u00a0\u00a0\u00a0\u00a0\u00a0\u00a0\u00a0\u00a0\u00a0\u00a0\u00a0\u00a0\u00a0\u00a0\u00a0\u00a0\u00a0\u00a0\u00a0\u00a0\u00a0\u00a0\u00a0\u00a0\u00a0\u00a0\u00a0\u00a0\u00a0\u00a0\u00a0\u00a0\u00a0\u00a0\u00a0\u00a0\u00a0\u00a0\u00a0\u00a0\u00a0\u00a0\u00a0\u00a0\u00a0\u00a0\u00a0\u00a0\u00a0\u00a0\u00a0\u00a0\u00a0\u00a0\u00a0\u00a0\u00a0\u00a0\u00a0\u00a0\u00a0\u00a0\u00a0\u00a0\u00a0\u00a0\u00a0\u00a0\u00a0\u00a0\u00a0\u00a0\u00a0\u00a0\u00a0\u00a0\u00a0\u00a0\u00a0\u00a0\u00a0\u00a0 Min\u0119\u0142o ju\u017c 80 lat od\u00a0\u015bmierci (5 pa\u017adziernika 1938 r.) niezwyk\u0142ej mistyczki, Aposto\u0142ki Bo\u017cego Mi\u0142osierdzia \u2013 \u015bwi\u0119tej siostry Faustyny Kowalskiej, kt\u00f3ra w\u00a0P\u0142ocku 22 lutego 1931 roku, mia\u0142a wizj\u0119 Jezusa Mi\u0142osiernego oraz otrzyma\u0142a polecenie namalowania obrazu, a\u00a0nast\u0119pnie polecenie ustanowienia \u015bwi\u0119ta Mi\u0142osierdzia Bo\u017cego w\u00a0pierwsz\u0105 niedziel\u0119 &hellip; <\/p>\n<p><a class=\"more-link btn\" href=\"https:\/\/parafiasmardzewo.pl\/?p=5419\">Kontynuuj czytanie<\/a><\/p>\n","protected":false},"author":2,"featured_media":0,"comment_status":"open","ping_status":"open","sticky":false,"template":"","format":"standard","meta":[],"categories":[1],"tags":[],"_links":{"self":[{"href":"https:\/\/parafiasmardzewo.pl\/index.php?rest_route=\/wp\/v2\/posts\/5419"}],"collection":[{"href":"https:\/\/parafiasmardzewo.pl\/index.php?rest_route=\/wp\/v2\/posts"}],"about":[{"href":"https:\/\/parafiasmardzewo.pl\/index.php?rest_route=\/wp\/v2\/types\/post"}],"author":[{"embeddable":true,"href":"https:\/\/parafiasmardzewo.pl\/index.php?rest_route=\/wp\/v2\/users\/2"}],"replies":[{"embeddable":true,"href":"https:\/\/parafiasmardzewo.pl\/index.php?rest_route=%2Fwp%2Fv2%2Fcomments&post=5419"}],"version-history":[{"count":1,"href":"https:\/\/parafiasmardzewo.pl\/index.php?rest_route=\/wp\/v2\/posts\/5419\/revisions"}],"predecessor-version":[{"id":5420,"href":"https:\/\/parafiasmardzewo.pl\/index.php?rest_route=\/wp\/v2\/posts\/5419\/revisions\/5420"}],"wp:attachment":[{"href":"https:\/\/parafiasmardzewo.pl\/index.php?rest_route=%2Fwp%2Fv2%2Fmedia&parent=5419"}],"wp:term":[{"taxonomy":"category","embeddable":true,"href":"https:\/\/parafiasmardzewo.pl\/index.php?rest_route=%2Fwp%2Fv2%2Fcategories&post=5419"},{"taxonomy":"post_tag","embeddable":true,"href":"https:\/\/parafiasmardzewo.pl\/index.php?rest_route=%2Fwp%2Fv2%2Ftags&post=5419"}],"curies":[{"name":"wp","href":"https:\/\/api.w.org\/{rel}","templated":true}]}}