{"id":5485,"date":"2019-04-10T22:33:34","date_gmt":"2019-04-10T20:33:34","guid":{"rendered":"http:\/\/parafiasmardzewo.pl\/?p=5485"},"modified":"2019-04-29T13:42:51","modified_gmt":"2019-04-29T11:42:51","slug":"zaproszenie-biskupa-plockiego-na-niedziele-palmowa","status":"publish","type":"post","link":"https:\/\/parafiasmardzewo.pl\/?p=5485","title":{"rendered":"ZAPROSZENIE BISKUPA P\u0141OCKIEGO NA NIEDZIEL\u0118 PALMOW\u0104"},"content":{"rendered":"<p>Drodzy M\u0142odzi Diecezji P\u0142ockiej,\u00a0 \u00a0 \u00a0 \u00a0 \u00a0 \u00a0 \u00a0 \u00a0 \u00a0 \u00a0 \u00a0 \u00a0 \u00a0 \u00a0 \u00a0 \u00a0 \u00a0 \u00a0 \u00a0 \u00a0 \u00a0 \u00a0 \u00a0 \u00a0 \u00a0 \u00a0 \u00a0 \u00a0 \u00a0 \u00a0 \u00a0 \u00a0 \u00a0 \u00a0 \u00a0 \u00a0 \u00a0 \u00a0 \u00a0 \u00a0 \u00a0 \u00a0 \u00a0 \u00a0 \u00a0 \u00a0 \u00a0 \u00a0 \u00a0 \u00a0 \u00a0 \u00a0 \u00a0 \u00a0 \u00a0 \u00a0 \u00a0 \u00a0 \u00a0 \u00a0 \u00a0 \u00a0 \u00a0 \u00a0 \u00a0 \u00a0 \u00a0 \u00a0 \u00a0 \u00a0 \u00a0 \u00a0 \u00a0 \u00a0 \u00a0 \u00a0 \u00a0 \u00a0 \u00a0 \u00a0 \u00a0 \u00a0 \u00a0 \u00a0 \u00a0 przed kilku dniami papie\u017c Franciszek podpisa\u0142 adhortacj\u0119 \u201eChristus vivit\u201d \u2013 owoc pracy pa\u017adziernikowego synodu biskup\u00f3w po\u015bwi\u0119conego m\u0142odzie\u017cy. Poprzedzi\u0142 go p\u0142ocki synod m\u0142odych, zako\u0144czony \u201ePrzes\u0142aniem\u201d, w kt\u00f3rym o Ko\u015bciele wypowiedzieli si\u0119 m\u0142odzi Mazowsza. Te dwa spotkania i dwa teksty nie mog\u0105 pozosta\u0107 tylko wydarzeniami medialnymi i papierowymi dokumentami \u2013 maj\u0105 pom\u00f3c w odnowie duszpasterstwa m\u0142odzie\u017cy naszej diecezji. Przynagla do tego r\u00f3wnie\u017c prze\u017cywana w tym roku w Ko\u015bciele 20. rocznica beatyfikacji p\u0142ockich Biskup\u00f3w M\u0119czennik\u00f3w, Antoniego Juliana Nowowiejskiego i Leona Wetma\u0144skiego. Te trzy okazje, to wezwanie do szczeg\u00f3lnej modlitwy za Ko\u015bci\u00f3\u0142 p\u0142ocki, jego Pasterzy, duchowie\u0144stwo oraz o powo\u0142ania do kap\u0142a\u0144stwa. Serdecznie zapraszam Was do w\u0142\u0105czenia si\u0119 w t\u0119 modlitw\u0119.<br \/>\nMy biskupi, ksi\u0119\u017ca potrzebujemy waszego wsparcia i modlitewnego towarzyszenia. Potrzebuj\u0105 go szczeg\u00f3lnie wasi r\u00f3wie\u015bnicy, kt\u00f3rzy studiuj\u0105 w naszym seminarium lub dopiero zamierzaj\u0105 do niego wst\u0105pi\u0107. Pami\u0119tajcie, prosz\u0119, \u017ce \u015bwi\u0119to\u015b\u0107 waszych duszpasterzy zale\u017cy tak\u017ce od waszej modlitwy.<br \/>\nWyra\u017amy zatem Ojcu \u015bwi\u0119temu wdzi\u0119czno\u015b\u0107 za trosk\u0119 i sta\u0142e zainteresowanie o ludzi m\u0142odych w Ko\u015bciele XXI wieku. M\u00f3dlmy si\u0119 o realizacj\u0119 pomys\u0142\u00f3w i postulat\u00f3w II p\u0142ockiego synodu m\u0142odych Diecezji P\u0142ockiej oraz synodu biskup\u00f3w w naszych parafiach, wsp\u00f3lnotach i duszpasterstwach. Dobr\u0105 okazj\u0105 do tego b\u0119dzie Niedziela Palmowa M\u0142odych, kt\u00f3r\u0105 b\u0119dziemy \u015bwi\u0119towa\u0107 14 kwietnia w parafii \u015bw. Maksymiliana Kolbego w P\u0142o\u0144sku. Zach\u0119cam Was do uczestnictwa w tym radosnym spotkaniu m\u0142odych. Zach\u0119t\u0119 t\u0119 kieruj\u0119 zw\u0142aszcza do tych, kt\u00f3rzy w tym roku przyjm\u0105 sakrament bierzmowania i do m\u0142odzie\u017cy zaanga\u017cowanej w duszpasterstwo parafialne.<br \/>\nDo udzia\u0142u w Niedzieli Palmowej M\u0142odych, w tym do koncelebrowania Mszy \u015bw. o godz. 15.00 w intencji m\u0142odzie\u017cy, zapraszam ksi\u0119\u017cy proboszcz\u00f3w, katechet\u00f3w i dekanalnych duszpasterzy m\u0142odzie\u017cy. Po Mszy \u015bw. przejdziemy do Miejskiego Centrum Sportu i Rekreacji, by razem z zespo\u0142em \u201eniemaGotu\u201d prze\u017cywa\u0107 pocz\u0105tek Wielkiego Tygodnia i przygotowa\u0107 si\u0119 do Triduum Paschalnego.<br \/>\nZ serdecznymi pozdrowieniami i modlitw\u0105.<\/p>\n<p>P\u0142ock, dnia 25 marca 2019 r.<br \/>\nW Uroczysto\u015b\u0107 Zwiastowania Pa\u0144skiego<\/p>\n<p><em>Wasz Biskup Piotr<\/em><\/p>\n","protected":false},"excerpt":{"rendered":"<p>Drodzy M\u0142odzi Diecezji P\u0142ockiej,\u00a0 \u00a0 \u00a0 \u00a0 \u00a0 \u00a0 \u00a0 \u00a0 \u00a0 \u00a0 \u00a0 \u00a0 \u00a0 \u00a0 \u00a0 \u00a0 \u00a0 \u00a0 \u00a0 \u00a0 \u00a0 \u00a0 \u00a0 \u00a0 \u00a0 \u00a0 \u00a0 \u00a0 \u00a0 \u00a0 \u00a0 \u00a0 \u00a0 \u00a0 \u00a0 \u00a0 \u00a0 \u00a0 \u00a0 \u00a0 \u00a0 \u00a0 \u00a0 \u00a0 \u00a0 \u00a0 \u00a0 \u00a0 \u00a0 \u00a0 \u00a0 \u00a0 &hellip; <\/p>\n<p><a class=\"more-link btn\" href=\"https:\/\/parafiasmardzewo.pl\/?p=5485\">Kontynuuj czytanie<\/a><\/p>\n","protected":false},"author":2,"featured_media":5173,"comment_status":"open","ping_status":"open","sticky":false,"template":"","format":"standard","meta":[],"categories":[6],"tags":[],"_links":{"self":[{"href":"https:\/\/parafiasmardzewo.pl\/index.php?rest_route=\/wp\/v2\/posts\/5485"}],"collection":[{"href":"https:\/\/parafiasmardzewo.pl\/index.php?rest_route=\/wp\/v2\/posts"}],"about":[{"href":"https:\/\/parafiasmardzewo.pl\/index.php?rest_route=\/wp\/v2\/types\/post"}],"author":[{"embeddable":true,"href":"https:\/\/parafiasmardzewo.pl\/index.php?rest_route=\/wp\/v2\/users\/2"}],"replies":[{"embeddable":true,"href":"https:\/\/parafiasmardzewo.pl\/index.php?rest_route=%2Fwp%2Fv2%2Fcomments&post=5485"}],"version-history":[{"count":1,"href":"https:\/\/parafiasmardzewo.pl\/index.php?rest_route=\/wp\/v2\/posts\/5485\/revisions"}],"predecessor-version":[{"id":5486,"href":"https:\/\/parafiasmardzewo.pl\/index.php?rest_route=\/wp\/v2\/posts\/5485\/revisions\/5486"}],"wp:featuredmedia":[{"embeddable":true,"href":"https:\/\/parafiasmardzewo.pl\/index.php?rest_route=\/wp\/v2\/media\/5173"}],"wp:attachment":[{"href":"https:\/\/parafiasmardzewo.pl\/index.php?rest_route=%2Fwp%2Fv2%2Fmedia&parent=5485"}],"wp:term":[{"taxonomy":"category","embeddable":true,"href":"https:\/\/parafiasmardzewo.pl\/index.php?rest_route=%2Fwp%2Fv2%2Fcategories&post=5485"},{"taxonomy":"post_tag","embeddable":true,"href":"https:\/\/parafiasmardzewo.pl\/index.php?rest_route=%2Fwp%2Fv2%2Ftags&post=5485"}],"curies":[{"name":"wp","href":"https:\/\/api.w.org\/{rel}","templated":true}]}}