{"id":5503,"date":"2019-04-20T20:56:12","date_gmt":"2019-04-20T18:56:12","guid":{"rendered":"http:\/\/parafiasmardzewo.pl\/?p=5503"},"modified":"2019-04-29T13:42:42","modified_gmt":"2019-04-29T11:42:42","slug":"zyczenia-wielkanocne","status":"publish","type":"post","link":"https:\/\/parafiasmardzewo.pl\/?p=5503","title":{"rendered":"\u017bYCZENIA WIELKANOCNE"},"content":{"rendered":"<p>Niech prawda o powstaniu z martwych naszego Zbawiciela Jezusa Chrystusa, kt\u00f3ra niesie tak\u017ce nadziej\u0119 naszego zmartwychwstania, przenika ca\u0142e nasze \u017cycie. Niech b\u0119dzie ukojeniem w cierpieniu i smutku, niech stanie si\u0119 \u017ar\u00f3d\u0142em rado\u015bci w naszej codzienno\u015bci. Niech dodaje si\u0142y w zmaganiu si\u0119 ze s\u0142abo\u015bciami i wzrastaniu w cnotach. Niech przenika nasze \u017cycie rodzinne, zawodowe i spo\u0142eczne. Niech pozwoli nam w ca\u0142kowitej szczero\u015bci serca \u015bwi\u0119towa\u0107 dzie\u0144 radosnego zwyci\u0119stwa \u017cycia nad \u015bmierci\u0105. \u017bycz\u0119 Parafianom i Go\u015bciom, kt\u00f3rzy modl\u0105 si\u0119 w naszej \u015bwi\u0105tyni b\u0142ogos\u0142awionych i szcz\u0119\u015bliwych \u015awi\u0105t Wielkanocnych.<\/p>\n<p>ks. proboszcz<\/p>\n","protected":false},"excerpt":{"rendered":"<p>Niech prawda o powstaniu z martwych naszego Zbawiciela Jezusa Chrystusa, kt\u00f3ra niesie tak\u017ce nadziej\u0119 naszego zmartwychwstania, przenika ca\u0142e nasze \u017cycie. Niech b\u0119dzie ukojeniem w cierpieniu i smutku, niech stanie si\u0119 \u017ar\u00f3d\u0142em rado\u015bci w naszej codzienno\u015bci. Niech dodaje si\u0142y w zmaganiu si\u0119 ze s\u0142abo\u015bciami i wzrastaniu w cnotach. Niech przenika nasze \u017cycie rodzinne, zawodowe i spo\u0142eczne. &hellip; <\/p>\n<p><a class=\"more-link btn\" href=\"https:\/\/parafiasmardzewo.pl\/?p=5503\">Kontynuuj czytanie<\/a><\/p>\n","protected":false},"author":2,"featured_media":3469,"comment_status":"open","ping_status":"open","sticky":false,"template":"","format":"standard","meta":[],"categories":[6],"tags":[],"_links":{"self":[{"href":"https:\/\/parafiasmardzewo.pl\/index.php?rest_route=\/wp\/v2\/posts\/5503"}],"collection":[{"href":"https:\/\/parafiasmardzewo.pl\/index.php?rest_route=\/wp\/v2\/posts"}],"about":[{"href":"https:\/\/parafiasmardzewo.pl\/index.php?rest_route=\/wp\/v2\/types\/post"}],"author":[{"embeddable":true,"href":"https:\/\/parafiasmardzewo.pl\/index.php?rest_route=\/wp\/v2\/users\/2"}],"replies":[{"embeddable":true,"href":"https:\/\/parafiasmardzewo.pl\/index.php?rest_route=%2Fwp%2Fv2%2Fcomments&post=5503"}],"version-history":[{"count":3,"href":"https:\/\/parafiasmardzewo.pl\/index.php?rest_route=\/wp\/v2\/posts\/5503\/revisions"}],"predecessor-version":[{"id":5506,"href":"https:\/\/parafiasmardzewo.pl\/index.php?rest_route=\/wp\/v2\/posts\/5503\/revisions\/5506"}],"wp:featuredmedia":[{"embeddable":true,"href":"https:\/\/parafiasmardzewo.pl\/index.php?rest_route=\/wp\/v2\/media\/3469"}],"wp:attachment":[{"href":"https:\/\/parafiasmardzewo.pl\/index.php?rest_route=%2Fwp%2Fv2%2Fmedia&parent=5503"}],"wp:term":[{"taxonomy":"category","embeddable":true,"href":"https:\/\/parafiasmardzewo.pl\/index.php?rest_route=%2Fwp%2Fv2%2Fcategories&post=5503"},{"taxonomy":"post_tag","embeddable":true,"href":"https:\/\/parafiasmardzewo.pl\/index.php?rest_route=%2Fwp%2Fv2%2Ftags&post=5503"}],"curies":[{"name":"wp","href":"https:\/\/api.w.org\/{rel}","templated":true}]}}