{"id":5509,"date":"2019-04-21T20:53:24","date_gmt":"2019-04-21T18:53:24","guid":{"rendered":"http:\/\/parafiasmardzewo.pl\/?p=5509"},"modified":"2019-04-21T20:56:38","modified_gmt":"2019-04-21T18:56:38","slug":"list-rektora-wyzszego-seminarium-duchownego-w-plocku-2","status":"publish","type":"post","link":"https:\/\/parafiasmardzewo.pl\/?p=5509","title":{"rendered":"LIST REKTORA WY\u017bSZEGO SEMINARIUM DUCHOWNEGO W P\u0141OCKU"},"content":{"rendered":"<p><strong>LIST REKTORA WY\u017bSZEGO SEMINARIUM DUCHOWNEGO W P\u0141OCKU\u00a0 \u00a0 \u00a0 \u00a0 \u00a0 \u00a0 \u00a0 \u00a0 \u00a0 \u00a0 \u00a0 \u00a0 \u00a0 \u00a0 \u00a0 \u00a0 \u00a0 \u00a0 \u00a0 \u00a0 \u00a0 \u00a0 \u00a0 \u00a0 \u00a0 \u00a0 \u00a0 \u00a0 \u00a0 \u00a0 \u00a0 \u00a0 \u00a0 \u00a0 <\/strong><\/p>\n<p><strong>\u00a0 \u00a0 \u00a0 \u00a0 \u00a0 \u00a0 \u00a0 \u00a0 \u00a0 \u00a0 \u00a0 \u00a0 NA PONIEDZIA\u0141EK WIELKANOCNY 2019 R.<\/strong><\/p>\n<p><strong>\u00a0 \u00a0 \u00a0 \u00a0 \u00a0 \u00a0 \u00a0 \u00a0 \u00a0 \u00a0 \u00a0 \u00a0 \u00a0 \u00a0 \u00a0 \u00a0 \u00a0 \u00a0 \u00a0 Siostry i Bracia!\u00a0\u00a0\u00a0\u00a0\u00a0\u00a0\u00a0\u00a0\u00a0\u00a0\u00a0\u00a0\u00a0\u00a0\u00a0\u00a0\u00a0\u00a0\u00a0\u00a0\u00a0\u00a0\u00a0\u00a0\u00a0\u00a0\u00a0\u00a0\u00a0\u00a0\u00a0\u00a0\u00a0\u00a0\u00a0\u00a0\u00a0\u00a0\u00a0\u00a0\u00a0\u00a0\u00a0\u00a0\u00a0\u00a0\u00a0\u00a0\u00a0\u00a0\u00a0\u00a0\u00a0\u00a0\u00a0\u00a0\u00a0\u00a0\u00a0\u00a0\u00a0\u00a0\u00a0\u00a0\u00a0\u00a0\u00a0\u00a0\u00a0\u00a0\u00a0\u00a0\u00a0\u00a0\u00a0\u00a0\u00a0\u00a0\u00a0\u00a0\u00a0\u00a0\u00a0\u00a0\u00a0\u00a0\u00a0\u00a0\u00a0\u00a0\u00a0\u00a0\u00a0\u00a0\u00a0\u00a0\u00a0\u00a0\u00a0\u00a0\u00a0 <\/strong><\/p>\n<p>W Wielkanocny Poniedzia\u0142ek do\u0142\u0105czamy do \u201em\u0119\u017c\u00f3w z Judei i wszystkich mieszka\u0144c\u00f3w Jeruzalem\u201d, by s\u0142ucha\u0107 Aposto\u0142a Piotra i Aposto\u0142\u00f3w, g\u0142osz\u0105cych \u201eJezusa Nazarejczyka, kt\u00f3rego [&#8230;] wskrzesi\u0142 B\u00f3g\u201d (Dz. 2, 22.32). Z tego or\u0119dzia, pomimo up\u0142ywu wiek\u00f3w, wci\u0105\u017c rodzi si\u0119 i odradza Ko\u015bci\u00f3\u0142, Ko\u015bci\u00f3\u0142 entuzjazmu i nadziei, Ko\u015bci\u00f3\u0142 przekonany, \u017ce rado\u015b\u0107, kt\u00f3ra sta\u0142a si\u0119 jego udzia\u0142em, musi by\u0107 przekazywana dalej. W Wieki Pi\u0105tek, kiedy Pan zawis\u0142 na krzy\u017cu, wszystko wskazywa\u0142o na to, \u017ce Jego przes\u0142anie, Jego Ewangelia si\u0119 sko\u0144czy\u0142a. Tak niewielu zosta\u0142o pod krzy\u017cem, a i ci, kt\u00f3rzy zostali, trwali pozbawieni nadziei. W Dzie\u0144 Wielkanocny sam Chrystus, przychodz\u0105c do nich, obdarzy\u0142 ich now\u0105 moc\u0105, entuzjazmem, m\u0142odo\u015bci\u0105! Tak\u0105 w\u0142a\u015bnie wizj\u0119 Ko\u015bcio\u0142a &#8211; Ko\u015bcio\u0142a m\u0142odego, Ko\u015bcio\u0142a nadziei i entuzjazmu roztacza przed nami papie\u017c Franciszek, pisz\u0105c w tych dniach do ca\u0142ej wsp\u00f3lnoty wierz\u0105cych na \u015bwiecie wspania\u0142y List Christus Vivit \u2013 \u201eChrystus \u017cyje\u201d, pok\u0142osie zesz\u0142orocznego Synodu M\u0142odych. M\u0142odo\u015b\u0107, przypomina w swoim Li\u015bcie Ojciec \u015awi\u0119ty, nie oznacza jedynie kr\u00f3tkiego czasu pomi\u0119dzy dzieci\u0144stwem i doros\u0142o\u015bci\u0105. Jest czym\u015b wi\u0119cej &#8211; \u201eprawdziwa m\u0142odo\u015b\u0107 polega na posiadaniu serca zdolnego do kochania\u201d. Wyra\u017ca si\u0119 ona tak\u017ce gotowo\u015bci\u0105 do przemiany, zdolno\u015bci\u0105 do przyjmowania \u017cycia z ca\u0142ym jego bogactwem. Oczywi\u015bcie, Ko\u015bci\u00f3\u0142 wiele zawdzi\u0119cza ludziom dojrza\u0142ym i do\u015bwiadczonym. Nie mo\u017ce jednak zapomnie\u0107 o zast\u0119pach tych, kt\u00f3rzy b\u0119d\u0105c m\u0142odymi, wnie\u015bli nowego ducha w jego \u017cycie. Tylu \u015bwi\u0119tych \u2013 Papie\u017c ich wylicza &#8211; \u015bw. Sebastian, Franciszek z Asy\u017cu, Teresa od Dzieci\u0105tka Jezus, Dominik Savio, Piotr Jerzy Frassati, wyznacza\u0142o nowe drogi \u017cycia chrze\u015bcija\u0144skiego. To przez nich Jezus zawstydza nas, doros\u0142ych, i nieustannie pokazuje, \u017ce m\u0142odo\u015b\u0107 ma wiele do zaoferowania Ko\u015bcio\u0142owi. W tym kontek\u015bcie Ojciec \u015awi\u0119ty przypomnia\u0142 m\u0142odego ch\u0142opaka, W\u0142ocha, kt\u00f3ry zmar\u0142 w 2006 roku, w wieku zaledwie 15 lat. Nazywa\u0142 si\u0119 Carlo Acutis. Gra\u0142 na saksofonie, jak wielu m\u0142odych interesowa\u0142 si\u0119 internetem, ale umia\u0142 to wszystko wykorzysta\u0107 do przekazywania pi\u0119kna Ewangelii. Za \u017cyciowe motto obra\u0142 sobie wezwanie: \u201eBy\u0107 zawsze blisko Chrystusa\u201d. Stworzy\u0142 stron\u0119 internetow\u0105 po\u015bwi\u0119con\u0105 cudom eucharystycznym, kt\u00f3r\u0105 do tej pory mo\u017cna przegl\u0105da\u0107 w internecie. W wieku 7 lat przyj\u0105\u0142 pierwsz\u0105 Komuni\u0119 \u015bw., codziennie uczestniczy\u0142 w Eucharystii, pomaga\u0142 bezdomnym, wspiera\u0142 ubogich, oddaj\u0105c im niewielkie sumy pieni\u0119dzy, otrzymywane od rodzic\u00f3w. Swoje cierpienia ofiarowa\u0142 w intencji Ko\u015bcio\u0142a i Ojca \u015awi\u0119tego. Gdy dowiedzia\u0142 si\u0119, \u017ce choruje na bia\u0142aczk\u0119, napisa\u0142 znamienne s\u0142owa: \u201eciesz\u0119 si\u0119, \u017ce umieram tak wcze\u015bnie, bo nie zmarnowa\u0142em ani minuty \u017cycia na rzeczy, kt\u00f3re nie podoba\u0142yby si\u0119 Bogu\u201d. Carlo i m\u0142odzi \u017cyj\u0105cy jak on, przypomina nam, \u017ce Jezus nie jest tylko dobrym przyk\u0142adem z przesz\u0142o\u015bci, nie jest tylko wspomnieniem i nie jest tylko kim\u015b, kto zbawi\u0142 nas dwa tysi\u0105ce lat temu. Przypomina, \u017ce Zmartwychwstanie nie jest minionym, jednorazowym wydarzeniem z historii. Zmartwychwsta\u0142y \u017cyje i to od Niego wci\u0105\u017c p\u0142ynie moc przemiany, zach\u0119ta do odwagi p\u00f3j\u015bcia w nieznane.<br \/>\n<strong>\u00a0 \u00a0 \u00a0 \u00a0 Przyznam Wam<\/strong>, <strong>Siostry i Bracia<\/strong>, \u017ce w\u0142a\u015bnie takich ludzi, taki autentyzm, entuzjazm i pragnienie s\u0142u\u017cby widz\u0119, patrz\u0105c co dzie\u0144 na trzydziestk\u0119 m\u0142odych m\u0119\u017cczyzn przygotowuj\u0105cych si\u0119 w naszym p\u0142ockim Seminarium do kap\u0142a\u0144stwa. Owszem, oni znaj\u0105 swoje ograniczenia i przeczuwaj\u0105 wyzwania, jakie przed nimi stoj\u0105. Staramy si\u0119 przygotowa\u0107 ich do tych wyzwa\u0144, posy\u0142aj\u0105c na praktyk\u0119 do szk\u00f3\u0142, do szpitali, do hospicj\u00f3w, a nawet do p\u0142ockiego wi\u0119zienia. Wiedz\u0105, \u017ce nie spotkaj\u0105 si\u0119 w tym \u015bwiecie z sam\u0105 tylko akceptacj\u0105. Ju\u017c teraz, gdy id\u0105 ulic\u0105 w sutannie, spotyka ich niekiedy obelga czy tzw. ci\u0119\u017ckie s\u0142owo. Ale trwaj\u0105! S\u0105! A ja wierz\u0119, \u017ce tak\u017ce w tym roku, w czerwcu, do\u0142\u0105cz\u0105 do nich inni, pragn\u0105cy jak Aposto\u0142owie by\u0107 \u201estra\u017cnikami wielkanocnego poranka\u201d. \u201ePan \u2013 pisze w swoim Li\u015bcie papie\u017c Franciszek &#8211; nie mo\u017ce nie dotrzyma\u0107 swojej obietnicy, \u017ce nie opu\u015bci Ko\u015bcio\u0142a pozbawionego pasterzy, bez kt\u00f3rych nie m\u00f3g\u0142by \u017cy\u0107 ani wype\u0142nia\u0107 swojej misji\u201d. Jezus \u201enadal idzie mi\u0119dzy nami, tak jak to czyni\u0142 w Galilei. Przechodzi przez nasze ulice, zatrzymuje si\u0119 i patrzy nam w oczy, bez po\u015bpiechu\u201d. M\u00f3dlmy si\u0119, by Jego powo\u0142anie wci\u0105\u017c fascynowa\u0142o wielu m\u0142odych z naszej diecezji! By potrafili, chcieli na nie odpowiedzie\u0107.\u00a0 \u00a0 \u00a0 \u00a0 \u00a0 \u00a0 \u00a0 \u00a0 \u00a0 \u00a0 \u00a0 \u00a0 \u00a0 \u00a0 \u00a0 \u00a0 \u00a0 \u00a0 \u00a0 \u00a0 \u00a0 \u00a0 \u00a0 \u00a0 \u00a0 \u00a0 \u00a0 \u00a0 \u00a0 \u00a0 \u00a0 \u00a0 \u00a0 \u00a0 \u00a0 \u00a0 \u00a0 \u00a0 \u00a0 \u00a0 \u00a0 \u00a0 \u00a0 \u00a0 \u00a0 \u00a0 \u00a0 \u00a0 \u00a0 \u00a0 \u00a0 \u00a0 \u00a0 \u00a0 \u00a0 \u00a0 \u00a0 \u00a0 \u00a0 \u00a0 \u00a0 \u00a0 \u00a0 \u00a0 \u00a0<strong> \u00a0 Siostry i Bracia<\/strong>! Z okazji Wielkanocy 2019 roku raz jeszcze dzi\u0119kuj\u0119 serdecznie Wam i Waszym kap\u0142anom za trosk\u0119 o Seminarium, za ka\u017cde wsparcie naszej wsp\u00f3lnoty. Niech Zmartwychwsta\u0142y uczyni Wasze serca m\u0142odymi, otwartymi i zdolnymi do kochania. Niech w naszych rodzinach, wsp\u00f3lnotach parafialnych i Ojczy\u017anie bij\u0105 zawsze m\u0142ode serca poruszone przez Zmartwychwsta\u0142ego Pana. P\u0142ock, Poniedzia\u0142ek Wielkanocny 2019 r.<\/p>\n<p><em>Ks. Marek Jarosz<\/em>\u00a0\u00a0\u00a0\u00a0\u00a0\u00a0\u00a0\u00a0\u00a0\u00a0\u00a0\u00a0\u00a0\u00a0\u00a0\u00a0\u00a0\u00a0\u00a0\u00a0\u00a0\u00a0\u00a0\u00a0\u00a0\u00a0\u00a0\u00a0\u00a0\u00a0 <em>Rektor WSD w P\u0142ocku<\/em><\/p>\n","protected":false},"excerpt":{"rendered":"<p>LIST REKTORA WY\u017bSZEGO SEMINARIUM DUCHOWNEGO W P\u0141OCKU\u00a0 \u00a0 \u00a0 \u00a0 \u00a0 \u00a0 \u00a0 \u00a0 \u00a0 \u00a0 \u00a0 \u00a0 \u00a0 \u00a0 \u00a0 \u00a0 \u00a0 \u00a0 \u00a0 \u00a0 \u00a0 \u00a0 \u00a0 \u00a0 \u00a0 \u00a0 \u00a0 \u00a0 \u00a0 \u00a0 \u00a0 \u00a0 \u00a0 \u00a0 \u00a0 \u00a0 \u00a0 \u00a0 \u00a0 \u00a0 \u00a0 \u00a0 \u00a0 \u00a0 \u00a0 \u00a0 NA PONIEDZIA\u0141EK WIELKANOCNY &hellip; <\/p>\n<p><a class=\"more-link btn\" href=\"https:\/\/parafiasmardzewo.pl\/?p=5509\">Kontynuuj czytanie<\/a><\/p>\n","protected":false},"author":2,"featured_media":3463,"comment_status":"open","ping_status":"open","sticky":false,"template":"","format":"standard","meta":[],"categories":[6],"tags":[],"_links":{"self":[{"href":"https:\/\/parafiasmardzewo.pl\/index.php?rest_route=\/wp\/v2\/posts\/5509"}],"collection":[{"href":"https:\/\/parafiasmardzewo.pl\/index.php?rest_route=\/wp\/v2\/posts"}],"about":[{"href":"https:\/\/parafiasmardzewo.pl\/index.php?rest_route=\/wp\/v2\/types\/post"}],"author":[{"embeddable":true,"href":"https:\/\/parafiasmardzewo.pl\/index.php?rest_route=\/wp\/v2\/users\/2"}],"replies":[{"embeddable":true,"href":"https:\/\/parafiasmardzewo.pl\/index.php?rest_route=%2Fwp%2Fv2%2Fcomments&post=5509"}],"version-history":[{"count":3,"href":"https:\/\/parafiasmardzewo.pl\/index.php?rest_route=\/wp\/v2\/posts\/5509\/revisions"}],"predecessor-version":[{"id":5512,"href":"https:\/\/parafiasmardzewo.pl\/index.php?rest_route=\/wp\/v2\/posts\/5509\/revisions\/5512"}],"wp:featuredmedia":[{"embeddable":true,"href":"https:\/\/parafiasmardzewo.pl\/index.php?rest_route=\/wp\/v2\/media\/3463"}],"wp:attachment":[{"href":"https:\/\/parafiasmardzewo.pl\/index.php?rest_route=%2Fwp%2Fv2%2Fmedia&parent=5509"}],"wp:term":[{"taxonomy":"category","embeddable":true,"href":"https:\/\/parafiasmardzewo.pl\/index.php?rest_route=%2Fwp%2Fv2%2Fcategories&post=5509"},{"taxonomy":"post_tag","embeddable":true,"href":"https:\/\/parafiasmardzewo.pl\/index.php?rest_route=%2Fwp%2Fv2%2Ftags&post=5509"}],"curies":[{"name":"wp","href":"https:\/\/api.w.org\/{rel}","templated":true}]}}