{"id":5871,"date":"2019-07-06T22:05:29","date_gmt":"2019-07-06T20:05:29","guid":{"rendered":"http:\/\/parafiasmardzewo.pl\/?p=5871"},"modified":"2019-07-06T22:05:38","modified_gmt":"2019-07-06T20:05:38","slug":"slowo-biskupa-plockiego","status":"publish","type":"post","link":"https:\/\/parafiasmardzewo.pl\/?p=5871","title":{"rendered":"S\u0142owo Biskupa P\u0142ockiego"},"content":{"rendered":"<p><strong>S\u0142owo Biskupa P\u0142ockiego\u00a0 \u00a0 \u00a0 \u00a0 \u00a0 \u00a0 \u00a0 \u00a0 \u00a0 \u00a0 \u00a0 \u00a0 \u00a0 \u00a0 \u00a0 \u00a0 \u00a0 \u00a0 \u00a0 \u00a0 \u00a0 \u00a0 \u00a0 \u00a0 \u00a0 \u00a0 \u00a0 \u00a0 \u00a0 \u00a0 \u00a0 \u00a0 \u00a0 \u00a0 \u00a0 \u00a0 \u00a0 \u00a0 \u00a0 \u00a0 \u00a0 \u00a0 \u00a0 \u00a0 \u00a0 \u00a0 \u00a0 \u00a0 \u00a0 \u00a0 \u00a0 \u00a0 \u00a0 \u00a0 \u00a0 \u00a0 \u00a0 \u00a0 \u00a0 \u00a0 \u00a0 \u00a0 \u00a0 \u00a0 \u00a0 \u00a0 \u00a0 \u00a0 \u00a0 \u00a0 \u00a0 \u00a0 \u00a0 \u00a0 \u00a0 \u00a0 \u00a0 \u00a0 \u00a0 \u00a0 \u00a0 \u00a0 \u00a0 \u00a0 \u00a0 \u00a0 \u00a0 \u00a0 \u00a0 <\/strong><strong>\u00a0\u00a0<\/strong><strong>Kochani Jasnog\u00f3rscy Pielgrzymi! Umi\u0142owani Diecezjanie!<\/strong><\/p>\n<p>Przed nami kolejna, trzydziesta \u00f3sma ju\u017c Piesza Pielgrzymka Diecezji P\u0142ockiej na Jasn\u0105 G\u00f3r\u0119. Od lat, jako Biskup P\u0142ocki, obserwuj\u0119 z\u00a0bliska to niezwyk\u0142e wydarzenie. O\u015bmielam si\u0119 je nazwa\u0107 \u015awi\u0119tem M\u0142odych. Mimo, \u017ce w\u0119druj\u0105 p\u0105tnicy w\u00a0r\u00f3\u017cnym wieku, od ma\u0142ych dzieci, po ludzi starszych, to jednak najwi\u0119ksz\u0105 grup\u0119 stanowi\u0105 ludzie m\u0142odzi. Najbardziej wida\u0107 ich u\u015bmiechni\u0119te twarze, rado\u015b\u0107 i\u00a0entuzjazm. Patrz\u0105c na nich wlewa si\u0119 do serca nadzieja, ze Ko\u015bci\u00f3\u0142 P\u0142ocki jest m\u0142ody.<\/p>\n<p>W ostatnich miesi\u0105cach szczeg\u00f3lnie du\u017co uwagi po\u015bwi\u0119cane jest ludziom m\u0142odym. W\u00a0zesz\u0142ym prze\u017cywali\u015bmy Rok \u015awi\u0119tego Stanis\u0142awa Kostki, r\u00f3wnie\u017c patrona dzieci i\u00a0m\u0142odzie\u017cy. W\u00a0ka\u017cdej parafii go\u015bci\u0142y relikwie naszego \u015awi\u0119tego z\u00a0Rostkowa. Odby\u0142 si\u0119 w\u00a0naszej diecezji II Synod M\u0142odych, na kt\u00f3rym przede wszystkim ws\u0142uchiwali\u015bmy si\u0119 w\u00a0g\u0142os m\u0142odych. Powsta\u0142o przes\u0142anie z\u00a0tego Synodu, a\u00a0jednym z\u00a0widocznych znak\u00f3w troski o\u00a0m\u0142odzie\u017c, s\u0105 konfesjona\u0142y m\u0142odych, kt\u00f3re s\u0105 rozsiane po ca\u0142ej diecezji. Na jesieni 2018 r., w\u00a0Rzymie odby\u0142 si\u0119 Synod po\u015bwi\u0119cony m\u0142odzie\u017cy. Po tym wydarzeniu Papie\u017c Franciszek wyda\u0142 adhortacj\u0119 \u201eChristus vivit&#8221;, Chrystus \u017cyje, w\u00a0kt\u00f3rej daje konkretne wskazania dla m\u0142odych i\u00a0dla ca\u0142ego Ko\u015bcio\u0142a.<\/p>\n<p>W naszej diecezji bardzo nam zale\u017cy na m\u0142odzie\u017cy. Chcemy im pomaga\u0107 w\u00a0dojrzewaniu do pi\u0119knego \u017cycia chrze\u015bcija\u0144skiego. Chcemy tak\u017ce otacza\u0107 nasz\u0105 opiek\u0105 i\u00a0trosk\u0105 m\u0142odego cz\u0142owieka, \u017ceby \u017cadna krzywda mu si\u0119 nie dzia\u0142a. Dlatego cieszy ten widok wielu m\u0142odych ludzi, kt\u00f3rzy podejmuj\u0105 trud pielgrzymowania ku Czarnej Madonnie. Dlatego te\u017c Pielgrzymka jest tak wa\u017cnym wydarzeniem duszpasterskim ka\u017cdego roku. Dzi\u0119kuj\u0119 tym wszystkim, kt\u00f3rzy organizuj\u0105 i\u00a0dbaj\u0105 o\u00a0rozw\u00f3j i\u00a0dobry przebieg naszej Pielgrzymki.<\/p>\n<p>Ka\u017cdy cz\u0142owiek potrzebuje Bo\u017cej pomocy. Z\u00a0rado\u015bci\u0105 przyj\u0105\u0142em wiadomo\u015b\u0107, \u017ce tegoroczna Pielgrzymka wyruszy pod has\u0142em \u201eMocni Bo\u017cym Duchem&#8221;. Potrzeba ludzkiego wysi\u0142ku, ale na niewiele si\u0119 on zda, je\u015bli zabraknie wsparcia od Ducha \u015awi\u0119tego. Te liczne dzia\u0142ania i\u00a0inicjatywy, kt\u00f3re s\u0105 podejmowane w\u00a0naszej diecezji, potrzebuj\u0105 jeszcze wsparcia od Bo\u017cego Ducha. O\u017cywiciela i\u00a0Pocieszyciela. Potrzebujemy Jego dar\u00f3w, Jego natchnie\u0144, inspiracji i\u00a0\u015bwiat\u0142a. Przecie\u017c bez pomocy Ducha \u015awi\u0119tego nie mo\u017cemy nawet wyzna\u0107, \u017ce Jezus jest naszym Panem. Potrzebujemy tego Boskiego Nauczyciela, kt\u00f3ry nas uczy wiary, prawdy, mi\u0142o\u015bci.<\/p>\n<p>Ju\u017c dzi\u015b, modl\u0119 si\u0119 do Ducha \u015awi\u0119tego o\u00a0owocn\u0105 i\u00a0g\u0142\u0119boko prze\u017cyt\u0105 Pielgrzymk\u0119 dla ka\u017cdego p\u0105tnika. Zar\u00f3wno dla tego, kt\u00f3ry pokonuje dziesi\u0105tki kilometr\u00f3w na w\u0142asnych nogach, jak i\u00a0dla tego, kt\u00f3ry jest pielgrzymem duchowym.<\/p>\n<p>Prosz\u0119 te\u017c Was, drodzy pielgrzymi, budujcie wasz\u0105 przyja\u017a\u0144 z\u00a0Duchem \u015awi\u0119tym. Niech On wam towarzyszy ka\u017cdego dnia. W\u00a0sprawach wa\u017cnych, ale i\u00a0tych codziennych. We\u017acie z\u00a0sob\u0105 Ducha \u015awi\u0119tego, On was wszystkiego nauczy!<\/p>\n<p>Do tronu Jasnog\u00f3rskiej Pani zanie\u015bcie z\u00a0ufno\u015bci\u0105, jak do Matki, wszystkie wasze intencje, osobiste, ale tak\u017ce te dotycz\u0105ce naszej diecezji i\u00a0naszego Ko\u015bcio\u0142a. Niech wstawiennictwo b\u0142ogos\u0142awionych m\u0119czennik\u00f3w biskup\u00f3w p\u0142ockich, arcybiskupa Antoniego Nowowiejskiego i\u00a0biskupa Leona Wetma\u0144skiego, kt\u00f3rych dwudziest\u0105 rocznic\u0119 beatyfikacji obchodzimy w\u00a0tym roku, wspiera was w\u00a0pielgrzymim trudzie.<\/p>\n<p>Z serca Wam b\u0142ogos\u0142awi\u0119 i\u00a0zapewniam o\u00a0mojej modlitwie.<\/p>\n<p>P\u0142ock, dnia 24 maja 2018 r.<br \/>\nwe wspomnienie Matki Bo\u017cej Wspomo\u017cycielki Wiernych<\/p>\n<p><em>Wasz Biskup Piotr\u00a0 \u00a0 \u00a0 \u00a0 \u00a0 \u00a0 \u00a0 \u00a0 \u00a0 \u00a0 \u00a0 \u00a0 \u00a0\u00a0<\/em><\/p>\n<p>&nbsp;<\/p>\n<p>&nbsp;<\/p>\n","protected":false},"excerpt":{"rendered":"<p>S\u0142owo Biskupa P\u0142ockiego\u00a0 \u00a0 \u00a0 \u00a0 \u00a0 \u00a0 \u00a0 \u00a0 \u00a0 \u00a0 \u00a0 \u00a0 \u00a0 \u00a0 \u00a0 \u00a0 \u00a0 \u00a0 \u00a0 \u00a0 \u00a0 \u00a0 \u00a0 \u00a0 \u00a0 \u00a0 \u00a0 \u00a0 \u00a0 \u00a0 \u00a0 \u00a0 \u00a0 \u00a0 \u00a0 \u00a0 \u00a0 \u00a0 \u00a0 \u00a0 \u00a0 \u00a0 \u00a0 \u00a0 \u00a0 \u00a0 \u00a0 \u00a0 \u00a0 \u00a0 \u00a0 \u00a0 \u00a0 &hellip; <\/p>\n<p><a class=\"more-link btn\" href=\"https:\/\/parafiasmardzewo.pl\/?p=5871\">Kontynuuj czytanie<\/a><\/p>\n","protected":false},"author":2,"featured_media":5802,"comment_status":"open","ping_status":"open","sticky":false,"template":"","format":"standard","meta":[],"categories":[6],"tags":[],"_links":{"self":[{"href":"https:\/\/parafiasmardzewo.pl\/index.php?rest_route=\/wp\/v2\/posts\/5871"}],"collection":[{"href":"https:\/\/parafiasmardzewo.pl\/index.php?rest_route=\/wp\/v2\/posts"}],"about":[{"href":"https:\/\/parafiasmardzewo.pl\/index.php?rest_route=\/wp\/v2\/types\/post"}],"author":[{"embeddable":true,"href":"https:\/\/parafiasmardzewo.pl\/index.php?rest_route=\/wp\/v2\/users\/2"}],"replies":[{"embeddable":true,"href":"https:\/\/parafiasmardzewo.pl\/index.php?rest_route=%2Fwp%2Fv2%2Fcomments&post=5871"}],"version-history":[{"count":1,"href":"https:\/\/parafiasmardzewo.pl\/index.php?rest_route=\/wp\/v2\/posts\/5871\/revisions"}],"predecessor-version":[{"id":5872,"href":"https:\/\/parafiasmardzewo.pl\/index.php?rest_route=\/wp\/v2\/posts\/5871\/revisions\/5872"}],"wp:featuredmedia":[{"embeddable":true,"href":"https:\/\/parafiasmardzewo.pl\/index.php?rest_route=\/wp\/v2\/media\/5802"}],"wp:attachment":[{"href":"https:\/\/parafiasmardzewo.pl\/index.php?rest_route=%2Fwp%2Fv2%2Fmedia&parent=5871"}],"wp:term":[{"taxonomy":"category","embeddable":true,"href":"https:\/\/parafiasmardzewo.pl\/index.php?rest_route=%2Fwp%2Fv2%2Fcategories&post=5871"},{"taxonomy":"post_tag","embeddable":true,"href":"https:\/\/parafiasmardzewo.pl\/index.php?rest_route=%2Fwp%2Fv2%2Ftags&post=5871"}],"curies":[{"name":"wp","href":"https:\/\/api.w.org\/{rel}","templated":true}]}}