{"id":5941,"date":"2019-07-24T21:35:39","date_gmt":"2019-07-24T19:35:39","guid":{"rendered":"http:\/\/parafiasmardzewo.pl\/?p=5941"},"modified":"2019-07-24T21:35:39","modified_gmt":"2019-07-24T19:35:39","slug":"zaproszenie-biskupa-plockiego-na-uroczystosc-koronacji-obrazu-matki-bozej-smardzewskiej-w-smardzewie-kolo-plonska","status":"publish","type":"post","link":"https:\/\/parafiasmardzewo.pl\/?p=5941","title":{"rendered":"ZAPROSZENIE BISKUPA P\u0141OCKIEGO NA UROCZYSTO\u015a\u0106 KORONACJI OBRAZU MATKI BO\u017bEJ SMARDZEWSKIEJ W SMARDZEWIE KO\u0141O P\u0141O\u0143SKA"},"content":{"rendered":"<p><img class=\"aligncenter\" src=\"http:\/\/diecezjaplocka.pl\/InteliImage.ashx?image=\/media\/8225775\/papiez_smardzewo.jpeg&amp;width=630\" alt=\"\" \/><\/p>\n<div class=\"opis-obrazka\"><\/div>\n<div class=\"opis\">\n<h3 style=\"text-align: justify;\"><strong>Czcigodni Ksi\u0119\u017ca, Umi\u0142owani Diecezjanie,<\/strong><br \/>\nW polskiej pobo\u017cno\u015bci ludowej miesi\u0105c sierpie\u0144 kieruje nasze my\u015bli w stron\u0119 Matki Bo\u017cej. Zw\u0142aszcza Uroczysto\u015b\u0107 Wniebowzi\u0119cia Naj\u015bwi\u0119tszej Maryi Panny, kt\u00f3ra przypomina nam, \u017ce Maryja jest nie tylko nasz\u0105 Matk\u0105, ale tak\u017ce Kr\u00f3low\u0105 nieba i ziemi jest szczeg\u00f3lnie obchodzona w naszej Ojczy\u017anie. W tym roku wyj\u0105tkow\u0105 okazj\u0105 do oddania ho\u0142du Bogurodzicy we wsp\u00f3lnocie Ko\u015bcio\u0142a P\u0142ockiego b\u0119dzie uroczysta Koronacja Obrazu Matki Bo\u017cej w Smardzewie ko\u0142o P\u0142o\u0144ska.<br \/>\nW\u0142a\u015bnie w Smardzewie \u2013 w\u00f3wczas ma\u0142ej wsi nale\u017c\u0105cej do parafii Sarbiewo \u2013 ponad 300 lat temu zbudowano drewnian\u0105 kaplic\u0119, w kt\u00f3rej zosta\u0142 umieszczony cudowny wizerunek Matki Bo\u017cej Smardzewskiej (kopia wizerunku Matki Bo\u017cej Boche\u0144skiej). Od tamtego czasu smardzewianie i wierni z okolicznych miejscowo\u015bci oddawali cze\u015b\u0107 Maryi w Jej cudownym obrazie. \u015awiadcz\u0105 o tym liczne wota. Jednym z najcenniejszych jest wotum ofiarowane w pierwsz\u0105 niedziel\u0119 wrze\u015bnia 1711 r. przez Ksi\u0119dza Biskupa Ludwika Za\u0142uskiego, Ordynariusza Diecezji P\u0142ockiej, kt\u00f3ry przyby\u0142 w\u00f3wczas do Smardzewa, aby konsekrowa\u0107 ko\u015bci\u00f3\u0142. Podczas tej uroczysto\u015bci odda\u0142 w opiek\u0119 Matki Bo\u017cej Smardzewskiej i Jej Syna Diecezj\u0119 P\u0142ock\u0105, ca\u0142e Mazowsze i Rzeczpospolit\u0105. Od tamtego czasu do Smardzewskiej Pani pielgrzymowa\u0142y rzesze p\u0105tnik\u00f3w.<br \/>\nTen wyj\u0105tkowy kult Pani Smardzewskiej przetrwa\u0142 do czas\u00f3w wsp\u00f3\u0142czesnych. Dlatego 15 sierpnia 2011 r. zdecydowa\u0142em ustanowi\u0107 ko\u015bci\u00f3\u0142 w Smardzewie Diecezjalnym Sanktuarium Matki Bo\u017cej R\u00f3\u017ca\u0144cowej. Po o\u015bmiu latach od tego wydarzenia, na pro\u015bb\u0119 Ksi\u0119dza Proboszcza Henryka Dymka i zasi\u0119gni\u0119ciu opinii kompetentnych gremi\u00f3w, podj\u0105\u0142em decyzj\u0119 o koronacji obrazu Matki Bo\u017cej Smardzewskiej. Odb\u0119dzie si\u0119 ona 15 sierpnia br. w Uroczysto\u015b\u0107 Wniebowzi\u0119cia Naj\u015bwi\u0119tszej Maryi Panny. Mszy \u015bw. Koronacyjnej, kt\u00f3ra rozpocznie si\u0119 o godz. 12.00 na placu przed ko\u015bcio\u0142em przewodniczy\u0142 b\u0119dzie Jego Ekscelencja Ksi\u0105dz Arcybiskup J\u00f3zef Michalik, wieloletni Metropolita Przemyski i przewodnicz\u0105cy Konferencji Episkopatu Polski.<br \/>\nSerdecznie zapraszam na t\u0119 Uroczysto\u015b\u0107 wszystkich diecezjan: kap\u0142an\u00f3w, osoby \u017cycia konsekrowanego i wiernych \u015bwieckich, szczeg\u00f3lnie cz\u0142onk\u00f3w K\u00f3\u0142 \u017bywego R\u00f3\u017ca\u0144ca. Niech ta Koronacja b\u0119dzie okazj\u0105 do na\u015bladowania pokornej S\u0142u\u017cebnicy Pa\u0144skiej w naszym \u017cyciu codziennym. Niech stanie si\u0119 r\u00f3wnie\u017c okazj\u0105 do zawierzenia Maryi, Matce i Kr\u00f3lowej, los\u00f3w naszej Ojczyzny i Diecezji oraz wszystkich chrze\u015bcijan, zw\u0142aszcza tych, kt\u00f3rzy w r\u00f3\u017cnych cz\u0119\u015bciach \u015bwiata cierpi\u0105 prze\u015bladowanie dla Imienia Jezus.<br \/>\nPozdrawiam Was serdecznie z Eremu Kamedu\u0142\u00f3w pod Krakowem i polecam Bogu przez przyczyn\u0119 Matki Bo\u017cej Smardzewskiej.<\/h3>\n<p style=\"text-align: right;\">Krak\u00f3w, dnia 16 lipca 2019 r.<br \/>\nWspomnienie Naj\u015bwi\u0119tszej Maryi Panny z G\u00f3ry Karmel<\/p>\n<p style=\"text-align: right;\"><em>\u2020 Piotr Libera<\/em><br \/>\n<em>Biskup P\u0142ocki<\/em><\/p>\n<\/div>\n","protected":false},"excerpt":{"rendered":"<p>Czcigodni Ksi\u0119\u017ca, Umi\u0142owani Diecezjanie, W polskiej pobo\u017cno\u015bci ludowej miesi\u0105c sierpie\u0144 kieruje nasze my\u015bli w stron\u0119 Matki Bo\u017cej. Zw\u0142aszcza Uroczysto\u015b\u0107 Wniebowzi\u0119cia Naj\u015bwi\u0119tszej Maryi Panny, kt\u00f3ra przypomina nam, \u017ce Maryja jest nie tylko nasz\u0105 Matk\u0105, ale tak\u017ce Kr\u00f3low\u0105 nieba i ziemi jest szczeg\u00f3lnie obchodzona w naszej Ojczy\u017anie. W tym roku wyj\u0105tkow\u0105 okazj\u0105 do oddania ho\u0142du Bogurodzicy we &hellip; <\/p>\n<p><a class=\"more-link btn\" href=\"https:\/\/parafiasmardzewo.pl\/?p=5941\">Kontynuuj czytanie<\/a><\/p>\n","protected":false},"author":1,"featured_media":4713,"comment_status":"open","ping_status":"open","sticky":false,"template":"","format":"standard","meta":[],"categories":[6],"tags":[],"_links":{"self":[{"href":"https:\/\/parafiasmardzewo.pl\/index.php?rest_route=\/wp\/v2\/posts\/5941"}],"collection":[{"href":"https:\/\/parafiasmardzewo.pl\/index.php?rest_route=\/wp\/v2\/posts"}],"about":[{"href":"https:\/\/parafiasmardzewo.pl\/index.php?rest_route=\/wp\/v2\/types\/post"}],"author":[{"embeddable":true,"href":"https:\/\/parafiasmardzewo.pl\/index.php?rest_route=\/wp\/v2\/users\/1"}],"replies":[{"embeddable":true,"href":"https:\/\/parafiasmardzewo.pl\/index.php?rest_route=%2Fwp%2Fv2%2Fcomments&post=5941"}],"version-history":[{"count":1,"href":"https:\/\/parafiasmardzewo.pl\/index.php?rest_route=\/wp\/v2\/posts\/5941\/revisions"}],"predecessor-version":[{"id":5942,"href":"https:\/\/parafiasmardzewo.pl\/index.php?rest_route=\/wp\/v2\/posts\/5941\/revisions\/5942"}],"wp:featuredmedia":[{"embeddable":true,"href":"https:\/\/parafiasmardzewo.pl\/index.php?rest_route=\/wp\/v2\/media\/4713"}],"wp:attachment":[{"href":"https:\/\/parafiasmardzewo.pl\/index.php?rest_route=%2Fwp%2Fv2%2Fmedia&parent=5941"}],"wp:term":[{"taxonomy":"category","embeddable":true,"href":"https:\/\/parafiasmardzewo.pl\/index.php?rest_route=%2Fwp%2Fv2%2Fcategories&post=5941"},{"taxonomy":"post_tag","embeddable":true,"href":"https:\/\/parafiasmardzewo.pl\/index.php?rest_route=%2Fwp%2Fv2%2Ftags&post=5941"}],"curies":[{"name":"wp","href":"https:\/\/api.w.org\/{rel}","templated":true}]}}