{"id":5956,"date":"2019-08-02T23:26:48","date_gmt":"2019-08-02T21:26:48","guid":{"rendered":"http:\/\/parafiasmardzewo.pl\/?p=5956"},"modified":"2019-08-02T23:26:48","modified_gmt":"2019-08-02T21:26:48","slug":"program-nabozenstw-przed-koronacja","status":"publish","type":"post","link":"https:\/\/parafiasmardzewo.pl\/?p=5956","title":{"rendered":"PROGRAM NABO\u017bE\u0143STW PRZED KORONACJ\u0104"},"content":{"rendered":"<p><strong>PROGRAM NABO\u017bE\u0143STW PRZYGOTOWUJ\u0104CYCH<br \/>\nDO UROCZYSTO\u015aCI KORONACJI OBRAZU<br \/>\nMATKI BOSKIEJ SMARDZEWSKIEJ 10 \u2013 14 sierpnia 2019 roku<\/strong><\/p>\n<p><strong><u>SOBOTA &#8211; 10 sierpnia<\/u><\/strong><\/p>\n<p>19.00\u00a0\u00a0\u00a0 <strong>Msza \u015bw.,<\/strong> r\u00f3\u017caniec i Apel Jasnog\u00f3rski<br \/>\n<em>( uczestniczy par. \u015bw. Maksymiliana w P\u0142o\u0144sku)<\/em><\/p>\n<p><strong><u>NIEDZIELA- 11 sierpnia<\/u><\/strong><\/p>\n<p>9.00\u00a0\u00a0\u00a0 <strong>Msza \u015bw.<\/strong> &#8211; oprawa muzyczna &#8211; Zesp\u00f3\u0142 z M\u0142awy.<\/p>\n<p>10.45 \u00a0\u00a0 <strong>Msza \u015bw<\/strong>. &#8211; oprawa muzyczna &#8211; Zesp\u00f3\u0142 z M\u0142awy.<\/p>\n<p>16.00\u00a0\u00a0\u00a0 <strong>Msza \u015bw.<\/strong><\/p>\n<p>19.00\u00a0\u00a0\u00a0 <strong>Msza \u015bw.<\/strong> Po Mszy \u015bw. r\u00f3\u017caniec i Apel Jasnog\u00f3rski.<br \/>\n<em>\u00a0(uczestniczy par.\u00a0 Dziektarzewo i Kr\u00f3lewo).<\/em><\/p>\n<p><strong><u>PONIEDZIA\u0141EK -12 sierpnia<\/u><\/strong><\/p>\n<p>9.00\u00a0\u00a0\u00a0 <strong>Msza \u015bw.<\/strong><\/p>\n<p>19.00\u00a0\u00a0\u00a0 <strong>Msza \u015bw.,<\/strong> r\u00f3\u017caniec i Apel Jasnog\u00f3rski <em>( uczestniczy par. Baboszewo)<\/em>.<\/p>\n<p><strong><u>WTOREK \u2013 13 sierpnia<\/u><\/strong><\/p>\n<p>9.00\u00a0\u00a0\u00a0 <strong>Msza \u015bw.<\/strong><\/p>\n<p>19.00\u00a0\u00a0\u00a0 <strong>Msza \u015bw.<\/strong> &#8211; oprawa muzyczna -Zesp\u00f3\u0142 z M\u0142awy<br \/>\nr\u00f3\u017caniec, nabo\u017ce\u0144stwo fatimskie, procesja z\u00a0Naj\u015bwi\u0119tszym Sakramentem i Apel Jasnog\u00f3rski.<br \/>\n<em>( uczestniczy par. Sarbiewo).<\/em><\/p>\n<p><strong><u>\u015aRODA 14 sierpnia<\/u><\/strong><\/p>\n<p>9.00\u00a0\u00a0\u00a0 Msza \u015bw.<\/p>\n<p>19.00\u00a0\u00a0\u00a0 Msza \u015bw. &#8211; oprawa muzyczna &#8211; Zesp\u00f3\u0142 z M\u0142awy<br \/>\nr\u00f3\u017caniec i Apel Jasnog\u00f3rski <em>( uczestniczy par. Sochocin)<\/em><\/p>\n<p><strong>Kazania podczas Mszy \u015bwi\u0119tych b\u0119dzie g\u0142osi\u0142<br \/>\nks. Ryszard Kowalski, salezjanin z\u00a0Soko\u0142owa Podlaskiego diecezja Drohiczy\u0144ska.<\/strong><\/p>\n<p><strong>Spowied\u017a ka\u017cdego dnia przed i podczas nabo\u017ce\u0144stw.<\/strong><\/p>\n<p>&nbsp;<\/p>\n","protected":false},"excerpt":{"rendered":"<p>PROGRAM NABO\u017bE\u0143STW PRZYGOTOWUJ\u0104CYCH DO UROCZYSTO\u015aCI KORONACJI OBRAZU MATKI BOSKIEJ SMARDZEWSKIEJ 10 \u2013 14 sierpnia 2019 roku SOBOTA &#8211; 10 sierpnia 19.00\u00a0\u00a0\u00a0 Msza \u015bw., r\u00f3\u017caniec i Apel Jasnog\u00f3rski ( uczestniczy par. \u015bw. Maksymiliana w P\u0142o\u0144sku) NIEDZIELA- 11 sierpnia 9.00\u00a0\u00a0\u00a0 Msza \u015bw. &#8211; oprawa muzyczna &#8211; Zesp\u00f3\u0142 z M\u0142awy. 10.45 \u00a0\u00a0 Msza \u015bw. &#8211; oprawa muzyczna &#8211; &hellip; <\/p>\n<p><a class=\"more-link btn\" href=\"https:\/\/parafiasmardzewo.pl\/?p=5956\">Kontynuuj czytanie<\/a><\/p>\n","protected":false},"author":2,"featured_media":4717,"comment_status":"open","ping_status":"open","sticky":false,"template":"","format":"standard","meta":[],"categories":[1],"tags":[],"_links":{"self":[{"href":"https:\/\/parafiasmardzewo.pl\/index.php?rest_route=\/wp\/v2\/posts\/5956"}],"collection":[{"href":"https:\/\/parafiasmardzewo.pl\/index.php?rest_route=\/wp\/v2\/posts"}],"about":[{"href":"https:\/\/parafiasmardzewo.pl\/index.php?rest_route=\/wp\/v2\/types\/post"}],"author":[{"embeddable":true,"href":"https:\/\/parafiasmardzewo.pl\/index.php?rest_route=\/wp\/v2\/users\/2"}],"replies":[{"embeddable":true,"href":"https:\/\/parafiasmardzewo.pl\/index.php?rest_route=%2Fwp%2Fv2%2Fcomments&post=5956"}],"version-history":[{"count":1,"href":"https:\/\/parafiasmardzewo.pl\/index.php?rest_route=\/wp\/v2\/posts\/5956\/revisions"}],"predecessor-version":[{"id":5957,"href":"https:\/\/parafiasmardzewo.pl\/index.php?rest_route=\/wp\/v2\/posts\/5956\/revisions\/5957"}],"wp:featuredmedia":[{"embeddable":true,"href":"https:\/\/parafiasmardzewo.pl\/index.php?rest_route=\/wp\/v2\/media\/4717"}],"wp:attachment":[{"href":"https:\/\/parafiasmardzewo.pl\/index.php?rest_route=%2Fwp%2Fv2%2Fmedia&parent=5956"}],"wp:term":[{"taxonomy":"category","embeddable":true,"href":"https:\/\/parafiasmardzewo.pl\/index.php?rest_route=%2Fwp%2Fv2%2Fcategories&post=5956"},{"taxonomy":"post_tag","embeddable":true,"href":"https:\/\/parafiasmardzewo.pl\/index.php?rest_route=%2Fwp%2Fv2%2Ftags&post=5956"}],"curies":[{"name":"wp","href":"https:\/\/api.w.org\/{rel}","templated":true}]}}