{"id":5972,"date":"2019-08-12T23:28:13","date_gmt":"2019-08-12T21:28:13","guid":{"rendered":"http:\/\/parafiasmardzewo.pl\/?p=5972"},"modified":"2019-08-12T23:35:11","modified_gmt":"2019-08-12T21:35:11","slug":"slowo-biskupa-plockiego-piotra-libery-na-uroczystosc-wniebowziecia-najswietszej-maryi-panny","status":"publish","type":"post","link":"https:\/\/parafiasmardzewo.pl\/?p=5972","title":{"rendered":"S\u0141OWO BISKUPA P\u0141OCKIEGO PIOTRA LIBERY  NA UROCZYSTO\u015a\u0106 WNIEBOWZI\u0118CIA NAJ\u015aWI\u0118TSZEJ MARYI PANNY"},"content":{"rendered":"<h3 style=\"text-align: justify;\"><strong><a href=\"http:\/\/parafiasmardzewo.pl\/wp-content\/uploads\/2018\/06\/papiez6.jpg\"><img loading=\"lazy\" class=\" wp-image-4717 aligncenter\" src=\"http:\/\/parafiasmardzewo.pl\/wp-content\/uploads\/2018\/06\/papiez6.jpg\" alt=\"\" width=\"546\" height=\"364\" srcset=\"https:\/\/parafiasmardzewo.pl\/wp-content\/uploads\/2018\/06\/papiez6.jpg 1200w, https:\/\/parafiasmardzewo.pl\/wp-content\/uploads\/2018\/06\/papiez6-300x200.jpg 300w, https:\/\/parafiasmardzewo.pl\/wp-content\/uploads\/2018\/06\/papiez6-1024x682.jpg 1024w\" sizes=\"(max-width: 546px) 100vw, 546px\" \/><\/a>Kochani Diecezjanie P\u0142occy!<\/strong><\/h3>\n<h4 style=\"text-align: justify;\">\u00a0 Przesy\u0142am Wam serdeczne pozdrowienia z\u00a0klasztoru Kamedu\u0142\u00f3w na\u00a0Srebrnej G\u00f3rze wraz z\u00a0zapewnieniem o\u00a0mojej duchowej blisko\u015bci. Czyni\u0119 to w\u00a0Uroczysto\u015b\u0107 Wniebowzi\u0119cia Matki Bo\u017cej.<\/h4>\n<h4 style=\"text-align: justify;\">\u00a0 W\u00a0ten wakacyjny czas Ko\u015bci\u00f3\u0142 kieruje nasze spojrzenie ku g\u00f3rze, gdzie w\u00a0niebieskiej chwale kr\u00f3luje Maryja, Matka Jezusa i\u00a0Matka wszystkich odkupionych. Po\u00a0trudach ziemskiego pielgrzymowania \u017cyje teraz Ona w\u00a0chwale Tr\u00f3jcy Przenaj\u015bwi\u0119tszej. Nie zapomina jednak o\u00a0swych ziemskich dzieciach, wspieraj\u0105c je przed\u00a0obliczem Najwy\u017cszego Pana. Szczeg\u00f3lnymi miejscami Jej matczynego or\u0119downictwa s\u0105 sanktuaria maryjne tak licznie rozsiane po\u00a0\u015bwiecie, tak\u017ce na\u00a0naszej polskiej ziemi.<\/h4>\n<h4 style=\"text-align: justify;\">\u00a0 Dzi\u015b moja my\u015bl i\u00a0moje serce pod\u0105\u017ca do\u00a0naszego mazowieckiego Sanktuarium w\u00a0Smardzewie, gdzie od\u00a0stuleci czczony jest wizerunek Maryi Kr\u00f3lowej R\u00f3\u017ca\u0144ca \u015awi\u0119tego. Ten chwalebny wizerunek zostaje dzisiaj przyozdobiony koron\u0105 papiesk\u0105 po\u015bwi\u0119con\u0105 przez Ojca \u015awi\u0119tego Franciszka. Jest to dla nas, Umi\u0142owani Diecezjanie, motywem wielkiej rado\u015bci i\u00a0wdzi\u0119czno\u015bci wzgl\u0119dem Bo\u017cej Opatrzno\u015bci, kt\u00f3ra daje nam stale nowe znaki nadziei i\u00a0mi\u0142o\u015bci.<\/h4>\n<h4 style=\"text-align: justify;\">\u00a0 Kl\u0119kam w\u00a0duchu razem z\u00a0wszystkimi czcicielami Maryi przed\u00a0Jej Smardzewskim Obrazem i\u00a0zawierzam w\u00a0modlitwie r\u00f3\u017ca\u0144cowej Bogu przesz\u0142o\u015b\u0107, tera\u017aniejszo\u015b\u0107 i\u00a0przysz\u0142o\u015b\u0107 naszej Diecezji. \u201eB\u0105d\u017a pozdrowiona pe\u0142na \u0142aski, Pan z\u00a0Tob\u0105. M\u00f3dl si\u0119 za\u00a0nami grzesznymi teraz i\u00a0w\u00a0godzinie naszej \u015bmierci. Cho\u0107 otoczona ju\u017c majestatem Nieba, b\u0105d\u017a z\u00a0nami, Matko, w\u00a0ka\u017cdy czas, wspieraj i\u00a0ratuj nas\u201d.<\/h4>\n<h4 style=\"text-align: justify;\">\u00a0 Kochani Bracia i\u00a0Siostry, pisz\u0119 do\u00a0Was te s\u0142owa przebywaj\u0105c w\u00a0klasztorze kamedulskim pod\u00a0Krakowem, gdzie \u2013 jak wiecie \u2013 z\u00a0b\u0142ogos\u0142awie\u0144stwem Papie\u017ca Franciszka i\u00a0za\u00a0jego zgod\u0105, sp\u0119dzam sze\u015b\u0107 miesi\u0119cy na\u00a0modlitwie i\u00a0wyciszeniu. Pustelnia Srebrnej G\u00f3ry, to przestrze\u0144 naznaczona Bo\u017c\u0105 obecno\u015bci\u0105, to mury, w\u00a0kt\u00f3rych od\u00a01605 roku, rozbrzmiewa w\u00a0dzie\u0144 i\u00a0w\u00a0nocy modlitwa pustelnik\u00f3w kamedu\u0142\u00f3w. To b\u0142ogos\u0142awiona samotno\u015b\u0107, kt\u00f3ra otwiera serca na\u00a0Boga i\u00a0ludzi (b\u0142. Pawe\u0142 Giustiniani, za\u0142o\u017cyciel Kongregacji Monte Corona).<br \/>\nCzas po\u015bwi\u0119cony na\u00a0modlitw\u0119 indywidualn\u0105 i\u00a0wsp\u00f3lnotow\u0105, na\u00a0adoracj\u0119 i\u00a0medytacj\u0119 s\u0142owa Bo\u017cego, sprzyja pog\u0142\u0119bieniu \u017cycia duchowego oraz przywr\u00f3ceniu r\u00f3wnowagi mi\u0119dzy akcj\u0105 i\u00a0kontemplacj\u0105, kt\u00f3rej bardzo potrzebujemy w\u00a0czasach pe\u0142nych zam\u0119tu i\u00a0po\u015bpiechu. Dlatego d\u0142ugie godziny sp\u0119dzane w\u00a0obecno\u015bci TEGO, kt\u00f3ry jest, jak r\u00f3wnie\u017c ws\u0142uchiwanie si\u0119 w\u00a0g\u0142os Pana przemawiaj\u0105cego do\u00a0cz\u0142owieka \u2013 to dla mnie wielka \u0142aska i\u00a0wielki dar tych b\u0142ogos\u0142awionych dni. \u201eC\u00f3\u017c Ci, Jezu, damy za\u00a0Twych \u0142ask strumienie. Z\u00a0serca Ci sk\u0142adamy korne dzi\u0119kczynienie\u201d. S\u0142owa tej pie\u015bni cisn\u0105 mi si\u0119 na\u00a0usta, dziel\u0105c si\u0119 z\u00a0Wami duchowym bogactwem tego niezwyk\u0142ego etapu mojego biskupiego \u017cycia.<\/h4>\n<h4 style=\"text-align: justify;\">\u00a0 Gor\u0105co pragn\u0119, aby tak\u017ce ka\u017cda i\u00a0ka\u017cdy z\u00a0Was, Umi\u0142owani Diecezjanie, do\u015bwiadczy\u0142 w\u00a0swoim \u017cyciu blisko\u015bci Boga \u017bywego i\u00a0Jego s\u0142odkiej obecno\u015bci. Pragn\u0119 tego, poniewa\u017c \u201eniespokojne jest serce cz\u0142owieka, dop\u00f3ki nie spocznie w\u00a0Bogu\u201d (\u015bw. Augustyn).<\/h4>\n<h4 style=\"text-align: justify;\">\u00a0 Niech zatem Maryja Wniebowzi\u0119ta wyjedna nam \u0142ask\u0119 blisko\u015bci Boga i\u00a0do\u015bwiadczenia Jego mi\u0142o\u015bci. Nie przestaj\u0119 pokornie o\u00a0to prosi\u0107 dla wszystkich, kt\u00f3rzy Ko\u015bci\u00f3\u0142 P\u0142ocki stanowi\u0105. Trwaj\u0105c na\u00a0modlitwie w\u00a0ciszy kamedulskiej pustelni, polecam Ksi\u0119\u017cy Biskup\u00f3w Romana i\u00a0Miros\u0142awa, braci kap\u0142an\u00f3w, seminarium duchowne, siostry zakonne, wszystkich chorych i\u00a0ciepi\u0105cych, nasze rodziny, dzieci oraz m\u0142odzie\u017c Temu, kt\u00f3ry by\u0142, kt\u00f3ry jest i\u00a0kt\u00f3ry nieustannie przychodzi. Z\u00a0serca dzi\u0119kuj\u0119 za\u00a0Wasze modlitwy za\u00a0mnie i\u00a0prosz\u0119 o\u00a0jeszcze.<br \/>\nZosta\u0144cie z\u00a0Bogiem i\u00a0do\u00a0zobaczenia w\u00a0styczniu w\u00a0diecezji.<\/h4>\n<h5>Erem Srebrnej G\u00f3ry pod\u00a0Krakowem<br \/>\n6 sierpnia 2019 r., w\u00a0uroczysto\u015b\u0107 Przemienia Pa\u0144skiego<\/h5>\n<h5 style=\"text-align: right;\"><em>Wasz biskup Piotr<\/em><\/h5>\n<h5 style=\"text-align: justify;\">ZARZ\u0104DZENIE: S\u0142owo Biskupa P\u0142ockiego, prosz\u0119 odczyta\u0107 wiernym w\u00a0uroczysto\u015b\u0107 Wniebowzi\u0119cia NMP, w\u00a0dniu 15 sierpnia, w\u00a0ramach kazania. P\u0142ock, dnia 7 sierpnia 2019 r.<\/h5>\n<h5 style=\"text-align: right;\"><em>\u2020 Miros\u0142aw Milewski<\/em><br \/>\n<em>Wikariusz Generalny<\/em><\/h5>\n","protected":false},"excerpt":{"rendered":"<p>Kochani Diecezjanie P\u0142occy! \u00a0 Przesy\u0142am Wam serdeczne pozdrowienia z\u00a0klasztoru Kamedu\u0142\u00f3w na\u00a0Srebrnej G\u00f3rze wraz z\u00a0zapewnieniem o\u00a0mojej duchowej blisko\u015bci. Czyni\u0119 to w\u00a0Uroczysto\u015b\u0107 Wniebowzi\u0119cia Matki Bo\u017cej. \u00a0 W\u00a0ten wakacyjny czas Ko\u015bci\u00f3\u0142 kieruje nasze spojrzenie ku g\u00f3rze, gdzie w\u00a0niebieskiej chwale kr\u00f3luje Maryja, Matka Jezusa i\u00a0Matka wszystkich odkupionych. Po\u00a0trudach ziemskiego pielgrzymowania \u017cyje teraz Ona w\u00a0chwale Tr\u00f3jcy Przenaj\u015bwi\u0119tszej. Nie zapomina jednak &hellip; <\/p>\n<p><a class=\"more-link btn\" href=\"https:\/\/parafiasmardzewo.pl\/?p=5972\">Kontynuuj czytanie<\/a><\/p>\n","protected":false},"author":1,"featured_media":4856,"comment_status":"open","ping_status":"open","sticky":false,"template":"","format":"standard","meta":[],"categories":[6],"tags":[],"_links":{"self":[{"href":"https:\/\/parafiasmardzewo.pl\/index.php?rest_route=\/wp\/v2\/posts\/5972"}],"collection":[{"href":"https:\/\/parafiasmardzewo.pl\/index.php?rest_route=\/wp\/v2\/posts"}],"about":[{"href":"https:\/\/parafiasmardzewo.pl\/index.php?rest_route=\/wp\/v2\/types\/post"}],"author":[{"embeddable":true,"href":"https:\/\/parafiasmardzewo.pl\/index.php?rest_route=\/wp\/v2\/users\/1"}],"replies":[{"embeddable":true,"href":"https:\/\/parafiasmardzewo.pl\/index.php?rest_route=%2Fwp%2Fv2%2Fcomments&post=5972"}],"version-history":[{"count":4,"href":"https:\/\/parafiasmardzewo.pl\/index.php?rest_route=\/wp\/v2\/posts\/5972\/revisions"}],"predecessor-version":[{"id":5976,"href":"https:\/\/parafiasmardzewo.pl\/index.php?rest_route=\/wp\/v2\/posts\/5972\/revisions\/5976"}],"wp:featuredmedia":[{"embeddable":true,"href":"https:\/\/parafiasmardzewo.pl\/index.php?rest_route=\/wp\/v2\/media\/4856"}],"wp:attachment":[{"href":"https:\/\/parafiasmardzewo.pl\/index.php?rest_route=%2Fwp%2Fv2%2Fmedia&parent=5972"}],"wp:term":[{"taxonomy":"category","embeddable":true,"href":"https:\/\/parafiasmardzewo.pl\/index.php?rest_route=%2Fwp%2Fv2%2Fcategories&post=5972"},{"taxonomy":"post_tag","embeddable":true,"href":"https:\/\/parafiasmardzewo.pl\/index.php?rest_route=%2Fwp%2Fv2%2Ftags&post=5972"}],"curies":[{"name":"wp","href":"https:\/\/api.w.org\/{rel}","templated":true}]}}