{"id":6204,"date":"2019-09-14T20:53:49","date_gmt":"2019-09-14T18:53:49","guid":{"rendered":"http:\/\/parafiasmardzewo.pl\/?p=6204"},"modified":"2019-09-14T20:53:49","modified_gmt":"2019-09-14T18:53:49","slug":"list-pasterski-episkopatu-polski-z-okazji-tygodnia-wychowania-15-21-ix-19","status":"publish","type":"post","link":"https:\/\/parafiasmardzewo.pl\/?p=6204","title":{"rendered":"LIST PASTERSKI EPISKOPATU POLSKI Z OKAZJI TYGODNIA WYCHOWANIA 15 -21 IX 19"},"content":{"rendered":"<p><em>\u201eZamieszka\u0107 razem z Jezusem\u201d<\/em><\/p>\n<p><strong>Umi\u0142owani w Chrystusie Panu, Siostry i Bracia,<\/strong><\/p>\n<p>Ju\u017c po raz dziewi\u0105ty prze\u017cywamy w naszej Ojczy\u017anie Tydzie\u0144 Wychowania. W tym roku chcemy przy\u0142\u0105czy\u0107 si\u0119 do pierwszych uczni\u00f3w Jezusa i wraz z nimi zada\u0107 naszemu Mistrzowi pytanie: <strong>\u201eNauczycielu, gdzie mieszkasz?\u201d<\/strong> . Czynimy to w pierwszych dniach wrze\u015bnia, w osiemdziesi\u0105t\u0105 rocznic\u0119 wybuchu II wojny \u015bwiatowej, kt\u00f3ra by\u0142a jednym z najtragiczniejszych rozdzia\u0142\u00f3w w historii \u015bwiata. Trzeba jednak pami\u0119ta\u0107, \u017ce czas wojny pokaza\u0142 r\u00f3wnie\u017c, do jakich zwyci\u0119stw zdolny jest cz\u0142owiek. Stu o\u015bmiu m\u0119czennik\u00f3w tego okresu wyniesionych na o\u0142tarze to tylko cz\u0105stka olbrzymiej liczby os\u00f3b, kt\u00f3re ponios\u0142y m\u0119cze\u0144sk\u0105 \u015bmier\u0107, daj\u0105c \u015bwiadectwo wiary i wielko\u015bci cz\u0142owiecze\u0144stwa. By\u0142a w\u015br\u00f3d nich mi\u0119dzy innymi nauczycielka, b\u0142. Natalia Tu\u0142asiewicz, nale\u017c\u0105ca do licznej grupy pedagog\u00f3w i wychowawc\u00f3w, ofiar II wojny \u015bwiatowej.<\/p>\n<p>1.<strong>Dom rodzinny \u2013 miejscem kszta\u0142towania wi\u0119zi.<\/strong> Odpowiadaj\u0105c na pytanie uczni\u00f3w, Jezus nie informuje ich, gdzie mieszka, ale chce nawi\u0105za\u0107 z nimi relacj\u0119. M\u00f3wi: <strong>\u201eChod\u017acie, a zobaczycie\u201d.<\/strong> \u00a0Dalej dowiadujemy si\u0119, \u017ce uczniowie <strong>\u201eposzli i zobaczyli, gdzie mieszka, i tego dnia pozostali u Niego\u201d<\/strong> . To pierwsze spotkanie musia\u0142o by\u0107 dla nich rzeczywi\u015bcie wa\u017cne, skoro zapami\u0119tali, <strong>\u017ce \u201eby\u0142o to oko\u0142o godziny dziesi\u0105tej\u201d<\/strong>.\u00a0 Jeste\u015bmy \u015bwiadkami pocz\u0105tku wsp\u00f3lnej drogi Nauczyciela z uczniami. Jezus pozwoli\u0142 im by\u0107 ze sob\u0105. Bycie razem i rozwijanie wzajemnych wi\u0119zi ma zawsze podstawowe znaczenie w procesie wychowania. Szczeg\u00f3lnie istotna jest relacja pomi\u0119dzy dzieckiem a jego pierwszymi i najwa\u017cniejszymi wychowawcami, kt\u00f3rymi s\u0105 rodzice. Brak\u00f3w w tej relacji \u2013 zw\u0142aszcza w pierwszej fazie \u017cycia dziecka \u2013 nie da si\u0119 ca\u0142kowicie naprawi\u0107. Relacja z rodzicami jest dla dziecka \u017ar\u00f3d\u0142em zaspokojenia najwa\u017cniejszej potrzeby \u2013 poczucia bezpiecze\u0144stwa i zaufania, warunkuj\u0105cej jego prawid\u0142owy rozw\u00f3j w dalszych latach \u017cycia. Dom w znaczeniu wychowawczym to nie budynek, lecz \u017cywe wi\u0119zi pomi\u0119dzy cz\u0142onkami rodziny. Pisze o tym papie\u017c Franciszek w Adhortacji <strong>Christus vivit,<\/strong> podsumowuj\u0105cej XV Zwyczajne Zgromadzenie Og\u00f3lne Synodu Biskup\u00f3w pod has\u0142em M\u0142odzi, wiara i rozeznawanie powo\u0142ania<strong>: \u201eTworzenie domu to ostatecznie tworzenie rodziny (\u2026) Tworzenie silnych wi\u0119zi wymaga zaufania, kt\u00f3re codziennie karmi si\u0119 cierpliwo\u015bci\u0105 i przebaczeniem\u201d.\u00a0 <\/strong>Zaniedbania w kszta\u0142towaniu wi\u0119zi rodzinnych w dzieci\u0144stwie mog\u0105 wywo\u0142a\u0107 w \u017cyciu dojrza\u0142ego cz\u0142owieka o wiele gro\u017aniejsze skutki ni\u017c trudne do\u015bwiadczenia wynikaj\u0105ce chocia\u017cby z brak\u00f3w materialnych. Przyk\u0142adem mog\u0105 tu by\u0107 dramatyczne historie rodzin, kt\u00f3re w wyniku II wojny \u015bwiatowej traci\u0142y niekiedy ca\u0142y dobytek, a mimo to potrafi\u0142y uchroni\u0107 dzieci przed zgubnymi duchowymi i psychicznymi skutkami doznanego z\u0142a. Wojenne do\u015bwiadczenia nie pozbawi\u0142y ich bowiem tego, co najwa\u017cniejsze \u2013 wi\u0119zi opartej na prawdziwej mi\u0142o\u015bci. Maj\u0105tek mo\u017cna odzyska\u0107, ale wewn\u0119trzne rany spowodowane brakiem mi\u0142o\u015bci goj\u0105 si\u0119 bardzo d\u0142ugo. Jak\u017ce istotne dla \u017cycia rodziny jest to, by by\u0107 razem, wspiera\u0107 si\u0119, szczerze ze sob\u0105 rozmawia\u0107, wsp\u00f3lnie prze\u017cywa\u0107 rado\u015b\u0107 niedziel i dni \u015bwi\u0105tecznych, spo\u017cywa\u0107 posi\u0142ki, sp\u0119dza\u0107 razem czas wolny. Te proste, zdawa\u0142oby si\u0119, \u015brodki budowania wzajemnych relacji wymagaj\u0105 dzi\u015b ponownego odkrycia.<\/p>\n<ol start=\"2\">\n<li><strong>Uwierzy\u0107, \u017ce B\u00f3g nas kocha.<\/strong> Uczniowie, kt\u00f3rzy poszli za Jezusem, by <strong>\u201ezobaczy\u0107, gdzie mieszka\u201d, \u201etego dnia pozostali u Niego\u201d<\/strong> . Tak rozpocz\u0105\u0142 si\u0119 dla nich czas wsp\u00f3lnego przebywania z Jezusem. Zanim wyruszyli, by g\u0142osi\u0107 Ewangeli\u0119 i prowadzi\u0107 dzia\u0142alno\u015b\u0107 apostolsk\u0105, mi\u0119dzy nimi a Mistrzem zawi\u0105za\u0142a si\u0119 prawdziwa przyja\u017a\u0144. Dzi\u0119ki tej relacji, gdy nadszed\u0142 czas prze\u015bladowania, zachowali si\u0142\u0119 i odwag\u0119. Do\u015bwiadczenie towarzyszenia Jezusowi musia\u0142o dokona\u0107 w uczniach naprawd\u0119 g\u0142\u0119bokiej przemiany, skoro w obliczu zagro\u017cenia, gdy zakazywano im przemawiania w imi\u0119 Jezusa, odpowiadali z przekonaniem<strong>: \u201enie mo\u017cemy nie m\u00f3wi\u0107 tego, co\u015bmy widzieli i s\u0142yszeli\u201d<\/strong> .\u00a0 \u0179r\u00f3d\u0142em si\u0142y we wszystkich sytuacjach \u017cyciowych jest do\u015bwiadczenie bezwarunkowej mi\u0142o\u015bci Boga. Ju\u017c od pierwszych chwil w \u015bwiadomo\u015bci cz\u0142owieka kszta\u0142tuje si\u0119 obraz Boga, maj\u0105cy kluczowe znaczenie dla ca\u0142ego procesu rozwoju wiary. Najpierw tworzy go atmosfera \u017cycia rodzinnego \u2013 mi\u0142o\u015b\u0107 rodzic\u00f3w, towarzyszenie dziecku, rodzicielskie gesty i wypowiadane s\u0142owa, a p\u00f3\u017aniej rozmowy i stopniowe wprowadzanie w \u017cycie modlitwy.<\/li>\n<\/ol>\n<p><strong>Drodzy Rodzice!<\/strong>\u00a0 Starajcie si\u0119 korzysta\u0107 z wszelkich mo\u017cliwych \u015brodk\u00f3w, by pom\u00f3c swoim dzieciom odkry\u0107 blisko\u015b\u0107 Boga. Niech Wasze s\u0142owa i czyny potwierdzaj\u0105 to, co o mi\u0142o\u015bci Bo\u017cej pisze papie\u017c Franciszek: <strong>\u201eDla Niego [dla Boga] jeste\u015b naprawd\u0119 cenny, nie jeste\u015b nieznacz\u0105cy, jeste\u015b dla Niego wa\u017cny\u2026\u201d<\/strong><\/p>\n<ol start=\"3\">\n<li>Zaufa\u0107 Jezusowi\u00a0My wszyscy \u2013 rodzice jako najwa\u017cniejsi \u015bwiadkowie wiary, duszpasterze i katecheci \u2013 jeste\u015bmy odpowiedzialni przed Bogiem za rozw\u00f3j wiary dzieci i m\u0142odzie\u017cy. Dlatego powinni\u015bmy pami\u0119ta\u0107 o naszym podstawowym zadaniu, jakim jest g\u0142oszenie prawdy, \u017ce Jezus jest jedynym Panem i Zbawicielem cz\u0142owieka.<\/li>\n<\/ol>\n<p>Czy jestem \u015bwiadkiem Jezusa wobec tych, do kt\u00f3rych zosta\u0142em pos\u0142any? Czy je\u015bli jako rodzic, nauczyciel wychowawca, ksi\u0105dz, katecheta zostan\u0119 zapytany przez wychowank\u00f3w o moje \u017cycie, b\u0119d\u0119 mia\u0142 odwag\u0119 powiedzie\u0107 im to, co powiedzia\u0142 Jezus: <strong>\u201eChod\u017acie a zobaczycie\u201d?<\/strong><\/p>\n<ol start=\"4\">\n<li><strong>Nasze zadanie.<\/strong> Dzi\u0119kujmy dobremu Bogu za to, \u017ce prze\u017cywaj\u0105c osiemdziesi\u0105t\u0105 rocznic\u0119 wybuchu II wojny \u015bwiatowej, cieszymy si\u0119 darem pokoju. Co zrobi\u0107, by ten pok\u00f3j by\u0142 trwa\u0142y, by widmo konflikt\u00f3w i wojen sta\u0142o si\u0119 bardziej odleg\u0142e? Warto skorzysta\u0107 z porady kogo\u015b, kto prze\u017cy\u0142 gehenn\u0119 wojny, naocznego \u015bwiadka tamtych wydarze\u0144. Zofia Kossak, polska pisarka &#8211; autorka powie\u015bci historycznych, w czasie II wojny \u015bwiatowej by\u0142a wi\u0119\u017aniark\u0105 obozu koncentracyjnego Auschwitz-Birkenau. Tragiczne do\u015bwiadczenia obozowe znalaz\u0142y wyraz w jej ksi\u0105\u017cce pod tytu\u0142em <strong><em>Z otch\u0142ani<\/em><\/strong>. Pod koniec ostatniego rozdzia\u0142u <strong>Zofia Kossak<\/strong> kieruje do czytelnik\u00f3w apel: <strong>\u201eWychowa\u0107 inaczej ludzi! Dotykamy sedna sprawy, celu w\u0142a\u015bciwego tej ksi\u0105\u017cki. Czytelniku! Za to, \u017ce B\u00f3g ci\u0119 zachowa\u0142 (\u2026) musisz si\u0119 do tego dzie\u0142a przy\u0142o\u017cy\u0107 (\u2026). Jest to obowi\u0105zkiem tych, kt\u00f3rzy prze\u017cyli wzgl\u0119dem tych, kt\u00f3rzy pomarli. Jest to obowi\u0105zkiem dzisiejszego pokolenia w stosunku do pokole\u0144, kt\u00f3re nadej\u015b\u0107 maj\u0105 i kt\u00f3re trzeba uchroni\u0107 od mo\u017cliwo\u015bci nawrotu ofensywy piek\u0142a. Nie tra\u0107my czasu!\u201d<\/strong><\/li>\n<\/ol>\n<p>Zach\u0119camy wszystkich do g\u0142\u0119bokiego i tw\u00f3rczego prze\u017cycia IX Tygodnia Wychowania. Osobom zaanga\u017cowanym w proces formacji dzieci i m\u0142odzie\u017cy: Rodzicom, Nauczycielom, Duszpasterzom i Katechetom, na rozpoczynaj\u0105cy si\u0119 rok szkolny i katechetyczny 2019\/2020, z serca b\u0142ogos\u0142awimy i dzi\u0119kujemy za wype\u0142nianie trudnej, ale jak\u017ce pi\u0119knej misji. Dzi\u0119kujemy za ka\u017cde \u015bwiadczone dobro.<\/p>\n<p>Podpisali: Kardyna\u0142owie, Arcybiskupi i Biskupi<br \/>\nObecni na 383. Zebraniu Plenarnym Konferencji Episkopatu Polski<br \/>\nWa\u0142brzych &#8211; \u015awidnica, 13-14 czerwca 2019 r.<\/p>\n<p>&nbsp;<\/p>\n","protected":false},"excerpt":{"rendered":"<p>\u201eZamieszka\u0107 razem z Jezusem\u201d Umi\u0142owani w Chrystusie Panu, Siostry i Bracia, Ju\u017c po raz dziewi\u0105ty prze\u017cywamy w naszej Ojczy\u017anie Tydzie\u0144 Wychowania. W tym roku chcemy przy\u0142\u0105czy\u0107 si\u0119 do pierwszych uczni\u00f3w Jezusa i wraz z nimi zada\u0107 naszemu Mistrzowi pytanie: \u201eNauczycielu, gdzie mieszkasz?\u201d . Czynimy to w pierwszych dniach wrze\u015bnia, w osiemdziesi\u0105t\u0105 rocznic\u0119 wybuchu II wojny &hellip; <\/p>\n<p><a class=\"more-link btn\" href=\"https:\/\/parafiasmardzewo.pl\/?p=6204\">Kontynuuj czytanie<\/a><\/p>\n","protected":false},"author":2,"featured_media":0,"comment_status":"open","ping_status":"open","sticky":false,"template":"","format":"standard","meta":[],"categories":[6,1],"tags":[],"_links":{"self":[{"href":"https:\/\/parafiasmardzewo.pl\/index.php?rest_route=\/wp\/v2\/posts\/6204"}],"collection":[{"href":"https:\/\/parafiasmardzewo.pl\/index.php?rest_route=\/wp\/v2\/posts"}],"about":[{"href":"https:\/\/parafiasmardzewo.pl\/index.php?rest_route=\/wp\/v2\/types\/post"}],"author":[{"embeddable":true,"href":"https:\/\/parafiasmardzewo.pl\/index.php?rest_route=\/wp\/v2\/users\/2"}],"replies":[{"embeddable":true,"href":"https:\/\/parafiasmardzewo.pl\/index.php?rest_route=%2Fwp%2Fv2%2Fcomments&post=6204"}],"version-history":[{"count":1,"href":"https:\/\/parafiasmardzewo.pl\/index.php?rest_route=\/wp\/v2\/posts\/6204\/revisions"}],"predecessor-version":[{"id":6205,"href":"https:\/\/parafiasmardzewo.pl\/index.php?rest_route=\/wp\/v2\/posts\/6204\/revisions\/6205"}],"wp:attachment":[{"href":"https:\/\/parafiasmardzewo.pl\/index.php?rest_route=%2Fwp%2Fv2%2Fmedia&parent=6204"}],"wp:term":[{"taxonomy":"category","embeddable":true,"href":"https:\/\/parafiasmardzewo.pl\/index.php?rest_route=%2Fwp%2Fv2%2Fcategories&post=6204"},{"taxonomy":"post_tag","embeddable":true,"href":"https:\/\/parafiasmardzewo.pl\/index.php?rest_route=%2Fwp%2Fv2%2Ftags&post=6204"}],"curies":[{"name":"wp","href":"https:\/\/api.w.org\/{rel}","templated":true}]}}