{"id":6278,"date":"2019-11-30T18:20:05","date_gmt":"2019-11-30T17:20:05","guid":{"rendered":"http:\/\/parafiasmardzewo.pl\/?p=6278"},"modified":"2019-11-30T18:20:05","modified_gmt":"2019-11-30T17:20:05","slug":"program-rekolekcji-adwentowych-6-8-grudnia-2019-roku","status":"publish","type":"post","link":"https:\/\/parafiasmardzewo.pl\/?p=6278","title":{"rendered":"PROGRAM REKOLEKCJI ADWENTOWYCH 6 &#8211; 8 grudnia 2019 roku"},"content":{"rendered":"<p><strong>Pi\u0105tek<\/strong> \u2013 <em>Dzie\u0144 Eucharystyczny<\/em><\/p>\n<p>09.00 \u2013 Wystawienie Naj\u015bwi\u0119tszego Sakramentu \u2013 adoracja<\/p>\n<p>09.30 \u2013 Msza \u015bw. z kazaniem<\/p>\n<p>12.00- Msza \u015bw. z udzia\u0142em dzieci<\/p>\n<p>16.30 &#8211; Wystawienie Naj\u015bwi\u0119tszego Sakramentu \u2013 adoracja<\/p>\n<p>17.00 &#8211; Msza \u015bw. z kazaniem<\/p>\n<p><strong>Sobota<\/strong> \u2013 <em>dzie\u0144 po\u015bwi\u0119cony Naj\u015bwi\u0119tszej Maryi Panie<\/em><\/p>\n<p>09.00 &#8211; Godzinki<\/p>\n<p>09.30 &#8211; Msza \u015bw. z kazaniem<\/p>\n<p>12.00 &#8211; Msza \u015bw. z udzia\u0142em dzieci<\/p>\n<p>16.30 &#8211; R\u00f3\u017caniec<\/p>\n<p>17.00 &#8211; Msza \u015bw. z kazaniem<\/p>\n<p><strong>Niedziela<\/strong><\/p>\n<p>09.00 &#8211; Msza \u015bw. z kazaniem<\/p>\n<p>10.45 &#8211; Msza \u015bw. z kazaniem<\/p>\n<p>16.00 \u2013 Msza \u015bw. z kazaniem<\/p>\n<p>&nbsp;<\/p>\n<p><em>Spowied\u017a w pi\u0105tek i sobot\u0119 p\u00f3\u0142 godziny przed ka\u017cd\u0105 Msz\u0105 \u015bw<\/em><em>. <strong>Wyjazd do chorych w sobot\u0119 od godz. 14.00<\/strong><\/em><\/p>\n<p>&nbsp;<\/p>\n","protected":false},"excerpt":{"rendered":"<p>Pi\u0105tek \u2013 Dzie\u0144 Eucharystyczny 09.00 \u2013 Wystawienie Naj\u015bwi\u0119tszego Sakramentu \u2013 adoracja 09.30 \u2013 Msza \u015bw. z kazaniem 12.00- Msza \u015bw. z udzia\u0142em dzieci 16.30 &#8211; Wystawienie Naj\u015bwi\u0119tszego Sakramentu \u2013 adoracja 17.00 &#8211; Msza \u015bw. z kazaniem Sobota \u2013 dzie\u0144 po\u015bwi\u0119cony Naj\u015bwi\u0119tszej Maryi Panie 09.00 &#8211; Godzinki 09.30 &#8211; Msza \u015bw. z kazaniem 12.00 &#8211; Msza &hellip; <\/p>\n<p><a class=\"more-link btn\" href=\"https:\/\/parafiasmardzewo.pl\/?p=6278\">Kontynuuj czytanie<\/a><\/p>\n","protected":false},"author":2,"featured_media":2957,"comment_status":"open","ping_status":"open","sticky":false,"template":"","format":"standard","meta":[],"categories":[6],"tags":[],"_links":{"self":[{"href":"https:\/\/parafiasmardzewo.pl\/index.php?rest_route=\/wp\/v2\/posts\/6278"}],"collection":[{"href":"https:\/\/parafiasmardzewo.pl\/index.php?rest_route=\/wp\/v2\/posts"}],"about":[{"href":"https:\/\/parafiasmardzewo.pl\/index.php?rest_route=\/wp\/v2\/types\/post"}],"author":[{"embeddable":true,"href":"https:\/\/parafiasmardzewo.pl\/index.php?rest_route=\/wp\/v2\/users\/2"}],"replies":[{"embeddable":true,"href":"https:\/\/parafiasmardzewo.pl\/index.php?rest_route=%2Fwp%2Fv2%2Fcomments&post=6278"}],"version-history":[{"count":1,"href":"https:\/\/parafiasmardzewo.pl\/index.php?rest_route=\/wp\/v2\/posts\/6278\/revisions"}],"predecessor-version":[{"id":6279,"href":"https:\/\/parafiasmardzewo.pl\/index.php?rest_route=\/wp\/v2\/posts\/6278\/revisions\/6279"}],"wp:featuredmedia":[{"embeddable":true,"href":"https:\/\/parafiasmardzewo.pl\/index.php?rest_route=\/wp\/v2\/media\/2957"}],"wp:attachment":[{"href":"https:\/\/parafiasmardzewo.pl\/index.php?rest_route=%2Fwp%2Fv2%2Fmedia&parent=6278"}],"wp:term":[{"taxonomy":"category","embeddable":true,"href":"https:\/\/parafiasmardzewo.pl\/index.php?rest_route=%2Fwp%2Fv2%2Fcategories&post=6278"},{"taxonomy":"post_tag","embeddable":true,"href":"https:\/\/parafiasmardzewo.pl\/index.php?rest_route=%2Fwp%2Fv2%2Ftags&post=6278"}],"curies":[{"name":"wp","href":"https:\/\/api.w.org\/{rel}","templated":true}]}}