{"id":6350,"date":"2020-02-15T17:27:31","date_gmt":"2020-02-15T16:27:31","guid":{"rendered":"http:\/\/parafiasmardzewo.pl\/?p=6350"},"modified":"2020-02-15T17:27:31","modified_gmt":"2020-02-15T16:27:31","slug":"89-rocznica-objawienia-jezusa-milosiernego-w-plocku","status":"publish","type":"post","link":"https:\/\/parafiasmardzewo.pl\/?p=6350","title":{"rendered":"89. rocznica Objawienia Jezusa Mi\u0142osiernego w P\u0142ocku"},"content":{"rendered":"<p><strong>KOMUNIKAT REKTORA DIECEZJALNEGO SANKTUARIUM \u00a0\u00a0\u00a0\u00a0\u00a0\u00a0\u00a0\u00a0\u00a0\u00a0\u00a0\u00a0\u00a0\u00a0\u00a0\u00a0\u00a0\u00a0\u00a0\u00a0\u00a0\u00a0\u00a0\u00a0\u00a0\u00a0\u00a0\u00a0\u00a0\u00a0\u00a0\u00a0\u00a0\u00a0\u00a0\u00a0\u00a0\u00a0<\/strong><\/p>\n<p><strong>\u00a0\u00a0\u00a0\u00a0\u00a0\u00a0\u00a0\u00a0\u00a0\u00a0\u00a0\u00a0\u00a0\u00a0\u00a0\u00a0 BO\u017bEGO \u00a0\u00a0MI\u0141OSIERDZIA W P\u0141OCKU<\/strong><\/p>\n<p>W bie\u017c\u0105cym roku przypada 90 &#8211; lecie przybycia siostry Faustyny Kowalskiej do klasztoru Si\u00f3str Matki Bo\u017cej Mi\u0142osierdzia w P\u0142ocku i 89. rocznica pierwszego Objawienia Jezusa Mi\u0142osiernego. Dnia 22 lutego 1931 roku w P\u0142ocku, siostrze Faustynie objawi\u0142 si\u0119 Jezus i poprosi\u0142 o namalowanie obrazu wed\u0142ug otrzymanej wizji.<br \/>\nW sobot\u0119, 22 lutego b.r. o godzinie 12.00, po raz pierwszy pielgrzymi z r\u00f3\u017cnych stron Polski zgromadz\u0105 si\u0119 w nowobudowanej \u015bwi\u0105tyni na wsp\u00f3lnej Mszy \u015awi\u0119tej celebrowanej przez Biskupa P\u0142ockiego Piotra Liber\u0119, a o godzinie 15.00 zostanie odm\u00f3wiona Koronka do Bo\u017cego Mi\u0142osierdzia.<br \/>\nSerdecznie zapraszamy wszystkich Czcicieli Bo\u017cego Mi\u0142osierdzia do wzi\u0119cia udzia\u0142u w uroczysto\u015bciach w miejscu pierwszego objawienia Jezusa Mi\u0142osiernego oraz do nawiedzenia naszego Sanktuarium. Zgromadzeni w tym szczeg\u00f3lnym miejscu, wo\u0142ajmy razem ze \u015bw. Siostr\u0105 Faustyn\u0105: \u201eJezu, ufamy Tobie!\u201d.<br \/>\nP\u0142ock, 7 lutego 2020 r.<\/p>\n<p><em>Ks. Tomasz Brzezi\u0144ski, Rektor Sanktuarium Mi\u0142osierdzia Bo\u017cego w P\u0142ocku<\/em><br \/>\n<em>i Siostry ze Zgromadzenia Matki Bo\u017cej Mi\u0142osierdzia w P\u0142ocku<\/em><\/p>\n<p><strong>ZARZ\u0104DZENIE<\/strong>: Powy\u017csze zaproszenie prosz\u0119 odczyta\u0107 wiernym w niedziel\u0119, 16 lutego 2020 r., podczas wszystkich Mszy \u015bw., w ramach og\u0142osze\u0144 parafialnych.<br \/>\nP\u0142ock, dnia 11 lutego 2020 r.<\/p>\n<p><em>\u2020 Miros\u0142aw Milewski<\/em><br \/>\n<em>Wikariusz Generalny<\/em><\/p>\n<p>&nbsp;<\/p>\n","protected":false},"excerpt":{"rendered":"<p>KOMUNIKAT REKTORA DIECEZJALNEGO SANKTUARIUM \u00a0\u00a0\u00a0\u00a0\u00a0\u00a0\u00a0\u00a0\u00a0\u00a0\u00a0\u00a0\u00a0\u00a0\u00a0\u00a0\u00a0\u00a0\u00a0\u00a0\u00a0\u00a0\u00a0\u00a0\u00a0\u00a0\u00a0\u00a0\u00a0\u00a0\u00a0\u00a0\u00a0\u00a0\u00a0\u00a0\u00a0\u00a0 \u00a0\u00a0\u00a0\u00a0\u00a0\u00a0\u00a0\u00a0\u00a0\u00a0\u00a0\u00a0\u00a0\u00a0\u00a0\u00a0 BO\u017bEGO \u00a0\u00a0MI\u0141OSIERDZIA W P\u0141OCKU W bie\u017c\u0105cym roku przypada 90 &#8211; lecie przybycia siostry Faustyny Kowalskiej do klasztoru Si\u00f3str Matki Bo\u017cej Mi\u0142osierdzia w P\u0142ocku i 89. rocznica pierwszego Objawienia Jezusa Mi\u0142osiernego. Dnia 22 lutego 1931 roku w P\u0142ocku, siostrze Faustynie objawi\u0142 si\u0119 Jezus i poprosi\u0142 o namalowanie obrazu wed\u0142ug otrzymanej &hellip; <\/p>\n<p><a class=\"more-link btn\" href=\"https:\/\/parafiasmardzewo.pl\/?p=6350\">Kontynuuj czytanie<\/a><\/p>\n","protected":false},"author":2,"featured_media":3476,"comment_status":"open","ping_status":"open","sticky":false,"template":"","format":"standard","meta":[],"categories":[6],"tags":[],"_links":{"self":[{"href":"https:\/\/parafiasmardzewo.pl\/index.php?rest_route=\/wp\/v2\/posts\/6350"}],"collection":[{"href":"https:\/\/parafiasmardzewo.pl\/index.php?rest_route=\/wp\/v2\/posts"}],"about":[{"href":"https:\/\/parafiasmardzewo.pl\/index.php?rest_route=\/wp\/v2\/types\/post"}],"author":[{"embeddable":true,"href":"https:\/\/parafiasmardzewo.pl\/index.php?rest_route=\/wp\/v2\/users\/2"}],"replies":[{"embeddable":true,"href":"https:\/\/parafiasmardzewo.pl\/index.php?rest_route=%2Fwp%2Fv2%2Fcomments&post=6350"}],"version-history":[{"count":1,"href":"https:\/\/parafiasmardzewo.pl\/index.php?rest_route=\/wp\/v2\/posts\/6350\/revisions"}],"predecessor-version":[{"id":6351,"href":"https:\/\/parafiasmardzewo.pl\/index.php?rest_route=\/wp\/v2\/posts\/6350\/revisions\/6351"}],"wp:featuredmedia":[{"embeddable":true,"href":"https:\/\/parafiasmardzewo.pl\/index.php?rest_route=\/wp\/v2\/media\/3476"}],"wp:attachment":[{"href":"https:\/\/parafiasmardzewo.pl\/index.php?rest_route=%2Fwp%2Fv2%2Fmedia&parent=6350"}],"wp:term":[{"taxonomy":"category","embeddable":true,"href":"https:\/\/parafiasmardzewo.pl\/index.php?rest_route=%2Fwp%2Fv2%2Fcategories&post=6350"},{"taxonomy":"post_tag","embeddable":true,"href":"https:\/\/parafiasmardzewo.pl\/index.php?rest_route=%2Fwp%2Fv2%2Ftags&post=6350"}],"curies":[{"name":"wp","href":"https:\/\/api.w.org\/{rel}","templated":true}]}}